{"id":152150,"date":"2021-08-24T07:00:23","date_gmt":"2021-08-24T10:00:23","guid":{"rendered":"https:\/\/espacoecologico.com.br\/arquivo\/?p=152150"},"modified":"2021-08-23T18:32:26","modified_gmt":"2021-08-23T21:32:26","slug":"plastisferio-ecossistema-sintetico-esta-em-evolucao-no-pacifico","status":"publish","type":"post","link":"https:\/\/espacoecologico.com.br\/arquivo\/plastisferio-ecossistema-sintetico-esta-em-evolucao-no-pacifico\/","title":{"rendered":"Plastisf\u00e9rio: ecossistema sint\u00e9tico est\u00e1 em evolu\u00e7\u00e3o no Pac\u00edfico"},"content":{"rendered":"<p><a href=\"https:\/\/espacoecologico.com.br\/arquivo\/?attachment_id=152151\" rel=\"attachment wp-att-152151\"><img loading=\"lazy\" class=\"alignleft size-medium wp-image-152151\" src=\"https:\/\/espacoecologico.com.br\/arquivo\/wp-content\/uploads\/2021\/08\/poluicao-300x192.jpg\" alt=\"\" width=\"300\" height=\"192\" srcset=\"https:\/\/espacoecologico.com.br\/arquivo\/wp-content\/uploads\/2021\/08\/poluicao-300x192.jpg 300w, https:\/\/espacoecologico.com.br\/arquivo\/wp-content\/uploads\/2021\/08\/poluicao.jpg 415w\" sizes=\"(max-width: 300px) 100vw, 300px\" \/><\/a>O pl\u00e1stico oce\u00e2nico criou um lar \u00fanico para organismos especializados, desde animais que viajam nele at\u00e9 bact\u00e9rias que o \u201ccomem\u201d.<\/p>\n<p>Garrafas pl\u00e1sticas dominam os res\u00edduos no oceano, com uma estimativa de 1 milh\u00e3o delas chegando ao mar a cada minuto. O maior culpado s\u00e3o as garrafas de polietileno tereftalato (Pet).<\/p>\n<p>No m\u00eas passado, um estudo encontrou duas bact\u00e9rias capazes de quebrar as garrafas de Pet \u2013 ou, como dizem as manchetes, \u201ccomer pl\u00e1stico\u201d. Conhecidas como\u00a0<em>Thioclava sp.<\/em>\u00a0BHET1 e\u00a0<em>Bacillus sp.<\/em>\u00a0BHET2, as bact\u00e9rias foram isoladas em um laborat\u00f3rio \u2013 mas foram descobertas no oceano.<\/p>\n<p>As bact\u00e9rias s\u00e3o o mais recente exemplo de novos organismos que parecem estar crescendo em um ambiente \u00fanico: as vastas quantidades de pl\u00e1stico no mar.<\/p>\n<p>Como a atmosfera, a magnetosfera e a hidrosfera, o plastisf\u00e9rio \u00e9 uma regi\u00e3o. Mas \u00e9 tamb\u00e9m um ecossistema, como a estepe siberiana ou os recifes de corais \u2013 um ambiente marinho plastificado. A concentra\u00e7\u00e3o mais conhecida de res\u00edduos pl\u00e1sticos do mar \u00e9 a mancha de lixo do Grande Pac\u00edfico, uma esp\u00e9cie de sopa de pl\u00e1stico espalhada por uma \u00e1rea com aproximadamente o dobro do tamanho da Fran\u00e7a, mas o pl\u00e1stico est\u00e1 em toda parte.<\/p>\n<p>Descrito pela primeira vez em um estudo de 2013 para se referir a um coletivo de organismos colonizadores de pl\u00e1stico, incluindo bact\u00e9rias e fungos, o termo tem se expandido desde ent\u00e3o. Ele agora abrange livremente organismos maiores, desde caranguejos a medusas, que atravessam os oceanos em jangadas sobre pl\u00e1sticos marinhos.<\/p>\n<p>O termo foi cunhado por Linda Amaral-Zettler, microbiologista marinha do Royal Netherlands Institute for Sea Research.<\/p>\n<p>\u201cEm 2010, est\u00e1vamos planejando coletar amostras de pl\u00e1stico para um pr\u00f3ximo cruzeiro para caracterizar os biofilmes [organismos que se colam uns aos outros e outras coisas] sobre pl\u00e1stico\u201d, diz Amaral-Zettler. \u201cEu estava tentando pensar em um termo conveniente para descrever a comunidade e cheguei a [\u2026] \u2018plastisf\u00e9rio&#8217;\u201d.<\/p>\n<p>Embora o termo possa ser recente, o fen\u00f4meno n\u00e3o \u00e9. \u201cA\u201d plastisf\u00e9rio existe h\u00e1 tanto tempo quanto o pl\u00e1stico existe\u201d, diz Amaral-Zettler.<\/p>\n<p>O que \u00e9 novo \u00e9 a nossa compreens\u00e3o de qu\u00e3o complexo pode ser um ecossistema no mundo do pl\u00e1stico. Na plastiperf\u00edcie existem organismos que fotossintetizam; existem predadores e presas; simbiontes e parasitas, permitindo \u201cuma gama completa de intera\u00e7\u00f5es poss\u00edveis, como em outros ecossistemas\u201d, diz Amaral-Zettler.<\/p>\n<p>\u201cSe tomarmos a defini\u00e7\u00e3o de um ecossistema como \u2018uma comunidade biol\u00f3gica de organismos interativos e seu ambiente f\u00edsico\u2019, ent\u00e3o isso \u00e9 quase certamente verdade da plastispereza\u201d, diz Robyn Wright, do departamento de farmacologia da Universidade de Dalhousie, no Canad\u00e1, e autor do estudo de junho.<\/p>\n<p>Outra caracter\u00edstica \u00fanica da plastiperf\u00edcie \u00e9 que os humanos o inventaram. Todos os outros ecossistemas evolu\u00edram ao longo de milh\u00f5es de anos. O significado disso ainda n\u00e3o est\u00e1 claro.<\/p>\n<p>\u201cN\u00e3o acho que seja necessariamente importante que n\u00e3o seja de origem natural, porque todos os membros do plastisf\u00e9rio ainda s\u00e3o \u2018naturais\u2019, mas \u00e9 mais uma quest\u00e3o de escala\u201d, diz Wright. Ao contr\u00e1rio da maioria dos materiais naturais, o pl\u00e1stico \u00e9 altamente dur\u00e1vel e persistente, permitindo o crescimento e a dissemina\u00e7\u00e3o de organismos agregados em uma \u00e1rea maci\u00e7a.<\/p>\n<p>Al\u00e9m disso, um estudo do ano passado descobriu que certas cores do pl\u00e1stico afetam a diversidade dos micr\u00f3bios que os colonizavam: as comunidades de micropl\u00e1sticos azuis tinham uma diversidade mais rica do que as de pl\u00e1sticos amarelos ou transparentes.<\/p>\n<p>H\u00e1 tamb\u00e9m preocupa\u00e7\u00f5es sobre os organismos colonizadores de pl\u00e1stico que podem viajar ao redor do mundo. O estudo de Amaral-Zettler de 2013 descobriu Vibrio, um tipo de bact\u00e9ria conhecida por conter v\u00e1rias esp\u00e9cies de pat\u00f3genos, incluindo algumas associadas \u00e0 gastroenterite.<\/p>\n<p>Embora haja potencial para a plastisper\u00edase abrigar pat\u00f3genos, Wright \u00e9 c\u00e9tico. \u201cN\u00e3o h\u00e1 realmente nenhuma prova concreta de que os pl\u00e1sticos representam maior perigo do que qualquer outra superf\u00edcie que as bact\u00e9rias colonizam, ou qualquer outra \u00e1rea do ambiente\u201d, diz ela.<\/p>\n<p>Para os cientistas, a presen\u00e7a da borda de pl\u00e1stico \u00e9 uma preocupa\u00e7\u00e3o menos \u00f3bvia do que seus potenciais riscos \u00e0 sa\u00fade. A maior parte do pl\u00e1stico acaba em aterros, mas quase um ter\u00e7o deles acabam no mar. A maioria afunda, mas muitos n\u00e3o, tornando-se um lar para todos os tipos de micr\u00f3bios que de outra forma poderiam n\u00e3o ter um lar.<\/p>\n<p>As bact\u00e9rias entram porque quando os pl\u00e1sticos s\u00e3o submersos na \u00e1gua atraem carbono, ferro, nitrog\u00eanio e f\u00f3sforo, que por sua vez atrai micr\u00f3bios. Isto \u00e9 \u00e0s vezes chamado de efeito Zobell, depois do microbiologista marinho Claude E ZoBell.<\/p>\n<p>O que acontece ent\u00e3o \u00e9 em grande parte desconhecido.<\/p>\n<p>\u201cNo momento, essa ainda \u00e9 uma \u00e1rea muito ativa de pesquisa\u201d, diz Wright. H\u00e1 dois campos principais de investiga\u00e7\u00e3o: os pat\u00f3genos potenciais na plastispira\u00e7\u00e3o e o potencial de alguns micr\u00f3bios para biodegradar hidrocarbonetos, como os comedores de pl\u00e1stico identificados no m\u00eas passado.<\/p>\n<p>Estes n\u00e3o s\u00e3o exclusivos do oceano. Em 2016, cientistas no Jap\u00e3o descobriram a\u00a0<em>Ideonella sakaiensis<\/em>, uma esp\u00e9cie de bact\u00e9ria em uma ponta de lixo que tinha desenvolvido uma enzima que lhe permitia comer pl\u00e1stico.<\/p>\n<p>Mas outro estudo realizado no mesmo ano descobriu que, em compara\u00e7\u00e3o com as bact\u00e9rias das \u00e1guas circunvizinhas, as que se encontravam na esfera plastiforme possu\u00edam uma cole\u00e7\u00e3o enriquecida de genes, sugerindo que tinham se adaptado para um \u201cestilo de vida de superf\u00edcie\u201d.<\/p>\n<p>Os cientistas advertem que \u00e9 importante n\u00e3o pensar neles como mutantes recentes.<\/p>\n<p>\u201cEmbora os pl\u00e1sticos sejam um material relativamente novo em um per\u00edodo de evolu\u00e7\u00e3o, os produtos qu\u00edmicos de que s\u00e3o feitos n\u00e3o s\u00e3o novos \u2013 principalmente constituintes do petr\u00f3leo\u201d, diz Wright. \u201cPortanto, as bact\u00e9rias tiveram milh\u00f5es de anos para desenvolver mecanismos para degradar os produtos qu\u00edmicos a partir dos quais s\u00e3o feitas\u201d.<\/p>\n<p>Ser\u00e1 que plastisf\u00e9rio poderia evoluir de tal forma que as bact\u00e9rias essencialmente a comessem, ou pelo menos nos ajudassem a identificar maneiras de quebrar nossos res\u00edduos pl\u00e1sticos? \u201cEu definitivamente concordaria que [micr\u00f3bios em] pl\u00e1sticos ser\u00e3o o lugar chave para procurar na luta contra o pl\u00e1stico\u201d, diz Wright.<\/p>\n<p>Mas embora Amaral-Zettler admita que alguns micr\u00f3bios podem de fato se alimentar do pl\u00e1stico j\u00e1 degradado pelos raios UV, ela adverte contra o exagero das possibilidades.<\/p>\n<p>\u201c\u00c9 importante perceber que os estudos que analisam as bact\u00e9rias que se alimentam do pl\u00e1stico s\u00f3 fornecem a estas bact\u00e9rias uma \u00fanica fonte de carbono\u201d, diz ela. \u201cIsto est\u00e1 em contraste com o que se encontra na natureza\u201d.<\/p>\n<p>Os estudos de laborat\u00f3rio tamb\u00e9m n\u00e3o levam em conta as condi\u00e7\u00f5es oce\u00e2nicas, explica Wright, tais como diferentes temperaturas, clima ou a presen\u00e7a de outros organismos. \u201cMas\u201d, acrescenta ela, \u201cmesmo sabendo que isto \u00e9 teoricamente poss\u00edvel, \u00e9 um grande passo na dire\u00e7\u00e3o certa\u201d.<\/p>\n<p>Assim como nosso pr\u00f3prio microbioma gastrintestinal, que \u00e9 extremamente importante para nossa sa\u00fade em geral, o microbioma o plastisf\u00e9rio tamb\u00e9m tem \u201cum papel importante a desempenhar\u201d, diz Amaral-Zettler. Desde que modificamos nosso planeta na medida em que estes micr\u00f3bios evolu\u00edram para se adaptarem a nossos oceanos plastificados, compreender o novo ecossistema que parece ter sido criado acidentalmente \u00e9 crucial.<\/p>\n<p>\u201cPara o melhor ou para o pior, como o pl\u00e1stico\u201d, diz ela, \u201co plastisf\u00e9rio est\u00e1 aqui para ficar\u201d.<\/p>\n","protected":false},"excerpt":{"rendered":"<p>O pl\u00e1stico oce\u00e2nico criou um lar \u00fanico para organismos especializados, desde animais que viajam nele<\/p>\n","protected":false},"author":2,"featured_media":152151,"comment_status":"open","ping_status":"open","sticky":false,"template":"","format":"standard","meta":[],"categories":[],"tags":[],"uagb_featured_image_src":{"full":["https:\/\/espacoecologico.com.br\/arquivo\/wp-content\/uploads\/2021\/08\/poluicao.jpg",415,265,false],"thumbnail":["https:\/\/espacoecologico.com.br\/arquivo\/wp-content\/uploads\/2021\/08\/poluicao-150x150.jpg",150,150,true],"medium":["https:\/\/espacoecologico.com.br\/arquivo\/wp-content\/uploads\/2021\/08\/poluicao-300x192.jpg",300,192,true],"medium_large":["https:\/\/espacoecologico.com.br\/arquivo\/wp-content\/uploads\/2021\/08\/poluicao.jpg",415,265,false],"large":["https:\/\/espacoecologico.com.br\/arquivo\/wp-content\/uploads\/2021\/08\/poluicao.jpg",415,265,false],"1536x1536":["https:\/\/espacoecologico.com.br\/arquivo\/wp-content\/uploads\/2021\/08\/poluicao.jpg",415,265,false],"2048x2048":["https:\/\/espacoecologico.com.br\/arquivo\/wp-content\/uploads\/2021\/08\/poluicao.jpg",415,265,false],"cream-magazine-thumbnail-2":["https:\/\/espacoecologico.com.br\/arquivo\/wp-content\/uploads\/2021\/08\/poluicao.jpg",415,265,false],"cream-magazine-thumbnail-3":["https:\/\/espacoecologico.com.br\/arquivo\/wp-content\/uploads\/2021\/08\/poluicao.jpg",415,265,false],"cream-magazine-thumbnail-4":["https:\/\/espacoecologico.com.br\/arquivo\/wp-content\/uploads\/2021\/08\/poluicao.jpg",415,265,false]},"uagb_author_info":{"display_name":"","author_link":"https:\/\/espacoecologico.com.br\/arquivo\/author\/"},"uagb_comment_info":10,"uagb_excerpt":"O pl\u00e1stico oce\u00e2nico criou um lar \u00fanico para organismos especializados, desde animais que viajam nele","_links":{"self":[{"href":"https:\/\/espacoecologico.com.br\/arquivo\/wp-json\/wp\/v2\/posts\/152150"}],"collection":[{"href":"https:\/\/espacoecologico.com.br\/arquivo\/wp-json\/wp\/v2\/posts"}],"about":[{"href":"https:\/\/espacoecologico.com.br\/arquivo\/wp-json\/wp\/v2\/types\/post"}],"author":[{"embeddable":true,"href":"https:\/\/espacoecologico.com.br\/arquivo\/wp-json\/wp\/v2\/users\/2"}],"replies":[{"embeddable":true,"href":"https:\/\/espacoecologico.com.br\/arquivo\/wp-json\/wp\/v2\/comments?post=152150"}],"version-history":[{"count":3,"href":"https:\/\/espacoecologico.com.br\/arquivo\/wp-json\/wp\/v2\/posts\/152150\/revisions"}],"predecessor-version":[{"id":152154,"href":"https:\/\/espacoecologico.com.br\/arquivo\/wp-json\/wp\/v2\/posts\/152150\/revisions\/152154"}],"wp:featuredmedia":[{"embeddable":true,"href":"https:\/\/espacoecologico.com.br\/arquivo\/wp-json\/wp\/v2\/media\/152151"}],"wp:attachment":[{"href":"https:\/\/espacoecologico.com.br\/arquivo\/wp-json\/wp\/v2\/media?parent=152150"}],"wp:term":[{"taxonomy":"category","embeddable":true,"href":"https:\/\/espacoecologico.com.br\/arquivo\/wp-json\/wp\/v2\/categories?post=152150"},{"taxonomy":"post_tag","embeddable":true,"href":"https:\/\/espacoecologico.com.br\/arquivo\/wp-json\/wp\/v2\/tags?post=152150"}],"curies":[{"name":"wp","href":"https:\/\/api.w.org\/{rel}","templated":true}]}}