{"id":152145,"date":"2021-08-23T14:08:13","date_gmt":"2021-08-23T17:08:13","guid":{"rendered":"https:\/\/espacoecologico.com.br\/arquivo\/?p=152145"},"modified":"2021-08-23T14:08:52","modified_gmt":"2021-08-23T17:08:52","slug":"com-arca-de-noe-moderna-cientistas-buscam-proteger-animais-da-extincao-pelo-calor-nos-eua","status":"publish","type":"post","link":"https:\/\/espacoecologico.com.br\/arquivo\/com-arca-de-noe-moderna-cientistas-buscam-proteger-animais-da-extincao-pelo-calor-nos-eua\/","title":{"rendered":"Com &#8220;Arca de No\u00e9&#8221; moderna, cientistas buscam proteger animais da extin\u00e7\u00e3o pelo calor nos EUA"},"content":{"rendered":"<div class=\"row content-head featured \">\n<div class=\"medium-centered subtitle\">\n<h2 class=\"content-head__subtitle\"><a href=\"https:\/\/espacoecologico.com.br\/arquivo\/com-arca-de-noe-moderna-cientistas-buscam-proteger-animais-da-extincao-pelo-calor-nos-eua\/arca_noe-4\/\" rel=\"attachment wp-att-152146\"><img loading=\"lazy\" class=\"alignleft size-medium wp-image-152146\" src=\"https:\/\/espacoecologico.com.br\/arquivo\/wp-content\/uploads\/2021\/08\/arca_noe-300x192.jpg\" alt=\"\" width=\"300\" height=\"192\" srcset=\"https:\/\/espacoecologico.com.br\/arquivo\/wp-content\/uploads\/2021\/08\/arca_noe-300x192.jpg 300w, https:\/\/espacoecologico.com.br\/arquivo\/wp-content\/uploads\/2021\/08\/arca_noe.jpg 415w\" sizes=\"(max-width: 300px) 100vw, 300px\" \/><\/a>Recorde de calor acompanhado de inc\u00eandios e seca est\u00e1 levando alguns animais e plantas \u00e0 beira da extin\u00e7\u00e3o na Calif\u00f3rnia, e conservacionistas se unem para salvar as esp\u00e9cies mais amea\u00e7adas<\/h2>\n<\/div>\n<\/div>\n<div class=\"content__signa-share\">\n<div class=\"content__signature\">\n<div class=\"content-publication-data\">\n<div class=\"content-publication-data__text\">\n<div class=\"mc-column content-text active-extra-styles active-capital-letter\" data-block-type=\"unstyled\" data-block-weight=\"72\" data-block-id=\"2\">\n<p class=\"content-text__container theme-color-primary-first-letter\" data-track-category=\"Link no Texto\" data-track-links=\"\">Mais de um milh\u00e3o de plantas e animais em todo o mundo enfrentam o perigo da extin\u00e7\u00e3o devido \u00e0 perda de habitat,\u00a0<strong>mudan\u00e7as clim\u00e1ticas<\/strong>\u00a0e outros fatores\u00a0relacionados \u00e0 atividade humana\u00a0\u2013 e essa perda alarmante de\u00a0<strong>biodiversidade<\/strong>\u00a0est\u00e1 acelerando. Para combater isso, conservacionistas e bi\u00f3logos na Calif\u00f3rnia, nos Estados Unidos, identificaram esp\u00e9cies em perigo potencial, incluindo muitos \u00edcones das terras selvagens do estado, e decidiram se mobilizar na tentativa de salv\u00e1-las.<\/p>\n<\/div>\n<div class=\"wall protected-content\">\n<div class=\"mc-column content-text active-extra-styles \" data-block-type=\"unstyled\" data-block-weight=\"76\" data-block-id=\"3\">\n<p class=\"content-text__container \" data-track-category=\"Link no Texto\" data-track-links=\"\">Agora, um\u00a0ver\u00e3o no Hemisf\u00e9rio Norte marcado por inc\u00eandios devastadores, seca e calor\u00a0est\u00e1 novamente levando algumas esp\u00e9cies \u00e0 beira da extin\u00e7\u00e3o. Por isso, bi\u00f3logos, institui\u00e7\u00f5es de pesquisa, organiza\u00e7\u00f5es de conserva\u00e7\u00e3o e zool\u00f3gicos identificaram urg\u00eancia em agir para salvar as esp\u00e9cies mais amea\u00e7adas com uma campanha de transloca\u00e7\u00f5es de emerg\u00eancia, programas de reprodu\u00e7\u00e3o em cativeiro e bancos de sementes. Alguns compararam o esfor\u00e7o a uma Arca de No\u00e9 dos dias modernos,\u00a0conforme o Los Angeles Times.<\/p>\n<\/div>\n<div class=\"mc-column content-text active-extra-styles \" data-block-type=\"unstyled\" data-block-weight=\"40\" data-block-id=\"4\">\n<p class=\"content-text__container \" data-track-category=\"Link no Texto\" data-track-links=\"\">\u201cN\u00e3o consigo pensar em um \u00fanico ecossistema terrestre que n\u00e3o esteja sendo estressado at\u00e9 os limites de sua toler\u00e2ncia fisiol\u00f3gica agora\u201d, disse Dan Cooper, bi\u00f3logo consultor e especialista em plantas e animais do Condado de Los Angeles, ao jornal americano.<\/p>\n<\/div>\n<div class=\"mc-column content-text active-extra-styles \" data-block-type=\"unstyled\" data-block-weight=\"49\" data-block-id=\"6\">\n<p class=\"content-text__container \" data-track-category=\"Link no Texto\" data-track-links=\"\">Um exemplo de mobiliza\u00e7\u00e3o est\u00e1 nas bot\u00e2nicas Naomi Fraga e Maria Jesus. Antes do nascer do sol, elas colocaram suas mochilas e abriram caminho atrav\u00e9s de uma superf\u00edcie quebradi\u00e7a no canto mais quente do deserto de Mojave com a miss\u00e3o de resgatar uma pequena planta \u00e0 beira da extin\u00e7\u00e3o.<\/p>\n<\/div>\n<div class=\"mc-column content-text active-extra-styles \" data-block-type=\"unstyled\" data-block-weight=\"87\" data-block-id=\"8\">\n<p class=\"content-text__container \" data-track-category=\"Link no Texto\" data-track-links=\"\">Uma d\u00e9cada atr\u00e1s, a Bacia do Rio Amargosa, a leste do Parque Nacional do Vale da Morte, era um vasto p\u00e2ntano lamacento salpicado com milh\u00f5es de\u00a0<em>Amargosa niterwort<\/em>, uma erva que cresce apenas nesse local e que os cientistas chamam de\u00a0<em>Nitrophila mohavensis<\/em>. Hoje, a esp\u00e9cie diminuiu para um total menos de 150 mil, e a maioria das plantas que ainda brotam desse local parou de produzir sementes vi\u00e1veis \u200b\u200b- v\u00edtimas estressadas da diminui\u00e7\u00e3o das chuvas,\u00a0<strong>aumento da temperatura<\/strong>\u00a0e perda de \u00e1gua subterr\u00e2nea devido ao bombeamento.<\/p>\n<\/div>\n<div class=\"mc-column content-text active-extra-styles \" data-block-type=\"unstyled\" data-block-weight=\"39\" data-block-id=\"9\">\n<p class=\"content-text__container \" data-track-category=\"Link no Texto\" data-track-links=\"\">As bot\u00e2nicas decidiram coletar sementes para lacr\u00e1-las dentro de pacotes de papel alum\u00ednio e levar a armazenamento nos freezers do California Seed Bank, uma organiza\u00e7\u00e3o sem fins lucrativos que serve como um dos bra\u00e7os dessa &#8220;Arca de No\u00e9&#8221; moderna.<\/p>\n<\/div>\n<\/div>\n<\/div>\n<\/div>\n<\/div>\n<\/div>\n","protected":false},"excerpt":{"rendered":"<p>Recorde de calor acompanhado de inc\u00eandios e seca est\u00e1 levando alguns animais e plantas \u00e0<\/p>\n","protected":false},"author":2,"featured_media":152146,"comment_status":"open","ping_status":"open","sticky":false,"template":"","format":"standard","meta":[],"categories":[],"tags":[],"uagb_featured_image_src":{"full":["https:\/\/espacoecologico.com.br\/arquivo\/wp-content\/uploads\/2021\/08\/arca_noe.jpg",415,265,false],"thumbnail":["https:\/\/espacoecologico.com.br\/arquivo\/wp-content\/uploads\/2021\/08\/arca_noe-150x150.jpg",150,150,true],"medium":["https:\/\/espacoecologico.com.br\/arquivo\/wp-content\/uploads\/2021\/08\/arca_noe-300x192.jpg",300,192,true],"medium_large":["https:\/\/espacoecologico.com.br\/arquivo\/wp-content\/uploads\/2021\/08\/arca_noe.jpg",415,265,false],"large":["https:\/\/espacoecologico.com.br\/arquivo\/wp-content\/uploads\/2021\/08\/arca_noe.jpg",415,265,false],"1536x1536":["https:\/\/espacoecologico.com.br\/arquivo\/wp-content\/uploads\/2021\/08\/arca_noe.jpg",415,265,false],"2048x2048":["https:\/\/espacoecologico.com.br\/arquivo\/wp-content\/uploads\/2021\/08\/arca_noe.jpg",415,265,false],"cream-magazine-thumbnail-2":["https:\/\/espacoecologico.com.br\/arquivo\/wp-content\/uploads\/2021\/08\/arca_noe.jpg",415,265,false],"cream-magazine-thumbnail-3":["https:\/\/espacoecologico.com.br\/arquivo\/wp-content\/uploads\/2021\/08\/arca_noe.jpg",415,265,false],"cream-magazine-thumbnail-4":["https:\/\/espacoecologico.com.br\/arquivo\/wp-content\/uploads\/2021\/08\/arca_noe.jpg",415,265,false]},"uagb_author_info":{"display_name":"","author_link":"https:\/\/espacoecologico.com.br\/arquivo\/author\/"},"uagb_comment_info":9,"uagb_excerpt":"Recorde de calor acompanhado de inc\u00eandios e seca est\u00e1 levando alguns animais e plantas \u00e0","_links":{"self":[{"href":"https:\/\/espacoecologico.com.br\/arquivo\/wp-json\/wp\/v2\/posts\/152145"}],"collection":[{"href":"https:\/\/espacoecologico.com.br\/arquivo\/wp-json\/wp\/v2\/posts"}],"about":[{"href":"https:\/\/espacoecologico.com.br\/arquivo\/wp-json\/wp\/v2\/types\/post"}],"author":[{"embeddable":true,"href":"https:\/\/espacoecologico.com.br\/arquivo\/wp-json\/wp\/v2\/users\/2"}],"replies":[{"embeddable":true,"href":"https:\/\/espacoecologico.com.br\/arquivo\/wp-json\/wp\/v2\/comments?post=152145"}],"version-history":[{"count":2,"href":"https:\/\/espacoecologico.com.br\/arquivo\/wp-json\/wp\/v2\/posts\/152145\/revisions"}],"predecessor-version":[{"id":152148,"href":"https:\/\/espacoecologico.com.br\/arquivo\/wp-json\/wp\/v2\/posts\/152145\/revisions\/152148"}],"wp:featuredmedia":[{"embeddable":true,"href":"https:\/\/espacoecologico.com.br\/arquivo\/wp-json\/wp\/v2\/media\/152146"}],"wp:attachment":[{"href":"https:\/\/espacoecologico.com.br\/arquivo\/wp-json\/wp\/v2\/media?parent=152145"}],"wp:term":[{"taxonomy":"category","embeddable":true,"href":"https:\/\/espacoecologico.com.br\/arquivo\/wp-json\/wp\/v2\/categories?post=152145"},{"taxonomy":"post_tag","embeddable":true,"href":"https:\/\/espacoecologico.com.br\/arquivo\/wp-json\/wp\/v2\/tags?post=152145"}],"curies":[{"name":"wp","href":"https:\/\/api.w.org\/{rel}","templated":true}]}}