{"id":152140,"date":"2021-08-23T13:57:36","date_gmt":"2021-08-23T16:57:36","guid":{"rendered":"https:\/\/espacoecologico.com.br\/arquivo\/?p=152140"},"modified":"2021-08-23T13:58:33","modified_gmt":"2021-08-23T16:58:33","slug":"raros-jacares-albinos-nascem-em-zoologico-na-florida-veja-fotos","status":"publish","type":"post","link":"https:\/\/espacoecologico.com.br\/arquivo\/raros-jacares-albinos-nascem-em-zoologico-na-florida-veja-fotos\/","title":{"rendered":"Raros jacar\u00e9s albinos nascem em zool\u00f3gico na Fl\u00f3rida; veja fotos"},"content":{"rendered":"<h2><a href=\"https:\/\/espacoecologico.com.br\/arquivo\/raros-jacares-albinos-nascem-em-zoologico-na-florida-veja-fotos\/jacare-18\/\" rel=\"attachment wp-att-152142\"><img loading=\"lazy\" class=\"alignleft size-medium wp-image-152142\" src=\"https:\/\/espacoecologico.com.br\/arquivo\/wp-content\/uploads\/2021\/08\/jacare-300x192.jpg\" alt=\"\" width=\"300\" height=\"192\" srcset=\"https:\/\/espacoecologico.com.br\/arquivo\/wp-content\/uploads\/2021\/08\/jacare-300x192.jpg 300w, https:\/\/espacoecologico.com.br\/arquivo\/wp-content\/uploads\/2021\/08\/jacare.jpg 415w\" sizes=\"(max-width: 300px) 100vw, 300px\" \/><\/a>Institui\u00e7\u00e3o desenvolveu um espa\u00e7o especial para os jacar\u00e9s-americanos albinos que, devido \u00e0 falta de melanina, t\u00eam maior sensibilidade \u00e0 luz solar<\/h2>\n<p>Pelo segundo ano consecutivo, jacar\u00e9s albinos nasceram no\u00a0zool\u00f3gico\u00a0Wild Florida, nos Estados Unidos. Em vez de apresentarem pele verde acinzentada, os dois\u00a0filhotes\u00a0da esp\u00e9cie\u00a0<em>Alligator mississippiensis<\/em>\u00a0t\u00eam colora\u00e7\u00e3o branca, um pouco rosada, com olhos e garras p\u00e1lidos. Agora, esses raros esp\u00e9cimes est\u00e3o entre os cerca de 200\u00a0jacar\u00e9s\u00a0albinos que existem no mundo, segundo o portal\u00a0<em>Smithsonian Maganize<\/em>\u00a0com informa\u00e7\u00f5es do jornal\u00a0<em>South Florida Sun Sentinel<\/em>.<\/p>\n<p>Os dois\u00a0r\u00e9pteis\u00a0fazem parte de uma ninhada da f\u00eamea Snowflake (que significa floco de neve), de 27 anos, e do macho Blizzard (termo para nevasca), de 16 anos. Como os nomes indicam, os adultos s\u00e3o completamente\u00a0albinos\u00a0e\u00a0os adultos botaram 18 ovos que foram coletados pela equipe do Wild Florida em 30 de abril de 2021.<\/p>\n<article>\n<div class=\"protected-content st-swap-parent st-swap--active\">\n<p>Os profissionais acompanharam o per\u00edodo de incuba\u00e7\u00e3o, que tem dura\u00e7\u00e3o m\u00e9dia de 60 dias, e os mantiveram a uma\u00a0temperatura\u00a0est\u00e1vel dentro de um ambiente controlado para garantir o sucesso dos filhotes.<\/p>\n<figure><img loading=\"lazy\" class=\"\" title=\"Raros, jacar\u00e9s albinos nascem em zool\u00f3gico na Fl\u00f3rida; veja fotos (Foto: Reprodu\u00e7\u00e3o\/Wild Florida)\" src=\"https:\/\/s2.glbimg.com\/khSYfV2yA0bo3wu2DJsOcXuOHNc=\/e.glbimg.com\/og\/ed\/f\/original\/2021\/08\/23\/photo_jul_17_4_06_44_pm.jpg\" alt=\"Raros, jacar\u00e9s albinos nascem em zool\u00f3gico na Fl\u00f3rida; veja fotos (Foto: Reprodu\u00e7\u00e3o\/Wild Florida)\" width=\"640\" height=\"480\" \/><figcaption>Raros, jacar\u00e9s albinos nascem em zool\u00f3gico na Fl\u00f3rida; veja fotos (Foto: Reprodu\u00e7\u00e3o\/Wild Florida)<\/p>\n<\/figcaption><\/figure>\n<p>Esse \u00e9 um dos trabalhos realizados pelo programa de reprodu\u00e7\u00e3o de jacar\u00e9s albinos do zool\u00f3gico, cujo objetivo \u00e9 fazer com que as pessoas se tornem mais familiarizadas com esses\u00a0animais, percam o medo deles e passem a respeit\u00e1-los. \u201cConcordamos com o\u00a0naturalista\u00a0Baba Dioum, que disse: no fim, n\u00f3s apenas conservamos aquilo que amamos, s\u00f3 amamos o que entendemos e entendemos somente aquilo que nos foi ensinado\u201d, diz o\u00a0site da institui\u00e7\u00e3o.<\/p>\n<figure>\n<div id=\"standard_2\" class=\"st-placement standard_2 inImage\">\n<div class=\"st-adunit st-reset st-show\">\n<div class=\"st-adunit-ad st-reset\"><\/div>\n<\/div>\n<\/div>\n<p><img loading=\"lazy\" class=\"\" title=\"Raros, jacar\u00e9s albinos nascem em zool\u00f3gico na Fl\u00f3rida; veja fotos (Foto: Reprodu\u00e7\u00e3o Facebook\/Wild Florida)\" src=\"https:\/\/s2.glbimg.com\/nVUYiUduTeddTrOCBsP26diE2MQ=\/e.glbimg.com\/og\/ed\/f\/original\/2021\/08\/23\/crocodilos_albinos.jpg\" alt=\"Raros, jacar\u00e9s albinos nascem em zool\u00f3gico na Fl\u00f3rida; veja fotos (Foto: Reprodu\u00e7\u00e3o Facebook\/Wild Florida)\" width=\"639\" height=\"639\" \/><figcaption>Raros, jacar\u00e9s albinos nascem em zool\u00f3gico na Fl\u00f3rida; veja fotos (Foto: Reprodu\u00e7\u00e3o Facebook\/Wild Florida)<\/p>\n<\/figcaption><\/figure>\n<p>Tamb\u00e9m conhecidos como jacar\u00e9s-americanos, os\u00a0<em>Alligator mississippiensis<\/em>\u00a0se alimentam de\u00a0peixes, tartarugas, cobras e pequenos mam\u00edferos. Os machos medem entre 3 e 4,5 metros e pesam 226 kg, enquanto as f\u00eameas costumam crescer de 2,4 a 3 metros e pesar 90 kg. Em seu\u00a0habitat\u00a0natural, os esp\u00e9cimes albinos chamam mais aten\u00e7\u00e3o dos\u00a0predadores\u00a0e raramente vivem tanto quanto os indiv\u00edduos com colora\u00e7\u00e3o tradicional.<\/p>\n<p>Mesmo sob cuidados humanos, espera-se que, em fun\u00e7\u00e3o das complica\u00e7\u00f5es de\u00a0sa\u00fade\u00a0atreladas \u00e0 falta de melanina, os albinos vivam menos. Porque a pele branca \u00e9 altamente sens\u00edvel \u00e0\u00a0luz\u00a0do Sol, o Wild Florida desenvolveu um espa\u00e7o onde h\u00e1 bastante sombra e \u00e9 poss\u00edvel controlar a temperatura.<\/p>\n<figure><img loading=\"lazy\" class=\"\" title=\"Raros, jacar\u00e9s albinos nascem em zool\u00f3gico na Fl\u00f3rida; veja fotos (Foto: Reprodu\u00e7\u00e3o\/Wild Florida)\" src=\"https:\/\/s2.glbimg.com\/CCfYY8vr-T9zJUccIW0YsUis5PY=\/e.glbimg.com\/og\/ed\/f\/original\/2021\/08\/23\/photo_jul_17_4_20_08_pm.jpg\" alt=\"Raros, jacar\u00e9s albinos nascem em zool\u00f3gico na Fl\u00f3rida; veja fotos (Foto: Reprodu\u00e7\u00e3o\/Wild Florida)\" width=\"639\" height=\"852\" \/><figcaption>Raros, jacar\u00e9s albinos nascem em zool\u00f3gico na Fl\u00f3rida; veja fotos (Foto: Reprodu\u00e7\u00e3o\/Wild Florida)<\/p>\n<\/figcaption><\/figure>\n<p>\u201cEstamos t\u00e3o orgulhosos dos nossos pais\u00a0<a href=\"https:\/\/revistagalileu.globo.com\/Ciencia\/Meio-Ambiente\/noticia\/2019\/05\/raro-panda-albino-e-fotografado-pela-primeira-vez-na-china.html\" target=\"_blank\" rel=\"noopener\">albinos<\/a>, Snowflake e Blizzard, e da nossa equipe\u201d, afirma,\u00a0<a href=\"https:\/\/blog.wildfloridairboats.com\/wild-florida-hatches-albino-alligator-eggs-for-the-second-time\/\" target=\"_blank\" rel=\"noopener\">em nota<\/a>, Sam Haught, cofundador do zool\u00f3gico. A expectativa \u00e9 de que os filhotes atraiam mais visitantes \u2014 tanto locais como turistas. \u201cIsso nos ajuda a fazer com que as pessoas fiquem um pouco mais interessadas em jacar\u00e9s\u201d, diz Haught, em entrevista ao\u00a0<em>South Florida Sun Sentinel<\/em>.<\/p>\n<p>Confira um\u00a0<a href=\"https:\/\/www.youtube.com\/watch?v=VO2vLdVZFww\" target=\"_blank\" rel=\"noopener\">v\u00eddeo<\/a> de Snowflake e Blizzard:<\/p>\n<div class=\"st-ad-slot st-swap-ad-slot st-invideo-youtube-player\"><\/div>\n<p><iframe loading=\"lazy\" id=\"st-in-video-iframed-yt_1\" class=\"embed-video st-swap-player\" title=\"Embed youtube video\" src=\"https:\/\/www.youtube.com\/embed\/VO2vLdVZFww?enablejsapi=1\" width=\"700\" height=\"400\" allowfullscreen=\"allowfullscreen\" data-src=\"\/\/www.youtube.com\/embed\/VO2vLdVZFww?enablejsapi=1\" data-mce-fragment=\"1\"><\/iframe><\/div>\n<\/article>\n","protected":false},"excerpt":{"rendered":"<p>Institui\u00e7\u00e3o desenvolveu um espa\u00e7o especial para os jacar\u00e9s-americanos albinos que, devido \u00e0 falta de melanina,<\/p>\n","protected":false},"author":2,"featured_media":152142,"comment_status":"open","ping_status":"open","sticky":false,"template":"","format":"standard","meta":[],"categories":[],"tags":[],"uagb_featured_image_src":{"full":["https:\/\/espacoecologico.com.br\/arquivo\/wp-content\/uploads\/2021\/08\/jacare.jpg",415,265,false],"thumbnail":["https:\/\/espacoecologico.com.br\/arquivo\/wp-content\/uploads\/2021\/08\/jacare-150x150.jpg",150,150,true],"medium":["https:\/\/espacoecologico.com.br\/arquivo\/wp-content\/uploads\/2021\/08\/jacare-300x192.jpg",300,192,true],"medium_large":["https:\/\/espacoecologico.com.br\/arquivo\/wp-content\/uploads\/2021\/08\/jacare.jpg",415,265,false],"large":["https:\/\/espacoecologico.com.br\/arquivo\/wp-content\/uploads\/2021\/08\/jacare.jpg",415,265,false],"1536x1536":["https:\/\/espacoecologico.com.br\/arquivo\/wp-content\/uploads\/2021\/08\/jacare.jpg",415,265,false],"2048x2048":["https:\/\/espacoecologico.com.br\/arquivo\/wp-content\/uploads\/2021\/08\/jacare.jpg",415,265,false],"cream-magazine-thumbnail-2":["https:\/\/espacoecologico.com.br\/arquivo\/wp-content\/uploads\/2021\/08\/jacare.jpg",415,265,false],"cream-magazine-thumbnail-3":["https:\/\/espacoecologico.com.br\/arquivo\/wp-content\/uploads\/2021\/08\/jacare.jpg",415,265,false],"cream-magazine-thumbnail-4":["https:\/\/espacoecologico.com.br\/arquivo\/wp-content\/uploads\/2021\/08\/jacare.jpg",415,265,false]},"uagb_author_info":{"display_name":"","author_link":"https:\/\/espacoecologico.com.br\/arquivo\/author\/"},"uagb_comment_info":6,"uagb_excerpt":"Institui\u00e7\u00e3o desenvolveu um espa\u00e7o especial para os jacar\u00e9s-americanos albinos que, devido \u00e0 falta de melanina,","_links":{"self":[{"href":"https:\/\/espacoecologico.com.br\/arquivo\/wp-json\/wp\/v2\/posts\/152140"}],"collection":[{"href":"https:\/\/espacoecologico.com.br\/arquivo\/wp-json\/wp\/v2\/posts"}],"about":[{"href":"https:\/\/espacoecologico.com.br\/arquivo\/wp-json\/wp\/v2\/types\/post"}],"author":[{"embeddable":true,"href":"https:\/\/espacoecologico.com.br\/arquivo\/wp-json\/wp\/v2\/users\/2"}],"replies":[{"embeddable":true,"href":"https:\/\/espacoecologico.com.br\/arquivo\/wp-json\/wp\/v2\/comments?post=152140"}],"version-history":[{"count":2,"href":"https:\/\/espacoecologico.com.br\/arquivo\/wp-json\/wp\/v2\/posts\/152140\/revisions"}],"predecessor-version":[{"id":152144,"href":"https:\/\/espacoecologico.com.br\/arquivo\/wp-json\/wp\/v2\/posts\/152140\/revisions\/152144"}],"wp:featuredmedia":[{"embeddable":true,"href":"https:\/\/espacoecologico.com.br\/arquivo\/wp-json\/wp\/v2\/media\/152142"}],"wp:attachment":[{"href":"https:\/\/espacoecologico.com.br\/arquivo\/wp-json\/wp\/v2\/media?parent=152140"}],"wp:term":[{"taxonomy":"category","embeddable":true,"href":"https:\/\/espacoecologico.com.br\/arquivo\/wp-json\/wp\/v2\/categories?post=152140"},{"taxonomy":"post_tag","embeddable":true,"href":"https:\/\/espacoecologico.com.br\/arquivo\/wp-json\/wp\/v2\/tags?post=152140"}],"curies":[{"name":"wp","href":"https:\/\/api.w.org\/{rel}","templated":true}]}}