{"id":152127,"date":"2021-08-23T13:18:55","date_gmt":"2021-08-23T16:18:55","guid":{"rendered":"https:\/\/espacoecologico.com.br\/arquivo\/?p=152127"},"modified":"2021-08-23T13:19:30","modified_gmt":"2021-08-23T16:19:30","slug":"parques-nacionais-e-categoria-em-festival-internacional-de-fotografia","status":"publish","type":"post","link":"https:\/\/espacoecologico.com.br\/arquivo\/parques-nacionais-e-categoria-em-festival-internacional-de-fotografia\/","title":{"rendered":"Parques Nacionais \u00e9 categoria em Festival Internacional de Fotografia"},"content":{"rendered":"<p><a href=\"https:\/\/espacoecologico.com.br\/arquivo\/parques-nacionais-e-categoria-em-festival-internacional-de-fotografia\/fotografia-2\/\" rel=\"attachment wp-att-152128\"><img loading=\"lazy\" class=\"alignleft size-medium wp-image-152128\" src=\"https:\/\/espacoecologico.com.br\/arquivo\/wp-content\/uploads\/2021\/08\/fotografia-300x192.jpg\" alt=\"\" width=\"300\" height=\"192\" srcset=\"https:\/\/espacoecologico.com.br\/arquivo\/wp-content\/uploads\/2021\/08\/fotografia-300x192.jpg 300w, https:\/\/espacoecologico.com.br\/arquivo\/wp-content\/uploads\/2021\/08\/fotografia.jpg 415w\" sizes=\"(max-width: 300px) 100vw, 300px\" \/><\/a>Fot\u00f3grafos profissionais e amadores t\u00eam at\u00e9 26 de agosto para envio de trabalhos.<\/p>\n<p>O Festival Internacional de Fotografia Bras\u00edlia Photo Show (BPS) recebe fotografias que concorrer\u00e3o \u00e0s estatuetas e aos demais pr\u00eamios da 7\u00aa edi\u00e7\u00e3o (2021) at\u00e9 a pr\u00f3xima quinta-feira (26) de agosto. Em 2020, ainda que com todos os entraves causados pela pandemia, o BPS bateu recordes. Foram inscritas 15.300 imagens de fot\u00f3grafos profissionais e amadores, o que gerou 16 milh\u00f5es de views nas redes sociais. De 2015 a 2020 \u2013 mais de 75 milh\u00f5es de views na p\u00e1gina oficial do festival, no Facebook, foram registradas. As inscri\u00e7\u00f5es s\u00e3o gratuitas.<\/p>\n<p>Um dos grandes destaques da 7\u00aa edi\u00e7\u00e3o \u00e9 a variedade de categorias. Ao todo s\u00e3o 22, o que garante consider\u00e1veis possibilidades para fot\u00f3grafos especialistas nos mais diversos estilos e segmentos dentro do amplo espectro da arte de fotografar. O fot\u00f3grafo Edu Vergara, idealizador e curador do Festival Internacional de Fotografia Bras\u00edlia Photo Show aposta em 2021 como uma edi\u00e7\u00e3o hist\u00f3rica em termos de qualidade art\u00edstica. \u201cTemos recebido um impressionante n\u00famero de fotografias de alto n\u00edvel, \u00e9 o que chama aten\u00e7\u00e3o nessa temporada. A criatividade na crista da onda \u00e9 not\u00f3ria. Posso adiantar que ser\u00e1 uma edi\u00e7\u00e3o marcante e muito bonita\u201d, revela.<\/p>\n<p>Entre as categorias dispon\u00edveis, algumas s\u00e3o novidades, outras est\u00e3o se firmando como promissoras dentro do Festival. Parques Nacionais \u00e9 uma delas. \u201cSempre esperamos fotos sensacionais nessa \u00e1rea. No Festival, essas imagens exibem o que muitos n\u00e3o t\u00eam oportunidade de contemplar ao vivo. E, n\u00e3o raro, registram o extraordin\u00e1rio, o que consideramos fora da curva. S\u00e3o fotos marcantes, que contam a hist\u00f3ria da humanidade, se formos analisar a fundo\u201d, aponta Vergara. \u201cAs portas est\u00e3o abertas para fot\u00f3grafos que se dedicam a esse tipo de registro. O que importa \u00e9 sempre surpreender\u201d, detalha o diretor executivo do Festival, Rodrigo Nimer.<\/p>\n<figure class=\"wp-block-image size-full\"><img loading=\"lazy\" class=\"wp-image-97658 lazy loaded\" src=\"https:\/\/ciclovivo.com.br\/wp-content\/uploads\/2021\/08\/festival-fotografia-ciclovivo1.jpg?x47657\" sizes=\"(max-width: 992px) 100vw, 992px\" srcset=\"https:\/\/ciclovivo.com.br\/wp-content\/uploads\/2021\/08\/festival-fotografia-ciclovivo1.jpg 992w, https:\/\/ciclovivo.com.br\/wp-content\/uploads\/2021\/08\/festival-fotografia-ciclovivo1-300x200.jpg 300w, https:\/\/ciclovivo.com.br\/wp-content\/uploads\/2021\/08\/festival-fotografia-ciclovivo1-150x100.jpg 150w, https:\/\/ciclovivo.com.br\/wp-content\/uploads\/2021\/08\/festival-fotografia-ciclovivo1-768x512.jpg 768w, https:\/\/ciclovivo.com.br\/wp-content\/uploads\/2021\/08\/festival-fotografia-ciclovivo1-696x464.jpg 696w, https:\/\/ciclovivo.com.br\/wp-content\/uploads\/2021\/08\/festival-fotografia-ciclovivo1-630x420.jpg 630w\" alt=\"\" width=\"639\" height=\"426\" data-src=\"https:\/\/ciclovivo.com.br\/wp-content\/uploads\/2021\/08\/festival-fotografia-ciclovivo1.jpg?x47657\" data-srcset=\"https:\/\/ciclovivo.com.br\/wp-content\/uploads\/2021\/08\/festival-fotografia-ciclovivo1.jpg 992w, https:\/\/ciclovivo.com.br\/wp-content\/uploads\/2021\/08\/festival-fotografia-ciclovivo1-300x200.jpg 300w, https:\/\/ciclovivo.com.br\/wp-content\/uploads\/2021\/08\/festival-fotografia-ciclovivo1-150x100.jpg 150w, https:\/\/ciclovivo.com.br\/wp-content\/uploads\/2021\/08\/festival-fotografia-ciclovivo1-768x512.jpg 768w, https:\/\/ciclovivo.com.br\/wp-content\/uploads\/2021\/08\/festival-fotografia-ciclovivo1-696x464.jpg 696w, https:\/\/ciclovivo.com.br\/wp-content\/uploads\/2021\/08\/festival-fotografia-ciclovivo1-630x420.jpg 630w\" data-sizes=\"(max-width: 992px) 100vw, 992px\" data-was-processed=\"true\" \/><\/figure>\n<h2>Conectando o mundo<\/h2>\n<p>O Festival Internacional de Fotografia Bras\u00edlia Photo Show entende a fotografia como um instrumento de conex\u00e3o, apre\u00e7o e reflex\u00e3o. \u201cSomos fot\u00f3grafos com c\u00e2meras prontas para registrar o que nossos olhos testemunham. O Festival \u00e9 um palco para talentos, \u00e9 para ver e ser visto, n\u00e3o importa se voc\u00ea j\u00e1 \u00e9 consagrado ou se est\u00e1 come\u00e7ando\u201d, observa Edu Vergara.<\/p>\n<p>A premia\u00e7\u00e3o da nova edi\u00e7\u00e3o ser\u00e1 em novembro. Os vencedores ser\u00e3o agraciados com pr\u00eamios que somam mais de R$50mil. Entre eles, uma viagem com acompanhante para Fernando de Noronha, pr\u00eamio exclusivo para o vencedor da categoria Parques Nacionais. A premia\u00e7\u00e3o tamb\u00e9m inclui 22 cursos Cara da Foto e um voucher de 450,00 em produtos e acess\u00f3rios Incoflash para os vencedores das estatuetas, al\u00e9m de Salas Virtuais no BPS Grand Gallery.<\/p>\n<figure class=\"wp-block-gallery columns-2 is-cropped\">\n<ul class=\"blocks-gallery-grid\">\n<li class=\"blocks-gallery-item\">\n<figure><img loading=\"lazy\" class=\"wp-image-97660 lazy loaded\" src=\"https:\/\/ciclovivo.com.br\/wp-content\/uploads\/2021\/08\/festival-fotografia-ciclovivo2-1.jpg?x47657\" sizes=\"(max-width: 607px) 100vw, 607px\" srcset=\"https:\/\/ciclovivo.com.br\/wp-content\/uploads\/2021\/08\/festival-fotografia-ciclovivo2-1.jpg 607w, https:\/\/ciclovivo.com.br\/wp-content\/uploads\/2021\/08\/festival-fotografia-ciclovivo2-1-214x300.jpg 214w, https:\/\/ciclovivo.com.br\/wp-content\/uploads\/2021\/08\/festival-fotografia-ciclovivo2-1-107x150.jpg 107w, https:\/\/ciclovivo.com.br\/wp-content\/uploads\/2021\/08\/festival-fotografia-ciclovivo2-1-300x420.jpg 300w\" alt=\"\" width=\"640\" height=\"896\" data-src=\"https:\/\/ciclovivo.com.br\/wp-content\/uploads\/2021\/08\/festival-fotografia-ciclovivo2-1.jpg?x47657\" data-id=\"97660\" data-link=\"https:\/\/ciclovivo.com.br\/?attachment_id=97660\" data-srcset=\"https:\/\/ciclovivo.com.br\/wp-content\/uploads\/2021\/08\/festival-fotografia-ciclovivo2-1.jpg 607w, https:\/\/ciclovivo.com.br\/wp-content\/uploads\/2021\/08\/festival-fotografia-ciclovivo2-1-214x300.jpg 214w, https:\/\/ciclovivo.com.br\/wp-content\/uploads\/2021\/08\/festival-fotografia-ciclovivo2-1-107x150.jpg 107w, https:\/\/ciclovivo.com.br\/wp-content\/uploads\/2021\/08\/festival-fotografia-ciclovivo2-1-300x420.jpg 300w\" data-sizes=\"(max-width: 607px) 100vw, 607px\" data-was-processed=\"true\" \/><\/figure>\n<\/li>\n<li class=\"blocks-gallery-item\">\n<figure><img loading=\"lazy\" class=\"wp-image-97661 lazy loaded\" src=\"https:\/\/ciclovivo.com.br\/wp-content\/uploads\/2021\/08\/festival-fotografia-ciclovivo3.jpg?x47657\" sizes=\"(max-width: 638px) 100vw, 638px\" srcset=\"https:\/\/ciclovivo.com.br\/wp-content\/uploads\/2021\/08\/festival-fotografia-ciclovivo3.jpg 638w, https:\/\/ciclovivo.com.br\/wp-content\/uploads\/2021\/08\/festival-fotografia-ciclovivo3-225x300.jpg 225w, https:\/\/ciclovivo.com.br\/wp-content\/uploads\/2021\/08\/festival-fotografia-ciclovivo3-113x150.jpg 113w, https:\/\/ciclovivo.com.br\/wp-content\/uploads\/2021\/08\/festival-fotografia-ciclovivo3-315x420.jpg 315w\" alt=\"\" width=\"639\" height=\"851\" data-src=\"https:\/\/ciclovivo.com.br\/wp-content\/uploads\/2021\/08\/festival-fotografia-ciclovivo3.jpg?x47657\" data-id=\"97661\" data-full-url=\"https:\/\/ciclovivo.com.br\/wp-content\/uploads\/2021\/08\/festival-fotografia-ciclovivo3.jpg\" data-link=\"https:\/\/ciclovivo.com.br\/?attachment_id=97661\" data-srcset=\"https:\/\/ciclovivo.com.br\/wp-content\/uploads\/2021\/08\/festival-fotografia-ciclovivo3.jpg 638w, https:\/\/ciclovivo.com.br\/wp-content\/uploads\/2021\/08\/festival-fotografia-ciclovivo3-225x300.jpg 225w, https:\/\/ciclovivo.com.br\/wp-content\/uploads\/2021\/08\/festival-fotografia-ciclovivo3-113x150.jpg 113w, https:\/\/ciclovivo.com.br\/wp-content\/uploads\/2021\/08\/festival-fotografia-ciclovivo3-315x420.jpg 315w\" data-sizes=\"(max-width: 638px) 100vw, 638px\" data-was-processed=\"true\" \/><\/figure>\n<\/li>\n<\/ul>\n<\/figure>\n<p>Os ganhadores das estatuetas das categorias Gastronomia, Landscape e Agroneg\u00f3cio, receber\u00e3o vouchers de R$1mil para compras no Oba. C\u00e2meras digitais e celulares v\u00e3o para os autores das melhores fotos nas categorias Celular, C\u00e2mera Digital, Drone, PB, Capa e Neo novos talentos. N\u00e3o fique de fora! Inscreva sua obra.<\/p>\n<h2 id=\"h-inscri-es\">Inscri\u00e7\u00f5es<\/h2>\n<figure class=\"wp-block-image size-full\"><img loading=\"lazy\" class=\"wp-image-97662 lazy loaded\" src=\"https:\/\/ciclovivo.com.br\/wp-content\/uploads\/2021\/08\/festival-fotografia-ciclovivo4.jpg?x47657\" sizes=\"(max-width: 992px) 100vw, 992px\" srcset=\"https:\/\/ciclovivo.com.br\/wp-content\/uploads\/2021\/08\/festival-fotografia-ciclovivo4.jpg 992w, https:\/\/ciclovivo.com.br\/wp-content\/uploads\/2021\/08\/festival-fotografia-ciclovivo4-300x218.jpg 300w, https:\/\/ciclovivo.com.br\/wp-content\/uploads\/2021\/08\/festival-fotografia-ciclovivo4-150x109.jpg 150w, https:\/\/ciclovivo.com.br\/wp-content\/uploads\/2021\/08\/festival-fotografia-ciclovivo4-768x558.jpg 768w, https:\/\/ciclovivo.com.br\/wp-content\/uploads\/2021\/08\/festival-fotografia-ciclovivo4-696x506.jpg 696w, https:\/\/ciclovivo.com.br\/wp-content\/uploads\/2021\/08\/festival-fotografia-ciclovivo4-578x420.jpg 578w, https:\/\/ciclovivo.com.br\/wp-content\/uploads\/2021\/08\/festival-fotografia-ciclovivo4-324x235.jpg 324w\" alt=\"\" width=\"638\" height=\"464\" data-src=\"https:\/\/ciclovivo.com.br\/wp-content\/uploads\/2021\/08\/festival-fotografia-ciclovivo4.jpg?x47657\" data-srcset=\"https:\/\/ciclovivo.com.br\/wp-content\/uploads\/2021\/08\/festival-fotografia-ciclovivo4.jpg 992w, https:\/\/ciclovivo.com.br\/wp-content\/uploads\/2021\/08\/festival-fotografia-ciclovivo4-300x218.jpg 300w, https:\/\/ciclovivo.com.br\/wp-content\/uploads\/2021\/08\/festival-fotografia-ciclovivo4-150x109.jpg 150w, https:\/\/ciclovivo.com.br\/wp-content\/uploads\/2021\/08\/festival-fotografia-ciclovivo4-768x558.jpg 768w, https:\/\/ciclovivo.com.br\/wp-content\/uploads\/2021\/08\/festival-fotografia-ciclovivo4-696x506.jpg 696w, https:\/\/ciclovivo.com.br\/wp-content\/uploads\/2021\/08\/festival-fotografia-ciclovivo4-578x420.jpg 578w, https:\/\/ciclovivo.com.br\/wp-content\/uploads\/2021\/08\/festival-fotografia-ciclovivo4-324x235.jpg 324w\" data-sizes=\"(max-width: 992px) 100vw, 992px\" data-was-processed=\"true\" \/><\/figure>\n<p>Data: at\u00e9 26 de agosto de 2021<\/p>\n<p>Local:\u00a0<a href=\"http:\/\/www.brasiliaphotoshow.com.br\/\" target=\"_blank\" rel=\"noreferrer noopener\">www.brasiliaphotoshow.com.br<\/a><\/p>\n<p>Valor: fot\u00f3grafos que inscreverem at\u00e9 2 (duas) fotos s\u00e3o isentos do pagamento da inscri\u00e7\u00e3o. A partir da terceira foto inscrita, h\u00e1 cobran\u00e7a de R$25 por imagem.<\/p>\n<p>Opini\u00e3o p\u00fablica e curadoria t\u00e9cnica: at\u00e9 15\/09<\/p>\n<p>Evento de premia\u00e7\u00e3o: Novembro 2021<\/p>\n","protected":false},"excerpt":{"rendered":"<p>Fot\u00f3grafos profissionais e amadores t\u00eam at\u00e9 26 de agosto para envio de trabalhos. O Festival<\/p>\n","protected":false},"author":2,"featured_media":152128,"comment_status":"open","ping_status":"open","sticky":false,"template":"","format":"standard","meta":[],"categories":[],"tags":[],"uagb_featured_image_src":{"full":["https:\/\/espacoecologico.com.br\/arquivo\/wp-content\/uploads\/2021\/08\/fotografia.jpg",415,265,false],"thumbnail":["https:\/\/espacoecologico.com.br\/arquivo\/wp-content\/uploads\/2021\/08\/fotografia-150x150.jpg",150,150,true],"medium":["https:\/\/espacoecologico.com.br\/arquivo\/wp-content\/uploads\/2021\/08\/fotografia-300x192.jpg",300,192,true],"medium_large":["https:\/\/espacoecologico.com.br\/arquivo\/wp-content\/uploads\/2021\/08\/fotografia.jpg",415,265,false],"large":["https:\/\/espacoecologico.com.br\/arquivo\/wp-content\/uploads\/2021\/08\/fotografia.jpg",415,265,false],"1536x1536":["https:\/\/espacoecologico.com.br\/arquivo\/wp-content\/uploads\/2021\/08\/fotografia.jpg",415,265,false],"2048x2048":["https:\/\/espacoecologico.com.br\/arquivo\/wp-content\/uploads\/2021\/08\/fotografia.jpg",415,265,false],"cream-magazine-thumbnail-2":["https:\/\/espacoecologico.com.br\/arquivo\/wp-content\/uploads\/2021\/08\/fotografia.jpg",415,265,false],"cream-magazine-thumbnail-3":["https:\/\/espacoecologico.com.br\/arquivo\/wp-content\/uploads\/2021\/08\/fotografia.jpg",415,265,false],"cream-magazine-thumbnail-4":["https:\/\/espacoecologico.com.br\/arquivo\/wp-content\/uploads\/2021\/08\/fotografia.jpg",415,265,false]},"uagb_author_info":{"display_name":"","author_link":"https:\/\/espacoecologico.com.br\/arquivo\/author\/"},"uagb_comment_info":10,"uagb_excerpt":"Fot\u00f3grafos profissionais e amadores t\u00eam at\u00e9 26 de agosto para envio de trabalhos. O Festival","_links":{"self":[{"href":"https:\/\/espacoecologico.com.br\/arquivo\/wp-json\/wp\/v2\/posts\/152127"}],"collection":[{"href":"https:\/\/espacoecologico.com.br\/arquivo\/wp-json\/wp\/v2\/posts"}],"about":[{"href":"https:\/\/espacoecologico.com.br\/arquivo\/wp-json\/wp\/v2\/types\/post"}],"author":[{"embeddable":true,"href":"https:\/\/espacoecologico.com.br\/arquivo\/wp-json\/wp\/v2\/users\/2"}],"replies":[{"embeddable":true,"href":"https:\/\/espacoecologico.com.br\/arquivo\/wp-json\/wp\/v2\/comments?post=152127"}],"version-history":[{"count":2,"href":"https:\/\/espacoecologico.com.br\/arquivo\/wp-json\/wp\/v2\/posts\/152127\/revisions"}],"predecessor-version":[{"id":152130,"href":"https:\/\/espacoecologico.com.br\/arquivo\/wp-json\/wp\/v2\/posts\/152127\/revisions\/152130"}],"wp:featuredmedia":[{"embeddable":true,"href":"https:\/\/espacoecologico.com.br\/arquivo\/wp-json\/wp\/v2\/media\/152128"}],"wp:attachment":[{"href":"https:\/\/espacoecologico.com.br\/arquivo\/wp-json\/wp\/v2\/media?parent=152127"}],"wp:term":[{"taxonomy":"category","embeddable":true,"href":"https:\/\/espacoecologico.com.br\/arquivo\/wp-json\/wp\/v2\/categories?post=152127"},{"taxonomy":"post_tag","embeddable":true,"href":"https:\/\/espacoecologico.com.br\/arquivo\/wp-json\/wp\/v2\/tags?post=152127"}],"curies":[{"name":"wp","href":"https:\/\/api.w.org\/{rel}","templated":true}]}}