{"id":152109,"date":"2021-08-23T09:04:49","date_gmt":"2021-08-23T12:04:49","guid":{"rendered":"https:\/\/espacoecologico.com.br\/arquivo\/?p=152109"},"modified":"2021-08-23T09:06:58","modified_gmt":"2021-08-23T12:06:58","slug":"pesquisadores-da-ufc-se-destacam-em-ranking-de-publicacoes-cientificas-sobre-ods-14","status":"publish","type":"post","link":"https:\/\/espacoecologico.com.br\/arquivo\/pesquisadores-da-ufc-se-destacam-em-ranking-de-publicacoes-cientificas-sobre-ods-14\/","title":{"rendered":"Pesquisadores da UFC se destacam em ranking de publica\u00e7\u00f5es cient\u00edficas sobre ODS 14"},"content":{"rendered":"<p><a href=\"https:\/\/espacoecologico.com.br\/arquivo\/pesquisadores-da-ufc-se-destacam-em-ranking-de-publicacoes-cientificas-sobre-ods-14\/mares-4\/\" rel=\"attachment wp-att-152112\"><img loading=\"lazy\" class=\"alignleft size-medium wp-image-152112\" src=\"https:\/\/espacoecologico.com.br\/arquivo\/wp-content\/uploads\/2021\/08\/mares-300x192.jpg\" alt=\"\" width=\"300\" height=\"192\" srcset=\"https:\/\/espacoecologico.com.br\/arquivo\/wp-content\/uploads\/2021\/08\/mares-300x192.jpg 300w, https:\/\/espacoecologico.com.br\/arquivo\/wp-content\/uploads\/2021\/08\/mares.jpg 415w\" sizes=\"(max-width: 300px) 100vw, 300px\" \/><\/a>A\u00a0<strong>Universidade Federal do Cear\u00e1 (UFC)<\/strong>\u00a0\u00e9 destaque entre as institui\u00e7\u00f5es brasileiras com mais contribui\u00e7\u00f5es cient\u00edficas para os\u00a0<strong>Objetivos de Desenvolvimento Sustent\u00e1vel (ODS)<\/strong>, \u00a0segundo a\u00a0<strong><a href=\"https:\/\/www.elsevier.com\/pt-br\">Elsevier<\/a><\/strong>, uma das maiores editoras cient\u00edficas internacionais. Das cinco listas referentes aos ODS divulgadas recentemente pela editora, em seu\u00a0<strong><a href=\"https:\/\/www.instagram.com\/elsevierpesquisa\/\">Instagram<\/a><\/strong>, a UFC aparece em tr\u00eas como uma das 15 institui\u00e7\u00f5es que mais contribu\u00edram para a pesquisa na \u00e1rea.<\/p>\n<p>Entre as postagens, merece destaque o\u00a0<strong>ODS 14<\/strong>, em que a UFC aparece em nono lugar entre universidades com mais publica\u00e7\u00f5es relacionadas \u00e0 tem\u00e1tica \u201c<strong>Vida na \u00c1gua<\/strong>\u201c. A lista foi elaborada com informa\u00e7\u00f5es da ferramenta Scival, plataforma da pr\u00f3pria Elsevier que analisa o desempenho de pesquisas. Para a classifica\u00e7\u00e3o, contaram aspectos como n\u00famero de documentos publicados no Brasil, quantidade de publica\u00e7\u00f5es com colabora\u00e7\u00e3o internacional e impacto ponderado de cita\u00e7\u00f5es por campo de conhecimento.<\/p>\n<p><img loading=\"lazy\" class=\"alignleft wp-image-10949 lazyautosizes lazyloaded\" src=\"https:\/\/agenciaeconordeste.com.br\/wp-content\/uploads\/2021\/08\/elselvier-instagram-300x300.jpg\" sizes=\"400px\" srcset=\"https:\/\/agenciaeconordeste.com.br\/wp-content\/uploads\/2021\/08\/elselvier-instagram-300x300.jpg 300w, https:\/\/agenciaeconordeste.com.br\/wp-content\/uploads\/2021\/08\/elselvier-instagram-150x150.jpg 150w, https:\/\/agenciaeconordeste.com.br\/wp-content\/uploads\/2021\/08\/elselvier-instagram-180x180.jpg 180w, https:\/\/agenciaeconordeste.com.br\/wp-content\/uploads\/2021\/08\/elselvier-instagram-90x90.jpg 90w, https:\/\/agenciaeconordeste.com.br\/wp-content\/uploads\/2021\/08\/elselvier-instagram-450x450.jpg 450w, https:\/\/agenciaeconordeste.com.br\/wp-content\/uploads\/2021\/08\/elselvier-instagram-270x270.jpg 270w, https:\/\/agenciaeconordeste.com.br\/wp-content\/uploads\/2021\/08\/elselvier-instagram-20x20.jpg 20w, https:\/\/agenciaeconordeste.com.br\/wp-content\/uploads\/2021\/08\/elselvier-instagram-225x225.jpg 225w, https:\/\/agenciaeconordeste.com.br\/wp-content\/uploads\/2021\/08\/elselvier-instagram.jpg 600w\" alt=\"\" width=\"400\" height=\"401\" data-src=\"https:\/\/agenciaeconordeste.com.br\/wp-content\/uploads\/2021\/08\/elselvier-instagram-300x300.jpg\" data-sizes=\"auto\" data-srcset=\"https:\/\/agenciaeconordeste.com.br\/wp-content\/uploads\/2021\/08\/elselvier-instagram-300x300.jpg 300w, https:\/\/agenciaeconordeste.com.br\/wp-content\/uploads\/2021\/08\/elselvier-instagram-150x150.jpg 150w, https:\/\/agenciaeconordeste.com.br\/wp-content\/uploads\/2021\/08\/elselvier-instagram-180x180.jpg 180w, https:\/\/agenciaeconordeste.com.br\/wp-content\/uploads\/2021\/08\/elselvier-instagram-90x90.jpg 90w, https:\/\/agenciaeconordeste.com.br\/wp-content\/uploads\/2021\/08\/elselvier-instagram-450x450.jpg 450w, https:\/\/agenciaeconordeste.com.br\/wp-content\/uploads\/2021\/08\/elselvier-instagram-270x270.jpg 270w, https:\/\/agenciaeconordeste.com.br\/wp-content\/uploads\/2021\/08\/elselvier-instagram-20x20.jpg 20w, https:\/\/agenciaeconordeste.com.br\/wp-content\/uploads\/2021\/08\/elselvier-instagram-225x225.jpg 225w, https:\/\/agenciaeconordeste.com.br\/wp-content\/uploads\/2021\/08\/elselvier-instagram.jpg 600w\" \/>No Top 3 de autores de artigos, aparece o nome de Vanda Claudino-Sales, professora associada aposentada do Departamento de Geografia da UFC, professora visitante da\u00a0<strong>Universidade Estadual Vale do Acara\u00fa (UVA)<\/strong>, articulista da\u00a0<strong><a href=\"https:\/\/agenciaeconordeste.com.br\/\">Eco Nordeste<\/a><\/strong>; no Top 3 de livros est\u00e1 Jos\u00e9 Maria da Silva Monteiro Filho, professor associado do Departamento de Computa\u00e7\u00e3o da UFC, onde leciona nos cursos de gradua\u00e7\u00e3o, mestrado e doutorado em Ci\u00eancia da Computa\u00e7\u00e3o.<\/p>\n<h2>Supera\u00e7\u00e3o<\/h2>\n<figure id=\"attachment_10947\" class=\"wp-caption alignleft\" aria-describedby=\"caption-attachment-10947\"><img loading=\"lazy\" class=\"wp-image-10947 size-medium lazyautosizes lazyloaded\" src=\"https:\/\/agenciaeconordeste.com.br\/wp-content\/uploads\/2021\/08\/vanda-claudino-sales2-225x300.jpeg\" sizes=\"225px\" srcset=\"https:\/\/agenciaeconordeste.com.br\/wp-content\/uploads\/2021\/08\/vanda-claudino-sales2-225x300.jpeg 225w, https:\/\/agenciaeconordeste.com.br\/wp-content\/uploads\/2021\/08\/vanda-claudino-sales2-768x1024.jpeg 768w, https:\/\/agenciaeconordeste.com.br\/wp-content\/uploads\/2021\/08\/vanda-claudino-sales2-300x400.jpeg 300w, https:\/\/agenciaeconordeste.com.br\/wp-content\/uploads\/2021\/08\/vanda-claudino-sales2-450x600.jpeg 450w, https:\/\/agenciaeconordeste.com.br\/wp-content\/uploads\/2021\/08\/vanda-claudino-sales2-600x800.jpeg 600w, https:\/\/agenciaeconordeste.com.br\/wp-content\/uploads\/2021\/08\/vanda-claudino-sales2-900x1200.jpeg 900w, https:\/\/agenciaeconordeste.com.br\/wp-content\/uploads\/2021\/08\/vanda-claudino-sales2-20x27.jpeg 20w, https:\/\/agenciaeconordeste.com.br\/wp-content\/uploads\/2021\/08\/vanda-claudino-sales2.jpeg 960w\" alt=\"\" width=\"225\" height=\"300\" data-src=\"https:\/\/agenciaeconordeste.com.br\/wp-content\/uploads\/2021\/08\/vanda-claudino-sales2-225x300.jpeg\" data-sizes=\"auto\" data-srcset=\"https:\/\/agenciaeconordeste.com.br\/wp-content\/uploads\/2021\/08\/vanda-claudino-sales2-225x300.jpeg 225w, https:\/\/agenciaeconordeste.com.br\/wp-content\/uploads\/2021\/08\/vanda-claudino-sales2-768x1024.jpeg 768w, https:\/\/agenciaeconordeste.com.br\/wp-content\/uploads\/2021\/08\/vanda-claudino-sales2-300x400.jpeg 300w, https:\/\/agenciaeconordeste.com.br\/wp-content\/uploads\/2021\/08\/vanda-claudino-sales2-450x600.jpeg 450w, https:\/\/agenciaeconordeste.com.br\/wp-content\/uploads\/2021\/08\/vanda-claudino-sales2-600x800.jpeg 600w, https:\/\/agenciaeconordeste.com.br\/wp-content\/uploads\/2021\/08\/vanda-claudino-sales2-900x1200.jpeg 900w, https:\/\/agenciaeconordeste.com.br\/wp-content\/uploads\/2021\/08\/vanda-claudino-sales2-20x27.jpeg 20w, https:\/\/agenciaeconordeste.com.br\/wp-content\/uploads\/2021\/08\/vanda-claudino-sales2.jpeg 960w\" \/><figcaption id=\"caption-attachment-10947\" class=\"wp-caption-text\">Vanda Claudino-Sales, professora associada aposentada do Departamento de Geografia da UFC, professora visitante da UVA, articulista da Eco Nordeste<\/figcaption><\/figure>\n<p>\u201cFiquei muito feliz e honrada. As dificuldades para se fazer ci\u00eancia no Brasil, em especial no\u00a0<strong>Nordeste<\/strong>, e particularmente para quem \u00e9<strong>\u00a0mulher<\/strong>, s\u00e3o t\u00e3o grandes que considero uma grande\u00a0<strong>vit\u00f3ria pessoal e coletiva<\/strong>\u00a0(coletiva porque n\u00e3o cheguei aqui sozinha) alcan\u00e7ar esse patamar. Vejo uma quest\u00e3o de\u00a0<strong>ci\u00eancia<\/strong>, regionalismo e g\u00eanero nesse ranking que muito me emocionou, pois fizeram ver que os anos de batalha na universidade n\u00e3o foram em v\u00e3o\u201d, afirma a professora Vanda.<\/p>\n<p>Ela diz que \u00e9 a primeira vez que v\u00ea essa divulga\u00e7\u00e3o. Acredita que o crit\u00e9rio seja o n\u00famero de cita\u00e7\u00f5es de artigos publicados pela editora. \u201cTenho 18 artigos publicados na Elsevier. Hoje, tenho um \u00edndice com 1.335 cita\u00e7\u00f5es, das quais cerca de 740 s\u00e3o dos artigos da editora. Embora o n\u00famero de publica\u00e7\u00f5es na Elsevier n\u00e3o seja muito grande, o de cita\u00e7\u00f5es \u00e9 elevado, o que indica que foram artigos de grande impacto, o que explica o ranking\u201d, acredita.<\/p>\n<p>Considerando o tema ODS 14, a professora destaca que seus artigos s\u00e3o, sobretudo, sobre a\u00a0<strong>zona costeira<\/strong>. \u201cTrabalho a evolu\u00e7\u00e3o da zona costeira, a problem\u00e1tica de uso e ocupa\u00e7\u00e3o, a degrada\u00e7\u00e3o ambiental. Todos esses temas s\u00e3o associados com a quest\u00e3o da \u00e1gua, no caso, a \u00e1gua do mar. O artigo que mais tenho cita\u00e7\u00f5es (127) \u00e9 sobre o impacto de tempestades nas dunas costeiras do Estado da Fl\u00f3rida, onde fiz meu p\u00f3s-doutorado. Vem seguido de perto (125) de um sobre a evolu\u00e7\u00e3o de dunas ao longo da hist\u00f3ria geol\u00f3gica recente na zona costeira do Cear\u00e1\u201d, detalha.<\/p>\n<h2>Trabalho coletivo<\/h2>\n<figure id=\"attachment_10948\" class=\"wp-caption alignleft\" aria-describedby=\"caption-attachment-10948\"><img loading=\"lazy\" class=\"wp-image-10948 size-medium lazyautosizes lazyloaded\" src=\"https:\/\/agenciaeconordeste.com.br\/wp-content\/uploads\/2021\/08\/jose-maria-da-silva-monteiro-filho-287x300.jpeg\" sizes=\"287px\" srcset=\"https:\/\/agenciaeconordeste.com.br\/wp-content\/uploads\/2021\/08\/jose-maria-da-silva-monteiro-filho-287x300.jpeg 287w, https:\/\/agenciaeconordeste.com.br\/wp-content\/uploads\/2021\/08\/jose-maria-da-silva-monteiro-filho-981x1024.jpeg 981w, https:\/\/agenciaeconordeste.com.br\/wp-content\/uploads\/2021\/08\/jose-maria-da-silva-monteiro-filho-768x802.jpeg 768w, https:\/\/agenciaeconordeste.com.br\/wp-content\/uploads\/2021\/08\/jose-maria-da-silva-monteiro-filho-450x470.jpeg 450w, https:\/\/agenciaeconordeste.com.br\/wp-content\/uploads\/2021\/08\/jose-maria-da-silva-monteiro-filho-20x20.jpeg 20w, https:\/\/agenciaeconordeste.com.br\/wp-content\/uploads\/2021\/08\/jose-maria-da-silva-monteiro-filho-225x235.jpeg 225w, https:\/\/agenciaeconordeste.com.br\/wp-content\/uploads\/2021\/08\/jose-maria-da-silva-monteiro-filho-900x940.jpeg 900w, https:\/\/agenciaeconordeste.com.br\/wp-content\/uploads\/2021\/08\/jose-maria-da-silva-monteiro-filho.jpeg 1226w\" alt=\"\" width=\"287\" height=\"300\" data-src=\"https:\/\/agenciaeconordeste.com.br\/wp-content\/uploads\/2021\/08\/jose-maria-da-silva-monteiro-filho-287x300.jpeg\" data-sizes=\"auto\" data-srcset=\"https:\/\/agenciaeconordeste.com.br\/wp-content\/uploads\/2021\/08\/jose-maria-da-silva-monteiro-filho-287x300.jpeg 287w, https:\/\/agenciaeconordeste.com.br\/wp-content\/uploads\/2021\/08\/jose-maria-da-silva-monteiro-filho-981x1024.jpeg 981w, https:\/\/agenciaeconordeste.com.br\/wp-content\/uploads\/2021\/08\/jose-maria-da-silva-monteiro-filho-768x802.jpeg 768w, https:\/\/agenciaeconordeste.com.br\/wp-content\/uploads\/2021\/08\/jose-maria-da-silva-monteiro-filho-450x470.jpeg 450w, https:\/\/agenciaeconordeste.com.br\/wp-content\/uploads\/2021\/08\/jose-maria-da-silva-monteiro-filho-20x20.jpeg 20w, https:\/\/agenciaeconordeste.com.br\/wp-content\/uploads\/2021\/08\/jose-maria-da-silva-monteiro-filho-225x235.jpeg 225w, https:\/\/agenciaeconordeste.com.br\/wp-content\/uploads\/2021\/08\/jose-maria-da-silva-monteiro-filho-900x940.jpeg 900w, https:\/\/agenciaeconordeste.com.br\/wp-content\/uploads\/2021\/08\/jose-maria-da-silva-monteiro-filho.jpeg 1226w\" \/><figcaption id=\"caption-attachment-10948\" class=\"wp-caption-text\">Jos\u00e9 Maria da Silva Monteiro Filho, professor associado do Departamento de Computa\u00e7\u00e3o da UFC, onde leciona nos cursos de gradua\u00e7\u00e3o, mestrado e doutorado em Ci\u00eancia da Computa\u00e7\u00e3o<\/figcaption><\/figure>\n<p>O professor Jos\u00e9 Maria Monteiro, que atuou como chefe do Departamento de Computa\u00e7\u00e3o entre 2012 e 2015, tem mais de 20 anos de experi\u00eancia na \u00e1rea de Ci\u00eancia da Computa\u00e7\u00e3o, com \u00eanfase em\u00a0<strong>Banco de Dados<\/strong>\u00a0e\u00a0<strong>Engenharia de Software<\/strong>\u00a0e atua\u00e7\u00e3o principalmente em ci\u00eancia de dados, big data, privacidade de dados, fairness e desinforma\u00e7\u00e3o. \u00c9 autor de mais de 40 artigos publicados em peri\u00f3dicos e confer\u00eancias internacionais e nacionais. Fundador do canal multiplataforma\u00a0<strong>AntenaDev<\/strong>, \u00e9 tamb\u00e9m batuqueiro de maracatu.<\/p>\n<p>\u201cEu fiquei bastante feliz por esse destaque. Por\u00e9m, essa conquista \u00e9 resultado de um trabalho coletivo do\u00a0<strong>Grupo de Pesquisa Arida<\/strong>\u00a0(Advanced Research In DAtabases), em especial os professores Angelo Brayner, Javam Machado, V\u00e2nia Vidal e Jo\u00e3o Paulo Madeiro, bem como de nossos estudantes de gradua\u00e7\u00e3o, mestrado e doutorado\u201d, afirma.<\/p>\n<p>Ele ressalta ainda: \u201cos membros do Grupo Arida t\u00eam trabalhado com uma\u00a0<strong>dedica\u00e7\u00e3o exemplar<\/strong>\u00a0e com\u00a0<strong>extremo rigor cient\u00edfico<\/strong>. Neste contexto, os resultados em termos de quantidade e qualidade, tanto das publica\u00e7\u00f5es quanto dos produtos de software desenvolvidos, aparecem, mesmo em circunst\u00e2ncias nas quais o financiamento das atividades de pesquisa \u00e9 t\u00e3o limitado. O Arida, a UFC e as universidades p\u00fablicas brasileiras possuem um\u00a0<strong>potencial enorme<\/strong>\u00a0para gerar\u00a0<strong>pesquisas de impacto global<\/strong>. Com\u00a0<strong>suporte e financiamento adequados<\/strong>\u00a0resultados como este ir\u00e3o se multiplicar\u201d.<\/p>\n<h2>Voca\u00e7\u00e3o para a pesquisa<\/h2>\n<p>\u201cFazer-se presente nessa lista como institui\u00e7\u00e3o de destaque \u00e9, para a UFC, uma confirma\u00e7\u00e3o da voca\u00e7\u00e3o da Institui\u00e7\u00e3o para a pesquisa nessa rela\u00e7\u00e3o que n\u00f3s temos aqui com os oceanos e com os mares. Ao mesmo tempo, mostra a for\u00e7a vibrante da comunidade de pesquisa da Universidade que se encontra engajada em Objetivos de Desenvolvimento Sustent\u00e1vel, ou seja, uma pesquisa voltada para aplica\u00e7\u00f5es, para compreens\u00e3o, para solu\u00e7\u00f5es de problemas e de condicionantes da humanidade que s\u00e3o a ordem do dia, manifesta-se o professor Rodrigo Porto, pr\u00f3-reitor de Pesquisa e P\u00f3s-Gradua\u00e7\u00e3o da UFC.<\/p>\n<p>E completa: \u201cA Pr\u00f3-Reitoria de P\u00f3s-Gradua\u00e7\u00e3o da UFC fica bastante orgulhosa, parabeniza os professores citados e os demais docentes, alunos e toda a comunidade universit\u00e1ria que atua em pesquisa de ODS. Eles est\u00e3o engrandecendo a UFC e, principalmente, cumprindo a miss\u00e3o da Institui\u00e7\u00e3o, que \u00e9 criar um conhecimento transformador da nossa realidade\u201d.<\/p>\n<h2>Destaque para os ODS<\/h2>\n<p>A Elsevier, fundada em 1880, \u00e9 uma empresa editorial holandesa especializada em conte\u00fado cient\u00edfico, t\u00e9cnico e m\u00e9dico. \u00c9 uma das seis empresas que domina a publica\u00e7\u00e3o cient\u00edfica no mundo inteiro. \u00c9 a primeira vez que lista autores e institui\u00e7\u00f5es com maior n\u00famero de publica\u00e7\u00f5es que se relacionam aos ODS. Segundo a editora, o objetivo \u00e9 ampliar a\u00a0 visibilidade da contribui\u00e7\u00e3o das universidades brasileiras aos ODS.<\/p>\n<p>Al\u00e9m do ODS 14 (Vida na \u00e1gua), a Elsevier divulgou listas com contribui\u00e7\u00f5es cient\u00edficas relacionadas aos\u00a0<strong>ODS 4<\/strong>\u00a0(Educa\u00e7\u00e3o de Qualidade),\u00a0<strong>ODS 5<\/strong>\u00a0(Igualdade de G\u00eanero),\u00a0<strong>ODS 7<\/strong>\u00a0(Energia Limpa e Acess\u00edvel) e\u00a0<strong>ODS 12<\/strong>\u00a0(Consumo e Produ\u00e7\u00e3o Sustent\u00e1veis). Dessas, a UFC aparece em 12\u00ba entre as 15 institui\u00e7\u00f5es com mais contribui\u00e7\u00f5es cient\u00edficas ao ODS 7 e em 15\u00ba lugar com publica\u00e7\u00f5es relacionadas ao ODS 5.<\/p>\n<p>Os 17 ODS, estabelecidos pela\u00a0<strong>Organiza\u00e7\u00e3o das Na\u00e7\u00f5es Unidas (ONU)<\/strong>\u00a0em 2015, s\u00e3o um apelo global \u00e0 a\u00e7\u00e3o para acabar com a pobreza, proteger o meio ambiente e o clima e garantir que as pessoas, em todos os lugares, possam desfrutar de paz e de prosperidade. O ODS 14 \u00e9: \u201cConservar e usar de forma sustent\u00e1vel os oceanos, mares e recursos marinhos para o desenvolvimento sustent\u00e1vel\u201d.<\/p>\n<p>Com informa\u00e7\u00f5es do\u00a0<a href=\"https:\/\/www.ufc.br\/noticias\/16038-desempenho-em-pesquisas-ufc-e-destaque-em-publicacoes-relacionadas-aos-objetivos-de-desenvolvimento-sustentavel\">UFC Not\u00edcias<\/a><\/p>\n","protected":false},"excerpt":{"rendered":"<p>A\u00a0Universidade Federal do Cear\u00e1 (UFC)\u00a0\u00e9 destaque entre as institui\u00e7\u00f5es brasileiras com mais contribui\u00e7\u00f5es cient\u00edficas para<\/p>\n","protected":false},"author":2,"featured_media":152112,"comment_status":"open","ping_status":"open","sticky":false,"template":"","format":"standard","meta":[],"categories":[],"tags":[],"uagb_featured_image_src":{"full":["https:\/\/espacoecologico.com.br\/arquivo\/wp-content\/uploads\/2021\/08\/mares.jpg",415,265,false],"thumbnail":["https:\/\/espacoecologico.com.br\/arquivo\/wp-content\/uploads\/2021\/08\/mares-150x150.jpg",150,150,true],"medium":["https:\/\/espacoecologico.com.br\/arquivo\/wp-content\/uploads\/2021\/08\/mares-300x192.jpg",300,192,true],"medium_large":["https:\/\/espacoecologico.com.br\/arquivo\/wp-content\/uploads\/2021\/08\/mares.jpg",415,265,false],"large":["https:\/\/espacoecologico.com.br\/arquivo\/wp-content\/uploads\/2021\/08\/mares.jpg",415,265,false],"1536x1536":["https:\/\/espacoecologico.com.br\/arquivo\/wp-content\/uploads\/2021\/08\/mares.jpg",415,265,false],"2048x2048":["https:\/\/espacoecologico.com.br\/arquivo\/wp-content\/uploads\/2021\/08\/mares.jpg",415,265,false],"cream-magazine-thumbnail-2":["https:\/\/espacoecologico.com.br\/arquivo\/wp-content\/uploads\/2021\/08\/mares.jpg",415,265,false],"cream-magazine-thumbnail-3":["https:\/\/espacoecologico.com.br\/arquivo\/wp-content\/uploads\/2021\/08\/mares.jpg",415,265,false],"cream-magazine-thumbnail-4":["https:\/\/espacoecologico.com.br\/arquivo\/wp-content\/uploads\/2021\/08\/mares.jpg",415,265,false]},"uagb_author_info":{"display_name":"","author_link":"https:\/\/espacoecologico.com.br\/arquivo\/author\/"},"uagb_comment_info":10,"uagb_excerpt":"A\u00a0Universidade Federal do Cear\u00e1 (UFC)\u00a0\u00e9 destaque entre as institui\u00e7\u00f5es brasileiras com mais contribui\u00e7\u00f5es cient\u00edficas para","_links":{"self":[{"href":"https:\/\/espacoecologico.com.br\/arquivo\/wp-json\/wp\/v2\/posts\/152109"}],"collection":[{"href":"https:\/\/espacoecologico.com.br\/arquivo\/wp-json\/wp\/v2\/posts"}],"about":[{"href":"https:\/\/espacoecologico.com.br\/arquivo\/wp-json\/wp\/v2\/types\/post"}],"author":[{"embeddable":true,"href":"https:\/\/espacoecologico.com.br\/arquivo\/wp-json\/wp\/v2\/users\/2"}],"replies":[{"embeddable":true,"href":"https:\/\/espacoecologico.com.br\/arquivo\/wp-json\/wp\/v2\/comments?post=152109"}],"version-history":[{"count":3,"href":"https:\/\/espacoecologico.com.br\/arquivo\/wp-json\/wp\/v2\/posts\/152109\/revisions"}],"predecessor-version":[{"id":152114,"href":"https:\/\/espacoecologico.com.br\/arquivo\/wp-json\/wp\/v2\/posts\/152109\/revisions\/152114"}],"wp:featuredmedia":[{"embeddable":true,"href":"https:\/\/espacoecologico.com.br\/arquivo\/wp-json\/wp\/v2\/media\/152112"}],"wp:attachment":[{"href":"https:\/\/espacoecologico.com.br\/arquivo\/wp-json\/wp\/v2\/media?parent=152109"}],"wp:term":[{"taxonomy":"category","embeddable":true,"href":"https:\/\/espacoecologico.com.br\/arquivo\/wp-json\/wp\/v2\/categories?post=152109"},{"taxonomy":"post_tag","embeddable":true,"href":"https:\/\/espacoecologico.com.br\/arquivo\/wp-json\/wp\/v2\/tags?post=152109"}],"curies":[{"name":"wp","href":"https:\/\/api.w.org\/{rel}","templated":true}]}}