{"id":152097,"date":"2021-08-23T15:00:15","date_gmt":"2021-08-23T18:00:15","guid":{"rendered":"https:\/\/espacoecologico.com.br\/arquivo\/?p=152097"},"modified":"2021-08-23T08:30:10","modified_gmt":"2021-08-23T11:30:10","slug":"saiba-quais-sao-os-principais-fatores-de-risco-que-podem-levar-a-um-ataque-cardiaco","status":"publish","type":"post","link":"https:\/\/espacoecologico.com.br\/arquivo\/saiba-quais-sao-os-principais-fatores-de-risco-que-podem-levar-a-um-ataque-cardiaco\/","title":{"rendered":"Saiba quais s\u00e3o os principais fatores de risco que podem levar a um ataque card\u00edaco"},"content":{"rendered":"<p align=\"justify\"><a href=\"https:\/\/espacoecologico.com.br\/arquivo\/?attachment_id=152098\" rel=\"attachment wp-att-152098\"><img loading=\"lazy\" class=\"alignleft size-medium wp-image-152098\" src=\"https:\/\/espacoecologico.com.br\/arquivo\/wp-content\/uploads\/2021\/08\/hospital-300x192.jpg\" alt=\"\" width=\"300\" height=\"192\" srcset=\"https:\/\/espacoecologico.com.br\/arquivo\/wp-content\/uploads\/2021\/08\/hospital-300x192.jpg 300w, https:\/\/espacoecologico.com.br\/arquivo\/wp-content\/uploads\/2021\/08\/hospital.jpg 415w\" sizes=\"(max-width: 300px) 100vw, 300px\" \/><\/a>Voc\u00ea sabe quais s\u00e3o os principais fatores de risco para um infarto? Um deles, por exemplo, \u00e9 o colesterol elevado. Por isso, \u00e9 preciso identificar os perigos para evit\u00e1-los, e assim cuidar melhor do seu cora\u00e7\u00e3o. As doen\u00e7as cardiovasculares provocam 30% de todos os \u00f3bitos registrados no Brasil e no mundo. As informa\u00e7\u00f5es s\u00e3o da Ag\u00eancia Einstein.<\/p>\n<p align=\"justify\">Outros grandes inimigos do cora\u00e7\u00e3o s\u00e3o a hipertens\u00e3o (\u201cpress\u00e3o alta\u201d), o tabagismo e a diabetes, de acordo com a Interheart, uma pesquisa cl\u00e1ssica que foi realizada em 52 pa\u00edses.<\/p>\n<p align=\"justify\">\u2014 O infarto \u00e9 uma doen\u00e7a do estilo de vida e da m\u00e1 adapta\u00e7\u00e3o \u00e0 urbaniza\u00e7\u00e3o \u2014 sentencia o m\u00e9dico Otavio Berwanger, membro da Sociedade de Cardiologia do Estado de S\u00e3o Paulo (SOCESP).<\/p>\n<p align=\"justify\">Neste sentido, fatores como colesterol, hipertens\u00e3o e diabetes decorrem em boa medida de sedentarismo, m\u00e1 alimenta\u00e7\u00e3o e obesidade.<\/p>\n<p align=\"justify\">Ao ajustar esses h\u00e1bitos e tamb\u00e9m n\u00e3o fumar (ou participar de programas de cessa\u00e7\u00e3o de tabagismo), seria poss\u00edvel evitar boa parte dos ataques card\u00edacos.<\/p>\n<p align=\"justify\">\u2014 Essas medidas s\u00e3o eficazes, seguras, custo-efetivas s e aplic\u00e1veis em qualquer lugar \u2014 explica Berwanger, que tamb\u00e9m \u00e9 diretor da Academic Research Organization (ARO), uma unidade da Sociedade Beneficente Israelita Brasileira Albert Einstein que coordena pesquisas cl\u00ednicas de grande porte.<\/p>\n<p align=\"justify\">Dados da Organiza\u00e7\u00e3o Pan-Americana da Sa\u00fade (Opas) apontam que as doen\u00e7as cardiovasculares foram a causa de morte de 18 milh\u00f5es de pessoas em 2016 \u2014 85% por causa de infartos e acidentes vasculares cerebrais (AVCs). Vale destacar que o impacto dessas enfermidades \u00e9 ainda maior em pa\u00edses de baixa e de m\u00e9dia renda, que concentram a maior parte destes \u00f3bitos.<\/p>\n<p align=\"justify\">Apesar da possibilidade de controle e tratamento, esses quatro fatores de risco s\u00e3o altamente prevalentes na popula\u00e7\u00e3o brasileira.<\/p>\n<p align=\"justify\">\u2014 Temos um n\u00famero elevado de pessoas com colesterol alto, que pode chegar a 40%. J\u00e1 28% apresentam hipertens\u00e3o e em torno de 15%, diabetes. E \u00e0s vezes o paciente possui mais de um desses problemas \u2014 alerta Berwanger.<\/p>\n<p align=\"justify\">Um desafio \u00e9 conscientizar os brasileiros da import\u00e2ncia de cuidar da sa\u00fade cardiovascular. Uma pesquisa feita em 2017 pela Sociedade Brasileira de Cardiologia (SBC) indicou que 67% dos entrevistados desconheciam seus n\u00edveis de colesterol, por exemplo.<\/p>\n<p align=\"left\"><strong>Ataques podem ser assintom\u00e1ticos<\/strong><\/p>\n<p align=\"justify\">O infarto do mioc\u00e1rdio \u00e9 o resultado da obstru\u00e7\u00e3o de uma art\u00e9ria que leva o sangue para o cora\u00e7\u00e3o. Com isso, as c\u00e9lulas do m\u00fasculo card\u00edaco come\u00e7am a morrer. Dor no peito \u2014 que pode irradiar para o bra\u00e7o esquerdo \u2014, sensa\u00e7\u00e3o de aperto no t\u00f3rax, suor excessivo, palidez e altera\u00e7\u00e3o na frequ\u00eancia card\u00edaca s\u00e3o os principais sintomas.<\/p>\n<p align=\"justify\">Mas o ataque card\u00edaco pode ser assintom\u00e1tico, especialmente entre idosos e pacientes com diabetes. Por isso, \u00e9 importante ter acompanhamento m\u00e9dico e realizar exames frequentemente.<\/p>\n<p align=\"justify\">O infarto \u00e9 mais comum a partir dos 45 anos \u2014 o risco aumenta com o avan\u00e7ar da idade. Entre as medidas de preven\u00e7\u00e3o para evitar o entupimento das art\u00e9rias est\u00e3o a pr\u00e1tica de exerc\u00edcios f\u00edsicos, alimenta\u00e7\u00e3o adequada, cessa\u00e7\u00e3o do tabagismo e o adequado controle de fatores de risco, como colesterol elevado, hipertens\u00e3o e diabetes.<\/p>\n<p align=\"left\"><strong>Estudo alerta para perigos da matr\u00edcula escolar precoce<\/strong><\/p>\n<p align=\"justify\">As crian\u00e7as v\u00e3o para a escola cada vez mais cedo e passam mais tempo no ambiente escolar do que nunca, afirma um novo estudo publicado na \u00faltima semana. No entanto, consequentemente, cada vez mais elas precisam aprender desde cedo o conte\u00fado acad\u00eamico que pode estar bem acima de sua capacidade de desenvolvimento. As informa\u00e7\u00f5es s\u00e3o da revista Crecer.<\/p>\n<p align=\"justify\">Os pesquisadores da Universidade de Harvard, nos Estados Unidos, descobriram que aquelas crian\u00e7as que come\u00e7am a escola entre as mais novas t\u00eam uma probabilidade muito maior de obter o diagn\u00f3stico de transtorno de d\u00e9ficit de aten\u00e7\u00e3o\/hiperatividade (TDAH).<\/p>\n","protected":false},"excerpt":{"rendered":"<p>Voc\u00ea sabe quais s\u00e3o os principais fatores de risco para um infarto? Um deles, por<\/p>\n","protected":false},"author":2,"featured_media":152098,"comment_status":"open","ping_status":"open","sticky":false,"template":"","format":"standard","meta":[],"categories":[],"tags":[],"uagb_featured_image_src":{"full":["https:\/\/espacoecologico.com.br\/arquivo\/wp-content\/uploads\/2021\/08\/hospital.jpg",415,265,false],"thumbnail":["https:\/\/espacoecologico.com.br\/arquivo\/wp-content\/uploads\/2021\/08\/hospital-150x150.jpg",150,150,true],"medium":["https:\/\/espacoecologico.com.br\/arquivo\/wp-content\/uploads\/2021\/08\/hospital-300x192.jpg",300,192,true],"medium_large":["https:\/\/espacoecologico.com.br\/arquivo\/wp-content\/uploads\/2021\/08\/hospital.jpg",415,265,false],"large":["https:\/\/espacoecologico.com.br\/arquivo\/wp-content\/uploads\/2021\/08\/hospital.jpg",415,265,false],"1536x1536":["https:\/\/espacoecologico.com.br\/arquivo\/wp-content\/uploads\/2021\/08\/hospital.jpg",415,265,false],"2048x2048":["https:\/\/espacoecologico.com.br\/arquivo\/wp-content\/uploads\/2021\/08\/hospital.jpg",415,265,false],"cream-magazine-thumbnail-2":["https:\/\/espacoecologico.com.br\/arquivo\/wp-content\/uploads\/2021\/08\/hospital.jpg",415,265,false],"cream-magazine-thumbnail-3":["https:\/\/espacoecologico.com.br\/arquivo\/wp-content\/uploads\/2021\/08\/hospital.jpg",415,265,false],"cream-magazine-thumbnail-4":["https:\/\/espacoecologico.com.br\/arquivo\/wp-content\/uploads\/2021\/08\/hospital.jpg",415,265,false]},"uagb_author_info":{"display_name":"","author_link":"https:\/\/espacoecologico.com.br\/arquivo\/author\/"},"uagb_comment_info":15,"uagb_excerpt":"Voc\u00ea sabe quais s\u00e3o os principais fatores de risco para um infarto? Um deles, por","_links":{"self":[{"href":"https:\/\/espacoecologico.com.br\/arquivo\/wp-json\/wp\/v2\/posts\/152097"}],"collection":[{"href":"https:\/\/espacoecologico.com.br\/arquivo\/wp-json\/wp\/v2\/posts"}],"about":[{"href":"https:\/\/espacoecologico.com.br\/arquivo\/wp-json\/wp\/v2\/types\/post"}],"author":[{"embeddable":true,"href":"https:\/\/espacoecologico.com.br\/arquivo\/wp-json\/wp\/v2\/users\/2"}],"replies":[{"embeddable":true,"href":"https:\/\/espacoecologico.com.br\/arquivo\/wp-json\/wp\/v2\/comments?post=152097"}],"version-history":[{"count":3,"href":"https:\/\/espacoecologico.com.br\/arquivo\/wp-json\/wp\/v2\/posts\/152097\/revisions"}],"predecessor-version":[{"id":152101,"href":"https:\/\/espacoecologico.com.br\/arquivo\/wp-json\/wp\/v2\/posts\/152097\/revisions\/152101"}],"wp:featuredmedia":[{"embeddable":true,"href":"https:\/\/espacoecologico.com.br\/arquivo\/wp-json\/wp\/v2\/media\/152098"}],"wp:attachment":[{"href":"https:\/\/espacoecologico.com.br\/arquivo\/wp-json\/wp\/v2\/media?parent=152097"}],"wp:term":[{"taxonomy":"category","embeddable":true,"href":"https:\/\/espacoecologico.com.br\/arquivo\/wp-json\/wp\/v2\/categories?post=152097"},{"taxonomy":"post_tag","embeddable":true,"href":"https:\/\/espacoecologico.com.br\/arquivo\/wp-json\/wp\/v2\/tags?post=152097"}],"curies":[{"name":"wp","href":"https:\/\/api.w.org\/{rel}","templated":true}]}}