{"id":152023,"date":"2021-08-23T08:00:37","date_gmt":"2021-08-23T11:00:37","guid":{"rendered":"https:\/\/espacoecologico.com.br\/arquivo\/?p=152023"},"modified":"2021-08-22T12:12:15","modified_gmt":"2021-08-22T15:12:15","slug":"recusa-a-imunizacao-contra-a-covid-19-lota-hospitais-e-cria-brecha-para-a-delta","status":"publish","type":"post","link":"https:\/\/espacoecologico.com.br\/arquivo\/recusa-a-imunizacao-contra-a-covid-19-lota-hospitais-e-cria-brecha-para-a-delta\/","title":{"rendered":"Recusa \u00e0 imuniza\u00e7\u00e3o contra a Covid-19 lota hospitais e cria brecha para a Delta"},"content":{"rendered":"<p align=\"justify\"><a href=\"https:\/\/espacoecologico.com.br\/arquivo\/?attachment_id=152024\" rel=\"attachment wp-att-152024\"><img loading=\"lazy\" class=\"alignleft size-medium wp-image-152024\" src=\"https:\/\/espacoecologico.com.br\/arquivo\/wp-content\/uploads\/2021\/08\/covid-1-300x192.jpg\" alt=\"\" width=\"300\" height=\"192\" srcset=\"https:\/\/espacoecologico.com.br\/arquivo\/wp-content\/uploads\/2021\/08\/covid-1-300x192.jpg 300w, https:\/\/espacoecologico.com.br\/arquivo\/wp-content\/uploads\/2021\/08\/covid-1.jpg 415w\" sizes=\"(max-width: 300px) 100vw, 300px\" \/><\/a>Com problemas na distribui\u00e7\u00e3o de vacinas, mais de 70% da popula\u00e7\u00e3o do pa\u00eds sem imuniza\u00e7\u00e3o completa (duas doses ou dose \u00fanica da Janssen) e acossado pelo avan\u00e7o da supertransmiss\u00edvel variante Delta, o Brasil sofre com outro agente de perpetua\u00e7\u00e3o da pandemia. S\u00e3o as pessoas que se recusam a se vacinar e, com isso, exp\u00f5em a si mesmas e \u00e0 sociedade a um risco que poderia ser evitado. Elas lotam as UTIs e desesperam m\u00e9dicos.<\/p>\n<p align=\"justify\">\u2014 \u00c9 muito desgastante. A gente n\u00e3o aguenta mais ver gente morrer. Estamos exaustos. A Covid-19 pode ser controlada com vacinas. E h\u00e1 quem se recuse a ser imunizado, essas pessoas prolongam a pandemia, perpetuam a desgra\u00e7a \u2014 afirma Ana Helena Barbosa da Silva, coordenadora m\u00e9dica da Terapia Intensiva do Hospital Municipal Ronaldo Gazolla, a maior UTI de Covid-19 do Brasil, no Rio.<\/p>\n<p align=\"justify\">Na semana passada, o secret\u00e1rio municipal de Sa\u00fade do Rio de Janeiro, Daniel Soranz, disse que 95% dos internados no munic\u00edpio s\u00e3o pessoas que n\u00e3o se vacinaram e apenas cerca de 5% dos internados tomaram ao menos a primeira dose. Soranz est\u00e1 convicto que a maioria dos cariocas quer se vacinar. Segundo ele, 90% dos cariocas acima dos 40 anos tomaram a primeira dose. Mas lamenta que uma minoria continue a prejudicar o combate da pandemia.<\/p>\n<p align=\"justify\">\u2014 Onde h\u00e1 pessoas que n\u00e3o se vacinam, h\u00e1 interna\u00e7\u00e3o e morte \u2014 afirma.<\/p>\n<p align=\"justify\">A coordenadora das UTIs do Hospital Gazolla salienta que o Rio est\u00e1 no epicentro da propaga\u00e7\u00e3o da Delta. Segundo ela, 70% dos internados t\u00eam menos de 60 anos e a maioria n\u00e3o foi vacinada. A cepa em ascens\u00e3o \u00e9 cerca de 60% mais transmiss\u00edvel.<\/p>\n<p align=\"justify\">\u2014 \u00c9 de rasgar o peito ver jovens morrendo. Pelo amor de Deus, se vacinem. Precisamos tamb\u00e9m que alguns l\u00edderes religiosos se conscientizem sobre as consequ\u00eancias tr\u00e1gicas de sua nega\u00e7\u00e3o deliberada da ci\u00eancia \u2014 acrescenta Silva.<\/p>\n<p align=\"justify\">A pneumologista e pesquisadora da Funda\u00e7\u00e3o Oswaldo Cruz (Fiocruz) Margareth Dalcolmo diz que no Brasil n\u00e3o existe um movimento antivacina, como ocorre nos EUA e na Europa.<\/p>\n<p align=\"justify\">\u2014 Aqui temos a ignor\u00e2ncia politizada, que tem seus efeitos amplificados por campanhas t\u00f3xicas de desinforma\u00e7\u00e3o nas redes sociais \u2014 destaca Dalcolmo.<\/p>\n<p align=\"left\"><strong>Jovens ficam com pulm\u00f5es fibrosados<\/strong><\/p>\n<p align=\"justify\">O Gazolla est\u00e1 abrindo mais leitos de UTI. H\u00e1 casos de jovens com menos de 18 anos que ainda n\u00e3o puderam ser vacinados ou de outros um pouco mais velhos que se infectaram antes de chegar a vez deles. Alguns ficam com os pulm\u00f5es fibrosados, duros, e n\u00e3o ventilam mais.<\/p>\n<p align=\"justify\">\u2014 D\u00e1 uma indigna\u00e7\u00e3o muito grande saber que pessoas que poderiam j\u00e1 ter se vacinado se recusaram e, com isso, prolongam a pandemia \u2014 diz a coordenadora do Gazolla, que rezou todos os dias at\u00e9 chegar a vez do pr\u00f3prio filho, de 18 anos.<\/p>\n<p align=\"justify\">Casos de nega\u00e7\u00e3o da vacina est\u00e3o pelas UTIs Brasil afora, enfatiza a chefe da Unidade de Doen\u00e7as Infecciosas Parasit\u00e1rias do Hospital Universit\u00e1rio Pedro Ernesto (Hupe-Uerj), Anna Caryna Cabral. Para ela, a pandemia amplificou um problema que j\u00e1 ocorria com outras doen\u00e7as, alimentado pela ignor\u00e2ncia. No tratamento da Aids e da tuberculose, por exemplo, alguns pacientes ouvem de seus guias espirituais que est\u00e3o curados, n\u00e3o precisam de rem\u00e9dios nem de vacinas. Ludhmila Hajjar, chefe da UTI Covid do Hospital das Cl\u00ednicas da Universidade de S\u00e3o Paulo, lamenta que uma minoria prejudique o combate \u00e0 pandemia.<\/p>\n<p align=\"justify\">\u2014 Infelizmente, ainda h\u00e1 quem continue a tomar ivermectina, na ilus\u00e3o do tratamento precoce \u2014afirma.<\/p>\n<p align=\"justify\">O infectologista Rafael Galliez, professor da UFRJ, est\u00e1 preocupado com a vacina\u00e7\u00e3o de gestantes. Elas s\u00e3o grupo de risco e h\u00e1 uma percep\u00e7\u00e3o de que a Delta tem levado ao aumento de casos mais graves entre elas. Muitos m\u00e9dicos, diz, ainda hesitam em prescrever a vacina:<\/p>\n<p align=\"justify\">\u2014 A Covid \u00e9 risco infinitamente maior do que a possibilidade de efeitos adversos.<\/p>\n","protected":false},"excerpt":{"rendered":"<p>Com problemas na distribui\u00e7\u00e3o de vacinas, mais de 70% da popula\u00e7\u00e3o do pa\u00eds sem imuniza\u00e7\u00e3o<\/p>\n","protected":false},"author":2,"featured_media":152024,"comment_status":"open","ping_status":"open","sticky":false,"template":"","format":"standard","meta":[],"categories":[],"tags":[],"uagb_featured_image_src":{"full":["https:\/\/espacoecologico.com.br\/arquivo\/wp-content\/uploads\/2021\/08\/covid-1.jpg",415,265,false],"thumbnail":["https:\/\/espacoecologico.com.br\/arquivo\/wp-content\/uploads\/2021\/08\/covid-1-150x150.jpg",150,150,true],"medium":["https:\/\/espacoecologico.com.br\/arquivo\/wp-content\/uploads\/2021\/08\/covid-1-300x192.jpg",300,192,true],"medium_large":["https:\/\/espacoecologico.com.br\/arquivo\/wp-content\/uploads\/2021\/08\/covid-1.jpg",415,265,false],"large":["https:\/\/espacoecologico.com.br\/arquivo\/wp-content\/uploads\/2021\/08\/covid-1.jpg",415,265,false],"1536x1536":["https:\/\/espacoecologico.com.br\/arquivo\/wp-content\/uploads\/2021\/08\/covid-1.jpg",415,265,false],"2048x2048":["https:\/\/espacoecologico.com.br\/arquivo\/wp-content\/uploads\/2021\/08\/covid-1.jpg",415,265,false],"cream-magazine-thumbnail-2":["https:\/\/espacoecologico.com.br\/arquivo\/wp-content\/uploads\/2021\/08\/covid-1.jpg",415,265,false],"cream-magazine-thumbnail-3":["https:\/\/espacoecologico.com.br\/arquivo\/wp-content\/uploads\/2021\/08\/covid-1.jpg",415,265,false],"cream-magazine-thumbnail-4":["https:\/\/espacoecologico.com.br\/arquivo\/wp-content\/uploads\/2021\/08\/covid-1.jpg",415,265,false]},"uagb_author_info":{"display_name":"","author_link":"https:\/\/espacoecologico.com.br\/arquivo\/author\/"},"uagb_comment_info":12,"uagb_excerpt":"Com problemas na distribui\u00e7\u00e3o de vacinas, mais de 70% da popula\u00e7\u00e3o do pa\u00eds sem imuniza\u00e7\u00e3o","_links":{"self":[{"href":"https:\/\/espacoecologico.com.br\/arquivo\/wp-json\/wp\/v2\/posts\/152023"}],"collection":[{"href":"https:\/\/espacoecologico.com.br\/arquivo\/wp-json\/wp\/v2\/posts"}],"about":[{"href":"https:\/\/espacoecologico.com.br\/arquivo\/wp-json\/wp\/v2\/types\/post"}],"author":[{"embeddable":true,"href":"https:\/\/espacoecologico.com.br\/arquivo\/wp-json\/wp\/v2\/users\/2"}],"replies":[{"embeddable":true,"href":"https:\/\/espacoecologico.com.br\/arquivo\/wp-json\/wp\/v2\/comments?post=152023"}],"version-history":[{"count":3,"href":"https:\/\/espacoecologico.com.br\/arquivo\/wp-json\/wp\/v2\/posts\/152023\/revisions"}],"predecessor-version":[{"id":152027,"href":"https:\/\/espacoecologico.com.br\/arquivo\/wp-json\/wp\/v2\/posts\/152023\/revisions\/152027"}],"wp:featuredmedia":[{"embeddable":true,"href":"https:\/\/espacoecologico.com.br\/arquivo\/wp-json\/wp\/v2\/media\/152024"}],"wp:attachment":[{"href":"https:\/\/espacoecologico.com.br\/arquivo\/wp-json\/wp\/v2\/media?parent=152023"}],"wp:term":[{"taxonomy":"category","embeddable":true,"href":"https:\/\/espacoecologico.com.br\/arquivo\/wp-json\/wp\/v2\/categories?post=152023"},{"taxonomy":"post_tag","embeddable":true,"href":"https:\/\/espacoecologico.com.br\/arquivo\/wp-json\/wp\/v2\/tags?post=152023"}],"curies":[{"name":"wp","href":"https:\/\/api.w.org\/{rel}","templated":true}]}}