{"id":146216,"date":"2021-05-16T08:43:48","date_gmt":"2021-05-16T11:43:48","guid":{"rendered":"https:\/\/espacoecologico.com.br\/arquivo\/?p=146216"},"modified":"2021-05-16T08:43:48","modified_gmt":"2021-05-16T11:43:48","slug":"misteriosa-criatura-marinha-sem-rosto-e-encontrada-em-praia","status":"publish","type":"post","link":"https:\/\/espacoecologico.com.br\/arquivo\/misteriosa-criatura-marinha-sem-rosto-e-encontrada-em-praia\/","title":{"rendered":"Misteriosa criatura marinha \u201csem rosto\u201d \u00e9 encontrada em praia"},"content":{"rendered":"<p><a href=\"https:\/\/espacoecologico.com.br\/arquivo\/wp-content\/uploads\/2021\/05\/criatura.jpg\"><img loading=\"lazy\" class=\"alignleft size-medium wp-image-146217\" src=\"https:\/\/espacoecologico.com.br\/arquivo\/wp-content\/uploads\/2021\/05\/criatura-300x192.jpg\" alt=\"\" width=\"300\" height=\"192\" srcset=\"https:\/\/espacoecologico.com.br\/arquivo\/wp-content\/uploads\/2021\/05\/criatura-300x192.jpg 300w, https:\/\/espacoecologico.com.br\/arquivo\/wp-content\/uploads\/2021\/05\/criatura.jpg 415w\" sizes=\"(max-width: 300px) 100vw, 300px\" \/><\/a>Carca\u00e7a tem sete metros e pesa quatro toneladas, mas animal ainda n\u00e3o foi identificado.<\/p>\n<p style=\"font-weight: 400;\">Acarca\u00e7a de um animal, em avan\u00e7ado est\u00e1gio de decomposi\u00e7\u00e3o, foi encontrada, na \u00faltima semana, na Praia Broad Haven South, no Pa\u00eds de Gales. Os restos mortais medem cerca de sete metros e pesam quatro toneladas,\u00a0<b><strong>mas o animal ainda n\u00e3o foi identificado<\/strong><\/b>.<\/p>\n<p style=\"font-weight: 400;\">Especialistas locais do Programa de Pesquisa de Encalhamento de Cet\u00e1ceos ficaram impressionados com a descoberta. A misteriosa criatura n\u00e3o possui nenhuma caracter\u00edstica aparente que ajude os trabalhadores a identific\u00e1-la. Por isso, eles enviaram amostras para an\u00e1lise no Museu de Hist\u00f3ria Natural e para o Zool\u00f3gico de Londres.<\/p>\n<p style=\"font-weight: 400;\"><b><strong>\u201c\u00c9 muito dif\u00edcil afirmar com certeza o que \u00e9 porque est\u00e1 muito decomposto\u201d<\/strong><\/b>, disse o coordenador do programa, Matthew Westfield, ao jornal brit\u00e2nico The Sun.<\/p>\n<p><img loading=\"lazy\" class=\"\" src=\"https:\/\/www.jornalciencia.com\/wp-content\/uploads\/2021\/03\/criatura_marinha_nao_identificada_encontrada_no_Pais_de_Gales_01.jpg\" width=\"639\" height=\"479\" \/><\/p>\n<p style=\"font-weight: 400;\">A princ\u00edpio, os pesquisadores acreditavam que poderia se tratar de uma baleia, s\u00f3 que a possibilidade foi descartada por conta do cheiro exalado pelo animal.\u00a0<b><strong>\u201cPeixes em decomposi\u00e7\u00e3o t\u00eam um cheiro diferente de baleias em decomposi\u00e7\u00e3o\u201d<\/strong><\/b>, explicou Matthew, afirmando que baleias, por serem mam\u00edferos, n\u00e3o possuem o cheiro de peixe que este animal apresenta.<\/p>\n<p style=\"font-weight: 400;\">O melhor palpite, at\u00e9 agora, \u00e9 que\u00a0<b><strong>os restos mortais possam ser de um tubar\u00e3o-frade<\/strong><\/b>.<\/p>\n<p><img loading=\"lazy\" class=\"\" src=\"https:\/\/www.jornalciencia.com\/wp-content\/uploads\/2021\/03\/tubarao-frade.jpg\" width=\"639\" height=\"673\" \/>Tubar\u00e3o-frade \u00e9 o melhor \u201cchute\u201d dos cientistas sobre o que seria este animal encontrado. Foto: Reprodu\u00e7\u00e3o \/\u00a0<a href=\"https:\/\/www.facebook.com\/Marine.Environmental.Monitoring\/photos\/pcb.202979071610555\/202973751611087\/\">Facebook<\/a>.<\/p>\n<p style=\"font-weight: 400;\">Os especialistas dizem que \u00e9 imposs\u00edvel precisar qual foi a causa da morte, por exemplo, podendo ser devido \u00e0 idade avan\u00e7ada, captura acidental humana ou ferimentos.<\/p>\n","protected":false},"excerpt":{"rendered":"<p>Carca\u00e7a tem sete metros e pesa quatro toneladas, mas animal ainda n\u00e3o foi identificado. Acarca\u00e7a<\/p>\n","protected":false},"author":2,"featured_media":146217,"comment_status":"open","ping_status":"open","sticky":false,"template":"","format":"standard","meta":[],"categories":[],"tags":[],"uagb_featured_image_src":{"full":["https:\/\/espacoecologico.com.br\/arquivo\/wp-content\/uploads\/2021\/05\/criatura.jpg",415,265,false],"thumbnail":["https:\/\/espacoecologico.com.br\/arquivo\/wp-content\/uploads\/2021\/05\/criatura-150x150.jpg",150,150,true],"medium":["https:\/\/espacoecologico.com.br\/arquivo\/wp-content\/uploads\/2021\/05\/criatura-300x192.jpg",300,192,true],"medium_large":["https:\/\/espacoecologico.com.br\/arquivo\/wp-content\/uploads\/2021\/05\/criatura.jpg",415,265,false],"large":["https:\/\/espacoecologico.com.br\/arquivo\/wp-content\/uploads\/2021\/05\/criatura.jpg",415,265,false],"1536x1536":["https:\/\/espacoecologico.com.br\/arquivo\/wp-content\/uploads\/2021\/05\/criatura.jpg",415,265,false],"2048x2048":["https:\/\/espacoecologico.com.br\/arquivo\/wp-content\/uploads\/2021\/05\/criatura.jpg",415,265,false],"cream-magazine-thumbnail-2":["https:\/\/espacoecologico.com.br\/arquivo\/wp-content\/uploads\/2021\/05\/criatura.jpg",415,265,false],"cream-magazine-thumbnail-3":["https:\/\/espacoecologico.com.br\/arquivo\/wp-content\/uploads\/2021\/05\/criatura.jpg",415,265,false],"cream-magazine-thumbnail-4":["https:\/\/espacoecologico.com.br\/arquivo\/wp-content\/uploads\/2021\/05\/criatura.jpg",415,265,false]},"uagb_author_info":{"display_name":"","author_link":"https:\/\/espacoecologico.com.br\/arquivo\/author\/"},"uagb_comment_info":0,"uagb_excerpt":"Carca\u00e7a tem sete metros e pesa quatro toneladas, mas animal ainda n\u00e3o foi identificado. Acarca\u00e7a","_links":{"self":[{"href":"https:\/\/espacoecologico.com.br\/arquivo\/wp-json\/wp\/v2\/posts\/146216"}],"collection":[{"href":"https:\/\/espacoecologico.com.br\/arquivo\/wp-json\/wp\/v2\/posts"}],"about":[{"href":"https:\/\/espacoecologico.com.br\/arquivo\/wp-json\/wp\/v2\/types\/post"}],"author":[{"embeddable":true,"href":"https:\/\/espacoecologico.com.br\/arquivo\/wp-json\/wp\/v2\/users\/2"}],"replies":[{"embeddable":true,"href":"https:\/\/espacoecologico.com.br\/arquivo\/wp-json\/wp\/v2\/comments?post=146216"}],"version-history":[{"count":1,"href":"https:\/\/espacoecologico.com.br\/arquivo\/wp-json\/wp\/v2\/posts\/146216\/revisions"}],"predecessor-version":[{"id":146218,"href":"https:\/\/espacoecologico.com.br\/arquivo\/wp-json\/wp\/v2\/posts\/146216\/revisions\/146218"}],"wp:featuredmedia":[{"embeddable":true,"href":"https:\/\/espacoecologico.com.br\/arquivo\/wp-json\/wp\/v2\/media\/146217"}],"wp:attachment":[{"href":"https:\/\/espacoecologico.com.br\/arquivo\/wp-json\/wp\/v2\/media?parent=146216"}],"wp:term":[{"taxonomy":"category","embeddable":true,"href":"https:\/\/espacoecologico.com.br\/arquivo\/wp-json\/wp\/v2\/categories?post=146216"},{"taxonomy":"post_tag","embeddable":true,"href":"https:\/\/espacoecologico.com.br\/arquivo\/wp-json\/wp\/v2\/tags?post=146216"}],"curies":[{"name":"wp","href":"https:\/\/api.w.org\/{rel}","templated":true}]}}