{"id":146211,"date":"2021-05-16T08:37:03","date_gmt":"2021-05-16T11:37:03","guid":{"rendered":"https:\/\/espacoecologico.com.br\/arquivo\/?p=146211"},"modified":"2021-05-16T08:38:28","modified_gmt":"2021-05-16T11:38:28","slug":"4-atitudes-que-ajudam-a-salvar-o-planeta","status":"publish","type":"post","link":"https:\/\/espacoecologico.com.br\/arquivo\/4-atitudes-que-ajudam-a-salvar-o-planeta\/","title":{"rendered":"4 atitudes que ajudam a salvar o planeta"},"content":{"rendered":"<h2>Existem muitas coisas que podemos fazer para ajudar a reduzir a nossa pegada ecol\u00f3gica. Confira algumas sugest\u00f5es simples e que podem ser inclu\u00eddas na rotina.<\/h2>\n<p><a href=\"https:\/\/espacoecologico.com.br\/arquivo\/wp-content\/uploads\/2021\/05\/atitude.jpg\"><img loading=\"lazy\" class=\"alignnone size-full wp-image-146213\" src=\"https:\/\/espacoecologico.com.br\/arquivo\/wp-content\/uploads\/2021\/05\/atitude.jpg\" alt=\"\" width=\"640\" height=\"341\" srcset=\"https:\/\/espacoecologico.com.br\/arquivo\/wp-content\/uploads\/2021\/05\/atitude.jpg 640w, https:\/\/espacoecologico.com.br\/arquivo\/wp-content\/uploads\/2021\/05\/atitude-300x160.jpg 300w\" sizes=\"(max-width: 640px) 100vw, 640px\" \/><\/a><\/p>\n<p>Voc\u00ea j\u00e1 parou para pensar que a maneira como levamos a vida, os nossos h\u00e1bitos e rotinas, podem deixar marcas profundas no meio ambiente. Isso pode ser medido atrav\u00e9s da\u00a0<a href=\"https:\/\/www.pensamentoverde.com.br\/atitude\/como-medir-seu-impacto-ambiental-pegada-ecologica\/\" target=\"_blank\" rel=\"noopener\">Pegada Ecol\u00f3gica<\/a>\u00a0que, de acordo com a ONG WWF, \u201c\u00e9 uma metodologia de contabilidade ambiental que avalia a press\u00e3o do consumo das popula\u00e7\u00f5es humanas sobre os recursos naturais\u201d.<\/p>\n<p>Essa \u201cpegada\u201d \u00e9 expressa em hectares globais (gha) e permite comparar diferentes padr\u00f5es de consumo, verificando se est\u00e3o dentro da capacidade ecol\u00f3gica do planeta. E para reverter isso s\u00f3 existe um caminho: incluir a sustentabilidade no dia a dia.<\/p>\n<p>Um caminho mais sustent\u00e1vel \u00e9 poss\u00edvel. Mas, para isso, precisamos mudar h\u00e1bitos e incentivar que pessoas, governos, empresas e comunidades tamb\u00e9m adotem essa ideia. Se voc\u00ea se identifica com esse prop\u00f3sito, confira as quatro atitudes que ajudam a salvar o planeta:<\/p>\n<h3>1. Economize \u00c1gua<\/h3>\n<p>Pequenas atitudes fazem uma grande diferen\u00e7a. Toda vez que voc\u00ea fecha a torneira enquanto escova os dentes, ou usa o balde ao inv\u00e9s da mangueira, voc\u00ea est\u00e1 fazendo algo de bom para o planeta e, consequentemente, reduzindo a sua pegada ecol\u00f3gica.<\/p>\n<p>Imagine que uma torneira pingando \u2013 al\u00e9m da conta nas alturas \u2013 pode desperdi\u00e7ar at\u00e9\u00a0<a href=\"http:\/\/site.sabesp.com.br\/uploads\/file\/clientes_servicos\/tabela_vazamento.pdf\" target=\"_blank\" rel=\"noopener\">442 litros de \u00e1gua por dia<\/a>, dependendo de como est\u00e1 o vazamento.<\/p>\n<h3>2. Use menos o carro<\/h3>\n<p>Caminhar faz muito bem \u00e0 sa\u00fade (e tamb\u00e9m ao planeta), por isso, se puder, deixe o carro na garagem dois dias por semana ou mais. Pode parecer pouco, mas esse simples ato ajuda muito a reduzir as emiss\u00f5es de gases do efeito estufa. Um\u00a0<a href=\"http:\/\/emissoes.energiaeambiente.org.br\/\" target=\"_blank\" rel=\"noopener\">estudo<\/a>\u00a0lan\u00e7ado pelo Instituto de Energia e Meio Ambiente (IEMA) mostrou que os autom\u00f3veis s\u00e3o respons\u00e1veis por 72,6% das emiss\u00f5es de gases efeito estufa (GEE) em S\u00e3o Paulo e respondem por 88% dos quil\u00f4metros rodados por ve\u00edculos motorizados na capital.<\/p>\n<p>De acordo com a Cetesb, em um ano, os carros da regi\u00e3o metropolitana de S\u00e3o Paulo emitem 850 mil toneladas de mon\u00f3xido de carbono (CO). Portanto, se um \u00fanico carro for deixado na garagem semanalmente, ele deixa de emitir 20 kg de CO por pessoa a cada ano.<\/p>\n<h3>3. Coma alimentos sustent\u00e1veis<\/h3>\n<p>Atualmente, mais de um ter\u00e7o das emiss\u00f5es de gases de efeito estufa em todo o planeta, causadas pela atividade humana, podem ser atribu\u00eddas \u00e0 maneira como produzimos, processamos e embalamos os alimentos, de acordo com um estudo apoiado pela ONU.<\/p>\n<p>Ent\u00e3o, como podemos nos alimentar de forma sustent\u00e1vel?<br \/>\nExistem algumas maneiras que contribuem muito para uma alimenta\u00e7\u00e3o saud\u00e1vel, como por exemplo: escolher alimentos de produtores locais, optar por alimentos menos processados, dando prefer\u00eancia aos gr\u00e3os integrais, frutas, verduras. Al\u00e9m disso, tamb\u00e9m \u00e9 poss\u00edvel cultivar os seus legumes e verduras! Mesmo quem mora em apartamento,\u00a0<a href=\"http:\/\/www.hortamania.com\/blog\/\" target=\"_blank\" rel=\"noopener\">pode ter a sua horta particular<\/a>.<\/p>\n<h3>4. Reduza, reutilize e recicle<\/h3>\n<p>Voc\u00ea pode ajudar a reduzir (e muito!) a polui\u00e7\u00e3o, apenas separando os recicl\u00e1veis corretamente. E quanto mais espec\u00edfica for essa separa\u00e7\u00e3o, melhor ser\u00e1 o aproveitamento desse recicl\u00e1vel como mat\u00e9ria-prima para a fabrica\u00e7\u00e3o de novos produtos.<\/p>\n<p>A reciclagem e a separa\u00e7\u00e3o n\u00e3o precisam ficar restritas \u00e0 nossa casa. N\u00f3s podemos levar ideias inovadoras e eficientes tamb\u00e9m para o ambiente corporativo.<\/p>\n<p>Um exemplo disso \u00e9 o\u00a0<a href=\"https:\/\/www.pensamentoverde.com.br\/imgreen\/programa-de-reciclagem-de-copos-descartaveis\/\" target=\"_blank\" rel=\"noopener\">Programa de Reciclagem de Copos Descart\u00e1veis<\/a>, uma iniciativa da\u00a0<a href=\"https:\/\/www.braskem.com.br\/\" target=\"_blank\" rel=\"noopener\">Braskem<\/a>, realizada em parceria com a\u00a0<a href=\"http:\/\/www.dinamicambiental.com.br\/\" target=\"_blank\" rel=\"noopener\">Din\u00e2mica Ambiental<\/a>\u00a0e que conta com o apoio das empresas\u00a0<a href=\"https:\/\/www.grupocopobras.com.br\/\" target=\"_blank\" rel=\"noopener\">Copobras<\/a>,\u00a0<a href=\"http:\/\/www.altacoppo.com.br\/\" target=\"_blank\" rel=\"noopener\">Altacoppo<\/a>,\u00a0<a href=\"https:\/\/www.unigel.com.br\/\" target=\"_blank\" rel=\"noopener\">Unigel<\/a>\u00a0e\u00a0<a href=\"https:\/\/innova.com.br\/\" target=\"_blank\" rel=\"noopener\">Innova<\/a>.<\/p>\n<p>Neste Programa, os copos pl\u00e1sticos descart\u00e1veis s\u00e3o coletados separadamente de outros materiais recicl\u00e1veis e, com isso, a sua reciclabilidade aumenta muito.<\/p>\n<p>Os produtos feitos com o pl\u00e1stico reciclado dos descart\u00e1veis recebem o selo I\u2019m Green, que \u00e9 utilizado para identificar os produtos que utilizam o Pl\u00e1stico Verde em sua composi\u00e7\u00e3o, al\u00e9m de fomentar neg\u00f3cios que valorizem os res\u00edduos pl\u00e1sticos ao longo de toda a cadeia produtiva, contribuindo com a\u00e7\u00f5es a favor da reciclagem, do p\u00f3s-consumo e do meio ambiente.<\/p>\n<p>Por isso, se voc\u00ea tamb\u00e9m deseja contribuir para um planeta melhor, entre em contato agora mesmo com\u00a0<a href=\"https:\/\/www.dinamicambiental.com.br\/imgreen\/\" target=\"_blank\" rel=\"noopener\">a equipe da Din\u00e2mica Ambiental<\/a>\u00a0e pe\u00e7a informa\u00e7\u00f5es sobre como a sua empresa pode fazer parte do Programa de Reciclagem de Copos Descart\u00e1veis!<\/p>\n","protected":false},"excerpt":{"rendered":"<p>Existem muitas coisas que podemos fazer para ajudar a reduzir a nossa pegada ecol\u00f3gica. Confira<\/p>\n","protected":false},"author":2,"featured_media":0,"comment_status":"open","ping_status":"open","sticky":false,"template":"","format":"standard","meta":[],"categories":[],"tags":[],"uagb_featured_image_src":{"full":false,"thumbnail":false,"medium":false,"medium_large":false,"large":false,"1536x1536":false,"2048x2048":false,"cream-magazine-thumbnail-2":false,"cream-magazine-thumbnail-3":false,"cream-magazine-thumbnail-4":false},"uagb_author_info":{"display_name":"","author_link":"https:\/\/espacoecologico.com.br\/arquivo\/author\/"},"uagb_comment_info":0,"uagb_excerpt":"Existem muitas coisas que podemos fazer para ajudar a reduzir a nossa pegada ecol\u00f3gica. Confira","_links":{"self":[{"href":"https:\/\/espacoecologico.com.br\/arquivo\/wp-json\/wp\/v2\/posts\/146211"}],"collection":[{"href":"https:\/\/espacoecologico.com.br\/arquivo\/wp-json\/wp\/v2\/posts"}],"about":[{"href":"https:\/\/espacoecologico.com.br\/arquivo\/wp-json\/wp\/v2\/types\/post"}],"author":[{"embeddable":true,"href":"https:\/\/espacoecologico.com.br\/arquivo\/wp-json\/wp\/v2\/users\/2"}],"replies":[{"embeddable":true,"href":"https:\/\/espacoecologico.com.br\/arquivo\/wp-json\/wp\/v2\/comments?post=146211"}],"version-history":[{"count":3,"href":"https:\/\/espacoecologico.com.br\/arquivo\/wp-json\/wp\/v2\/posts\/146211\/revisions"}],"predecessor-version":[{"id":146215,"href":"https:\/\/espacoecologico.com.br\/arquivo\/wp-json\/wp\/v2\/posts\/146211\/revisions\/146215"}],"wp:attachment":[{"href":"https:\/\/espacoecologico.com.br\/arquivo\/wp-json\/wp\/v2\/media?parent=146211"}],"wp:term":[{"taxonomy":"category","embeddable":true,"href":"https:\/\/espacoecologico.com.br\/arquivo\/wp-json\/wp\/v2\/categories?post=146211"},{"taxonomy":"post_tag","embeddable":true,"href":"https:\/\/espacoecologico.com.br\/arquivo\/wp-json\/wp\/v2\/tags?post=146211"}],"curies":[{"name":"wp","href":"https:\/\/api.w.org\/{rel}","templated":true}]}}