{"id":146205,"date":"2021-05-16T08:28:13","date_gmt":"2021-05-16T11:28:13","guid":{"rendered":"https:\/\/espacoecologico.com.br\/arquivo\/?p=146205"},"modified":"2021-05-16T08:28:13","modified_gmt":"2021-05-16T11:28:13","slug":"cataratas-de-vitoria-como-uma-das-maiores-quedas-dagua-do-mundo-secou-2","status":"publish","type":"post","link":"https:\/\/espacoecologico.com.br\/arquivo\/cataratas-de-vitoria-como-uma-das-maiores-quedas-dagua-do-mundo-secou-2\/","title":{"rendered":"Cataratas de Vit\u00f3ria: como uma das maiores quedas d&#8217;\u00e1gua do mundo secou"},"content":{"rendered":"<div class=\"bbc-1ka88fa e57qer20\" dir=\"ltr\">\n<figure class=\"bbc-1qdcvv9 e6bmn90\">\n<div class=\"bbc-172p16q e57qer20\" dir=\"ltr\">\n<div class=\"bbc-172p16q e57qer20\" dir=\"ltr\">\n<div class=\"bbc-189y18v e57qer20\" dir=\"ltr\">\n<div class=\"bbc-1k5hvrj e1whu0\" data-e2e=\"image-placeholder\"><img loading=\"lazy\" class=\"bbc-fat2bc e1enwo3v0\" src=\"https:\/\/ichef.bbci.co.uk\/news\/640\/cpsprodpb\/13041\/production\/_118298877_9ae9333f-c34c-4c52-994a-ae4f9a373861.jpg\" srcset=\"https:\/\/ichef.bbci.co.uk\/news\/240\/cpsprodpb\/13041\/production\/_118298877_9ae9333f-c34c-4c52-994a-ae4f9a373861.jpg 240w, https:\/\/ichef.bbci.co.uk\/news\/320\/cpsprodpb\/13041\/production\/_118298877_9ae9333f-c34c-4c52-994a-ae4f9a373861.jpg 320w, https:\/\/ichef.bbci.co.uk\/news\/480\/cpsprodpb\/13041\/production\/_118298877_9ae9333f-c34c-4c52-994a-ae4f9a373861.jpg 480w, https:\/\/ichef.bbci.co.uk\/news\/624\/cpsprodpb\/13041\/production\/_118298877_9ae9333f-c34c-4c52-994a-ae4f9a373861.jpg 624w, https:\/\/ichef.bbci.co.uk\/news\/800\/cpsprodpb\/13041\/production\/_118298877_9ae9333f-c34c-4c52-994a-ae4f9a373861.jpg 800w\" alt=\"Cataratas Vit\u00f3ria\" width=\"640\" height=\"360\" \/><\/p>\n<p class=\"bbc-1s1cxbv etq3yw90\" role=\"text\"><span class=\"bbc-1gnhmg2 e1yt7oin0\">CR\u00c9DITO,<\/span><span lang=\"en-GB\">REUTERS <\/span>Legenda da foto, Cataratas Vit\u00f3ria, acima em foto de janeiro de 2019, ainda no per\u00edodo de cheia<\/p>\n<\/div>\n<\/div>\n<\/div>\n<\/div>\n<\/figure>\n<\/div>\n<div class=\"bbc-19j92fr e57qer20\" dir=\"ltr\">\n<p class=\"bbc-bm53ic e1cc2ql70\" dir=\"ltr\"><b>Em seu volume m\u00e1ximo, as Cataratas de Vit\u00f3ria, no Zimb\u00e1bue, facilmente se encaixam entre as maravilhas naturais do mundo. Com dimens\u00e3o de 1,7 km em seu ponto mais largo e altura de mais de 100 metros, elas s\u00e3o conhecidas pelos locais n\u00e3o s\u00f3 como as maiores cataratas africanas, mas tamb\u00e9m como a &#8216;fuma\u00e7a que troveja&#8221;.<\/b><\/p>\n<\/div>\n<div class=\"bbc-19j92fr e57qer20\" dir=\"ltr\">\n<p class=\"bbc-bm53ic e1cc2ql70\" dir=\"ltr\">A queda d&#8217;\u00e1gua \u00e9 formada pelo fluxo do rio Zambezi caindo sobre um precip\u00edcio chamado Primeiro Desfiladeiro. O precip\u00edcio foi esculpido pela a\u00e7\u00e3o da \u00e1gua sobre rochas vulc\u00e2nicas que formam essa regi\u00e3o do sul da \u00c1frica.<\/p>\n<\/div>\n<div class=\"e46rrwz0 bbc-1bh6w8m e57qer20\" dir=\"ltr\">\n<figure class=\"bbc-1qdcvv9 e6bmn90\">\n<div class=\"bbc-rl27ak e15ilq0t1\" data-e2e=\"media-player\"><iframe class=\"bbc-sd0it0 e7h5is90\" title=\"Media player\" src=\"https:\/\/bbc.com\/ws\/av-embeds\/cps\/portuguese\/internacional-57051584\/p09hctcm\/pt-BR\" scrolling=\"no\" allowfullscreen=\"allowfullscreen\" data-mce-fragment=\"1\"><\/iframe><\/div><figcaption class=\"bbc-1t9zlwf eede9f50\" dir=\"ltr\"><span class=\"bbc-1gnhmg2 e1yt7oin0\">Legenda do \u00e1udio, <\/span>Em \u00e1udio: Como uma das maiores cataratas do mundo secou<\/figcaption><\/figure>\n<\/div>\n<div class=\"bbc-19j92fr e57qer20\" dir=\"ltr\">\n<p class=\"bbc-bm53ic e1cc2ql70\" dir=\"ltr\">Em dezembro de 2019, por\u00e9m, a maior parte dessa majestosa queda d&#8217;\u00e1gua foi silenciada.<\/p>\n<\/div>\n<div class=\"bbc-19j92fr e57qer20\" dir=\"ltr\">\n<p class=\"bbc-bm53ic e1cc2ql70\" dir=\"ltr\">Em meio \u00e0 maior seca em um s\u00e9culo na regi\u00e3o, sobraram ali apenas alguns filetes de \u00e1gua. Segundo a imprensa local, o fluxo h\u00eddrico voltou cerca de tr\u00eas meses depois, mas persistem as preocupa\u00e7\u00f5es quanto ao futuro das cataratas e do clima africano.<\/p>\n<\/div>\n<div class=\"bbc-19j92fr e57qer20\" dir=\"ltr\">\n<p class=\"bbc-bm53ic e1cc2ql70\" dir=\"ltr\">Como uma das principais atra\u00e7\u00f5es tur\u00edsticas locais, as Cataratas de Vit\u00f3ria s\u00e3o uma valiosa fonte de renda para o Zimb\u00e1bue e a Z\u00e2mbia. \u00c0 medida que a not\u00edcia do baixo n\u00edvel de \u00e1gua se espalhou, comerciantes locais notaram uma queda consider\u00e1vel na chegada de turistas.<\/p>\n<\/div>\n<div class=\"bbc-19j92fr e57qer20\" dir=\"ltr\">\n<p class=\"bbc-bm53ic e1cc2ql70\" dir=\"ltr\">Al\u00e9m disso, a falta de \u00e1gua prejudicou o abastecimento de energia, uma vez que afetou o funcionamento de hidrel\u00e9tricas.<\/p>\n<\/div>\n<div class=\"bbc-19j92fr e57qer20\" dir=\"ltr\">\n<p class=\"bbc-bm53ic e1cc2ql70\" dir=\"ltr\">Os efeitos foram al\u00e9m: ag\u00eancias humanit\u00e1rias alertaram que aumentou a necessidade de aux\u00edlio alimentar para a popula\u00e7\u00e3o local, uma vez que as colheitas foram prejudicadas pela seca.<\/p>\n<\/div>\n<div class=\"bbc-1ka88fa e57qer20\" dir=\"ltr\">\n<figure class=\"bbc-1qdcvv9 e6bmn90\">\n<div class=\"bbc-172p16q e57qer20\" dir=\"ltr\">\n<div class=\"bbc-172p16q e57qer20\" dir=\"ltr\">\n<div class=\"bbc-189y18v e57qer20\" dir=\"ltr\">\n<div class=\"bbc-1k5hvrj e1whu0\" data-e2e=\"image-placeholder\">\n<div class=\"lazyload-wrapper \"><img loading=\"lazy\" class=\"css-fat2bc e1enwo3v0\" src=\"https:\/\/ichef.bbci.co.uk\/news\/640\/cpsprodpb\/77FB\/production\/_118451703_dez2019.png\" srcset=\"https:\/\/ichef.bbci.co.uk\/news\/240\/cpsprodpb\/77FB\/production\/_118451703_dez2019.png 240w, https:\/\/ichef.bbci.co.uk\/news\/320\/cpsprodpb\/77FB\/production\/_118451703_dez2019.png 320w, https:\/\/ichef.bbci.co.uk\/news\/480\/cpsprodpb\/77FB\/production\/_118451703_dez2019.png 480w, https:\/\/ichef.bbci.co.uk\/news\/624\/cpsprodpb\/77FB\/production\/_118451703_dez2019.png 624w, https:\/\/ichef.bbci.co.uk\/news\/800\/cpsprodpb\/77FB\/production\/_118451703_dez2019.png 800w\" alt=\"As Cataratas, em dezembro de 2019\" width=\"638\" height=\"359\" \/><\/div>\n<p class=\"bbc-1s1cxbv etq3yw90\" role=\"text\"><span class=\"bbc-1gnhmg2 e1yt7oin0\">CR\u00c9DITO,<\/span><span lang=\"en-GB\">REUTERS <\/span>Legenda da foto, As Cataratas, em dezembro de 2019; grande parte da queda d&#8217;\u00e1gua se reduziu a pequenos filetes<\/p>\n<\/div>\n<\/div>\n<\/div>\n<\/div>\n<\/figure>\n<\/div>\n<div class=\"bbc-19j92fr e57qer20\" dir=\"ltr\">\n<h2 id=\"Secas-extremas\" class=\"bbc-l3e97o e14hemmw0\" tabindex=\"-1\">Secas extremas<\/h2>\n<\/div>\n<div class=\"bbc-19j92fr e57qer20\" dir=\"ltr\">\n<p class=\"bbc-bm53ic e1cc2ql70\" dir=\"ltr\">Observadores de padr\u00f5es clim\u00e1ticos no rio Zambezi acreditam que as mudan\u00e7as clim\u00e1ticas est\u00e3o causando um retardamento da temporada de mon\u00e7\u00f5es, fazendo com que as chuvas se concentrem em eventos maiores e mais intensos.<\/p>\n<\/div>\n<div class=\"bbc-19j92fr e57qer20\" dir=\"ltr\">\n<p class=\"bbc-bm53ic e1cc2ql70\" dir=\"ltr\">Isso torna mais dif\u00edcil o armazenamento de \u00e1gua na regi\u00e3o, al\u00e9m de tornar mais dram\u00e1tico o impacto da temporada estendida de secas, com mais consequ\u00eancias danosas para a popula\u00e7\u00e3o e o meio ambiente.<\/p>\n<\/div>\n<div class=\"bbc-19j92fr e57qer20\" dir=\"ltr\">\n<p class=\"bbc-bm53ic e1cc2ql70\" dir=\"ltr\">Um evento clim\u00e1tico extremo n\u00e3o pode, isoladamente, ser considerado consequ\u00eancia das mudan\u00e7as clim\u00e1ticas. Mas essa regi\u00e3o do sul da \u00c1frica tem registrado uma s\u00e9rie de duras secas que refletem o que cientistas clim\u00e1ticos previam que iria ocorrer, como resultado de aumento nos gases de efeito estufa na atmosfera global, lan\u00e7ados por a\u00e7\u00e3o humana.<\/p>\n<\/div>\n<div class=\"bbc-19j92fr e57qer20\" dir=\"ltr\">\n<p class=\"bbc-bm53ic e1cc2ql70\" dir=\"ltr\">O presidente da Z\u00e2mbia, Edgar Lungu, disse \u00e0 \u00e9poca que o ressecamento da queda d&#8217;\u00e1gua era &#8220;um duro lembrete de o que as mudan\u00e7as clim\u00e1ticas est\u00e3o fazendo com o nosso ambiente&#8221;.<\/p>\n<\/div>\n<div class=\"bbc-1ka88fa e57qer20\" dir=\"ltr\">\n<figure class=\"bbc-1qdcvv9 e6bmn90\">\n<div class=\"bbc-172p16q e57qer20\" dir=\"ltr\">\n<div class=\"bbc-172p16q e57qer20\" dir=\"ltr\">\n<div class=\"bbc-189y18v e57qer20\" dir=\"ltr\">\n<div class=\"bbc-1k5hvrj e1whu0\" data-e2e=\"image-placeholder\">\n<div class=\"lazyload-wrapper \"><img loading=\"lazy\" class=\"css-fat2bc e1enwo3v0\" src=\"https:\/\/ichef.bbci.co.uk\/news\/640\/cpsprodpb\/13AC7\/production\/_106138508_afp_un_moz.jpg\" srcset=\"https:\/\/ichef.bbci.co.uk\/news\/240\/cpsprodpb\/13AC7\/production\/_106138508_afp_un_moz.jpg 240w, https:\/\/ichef.bbci.co.uk\/news\/320\/cpsprodpb\/13AC7\/production\/_106138508_afp_un_moz.jpg 320w, https:\/\/ichef.bbci.co.uk\/news\/480\/cpsprodpb\/13AC7\/production\/_106138508_afp_un_moz.jpg 480w, https:\/\/ichef.bbci.co.uk\/news\/624\/cpsprodpb\/13AC7\/production\/_106138508_afp_un_moz.jpg 624w, https:\/\/ichef.bbci.co.uk\/news\/800\/cpsprodpb\/13AC7\/production\/_106138508_afp_un_moz.jpg 800w\" alt=\"Enchentes em Mo\u00e7ambique e Zimb\u00e1bue em 2019\" width=\"640\" height=\"360\" \/><\/div>\n<p class=\"bbc-1s1cxbv etq3yw90\" role=\"text\"><span class=\"bbc-1gnhmg2 e1yt7oin0\">CR\u00c9DITO,<\/span><span lang=\"en-GB\">AFP\/UN <\/span>Legenda da foto, Enchentes em Mo\u00e7ambique e Zimb\u00e1bue em 2019; eventos clim\u00e1ticos mais extremos est\u00e3o castigando o continente africano<\/p>\n<\/div>\n<\/div>\n<\/div>\n<\/div>\n<\/figure>\n<\/div>\n<div class=\"bbc-19j92fr e57qer20\" dir=\"ltr\">\n<p class=\"bbc-bm53ic e1cc2ql70\" dir=\"ltr\">O relat\u00f3rio de 2019 da ONU sobre O Estado do Clima na \u00c1frica pintava um cen\u00e1rio preocupante para um continente que pode ver sua popula\u00e7\u00e3o dobrar no pr\u00f3ximo s\u00e9culo.<\/p>\n<\/div>\n<div class=\"bbc-19j92fr e57qer20\" dir=\"ltr\">\n<p class=\"bbc-bm53ic e1cc2ql70\" dir=\"ltr\">Em discurso no lan\u00e7amento do relat\u00f3rio, em outubro de 2020, Petteri Taalas, secret\u00e1rio-geral da Organiza\u00e7\u00e3o Meteorol\u00f3gica Mundial, observou: &#8220;Mudan\u00e7as clim\u00e1ticas est\u00e3o tendo um impacto crescente no continente africano, atingindo com mais dureza os mais vulner\u00e1veis, e contribuindo para a inseguran\u00e7a alimentar, o deslocamento de popula\u00e7\u00f5es e o estresse sobre recursos h\u00eddricos&#8221;.<\/p>\n<\/div>\n<div class=\"bbc-19j92fr e57qer20\" dir=\"ltr\">\n<p class=\"bbc-bm53ic e1cc2ql70\" dir=\"ltr\">&#8220;Nos \u00faltimos meses, vimos enchentes devastadoras, invas\u00f5es de gafanhotos do deserto e, agora, a perspectiva de secas, por causa do La Ni\u00f1a&#8221;, prosseguiu.<\/p>\n<\/div>\n<div class=\"bbc-19j92fr e57qer20\" dir=\"ltr\">\n<p class=\"bbc-bm53ic e1cc2ql70\" dir=\"ltr\">O relat\u00f3rio da ONU acrescenta que 2019 esteve entre os anos mais quentes da hist\u00f3ria no continente africano, uma tend\u00eancia que deve continuar.<\/p>\n<\/div>\n<div class=\"bbc-19j92fr e57qer20\" dir=\"ltr\">\n<p class=\"bbc-bm53ic e1cc2ql70\" dir=\"ltr\">O mais preocupante \u00e9 que, ao mesmo tempo em que a \u00c1frica deve ser o continente mais duramente atingido pelas mudan\u00e7as clim\u00e1ticas, \u00e9 tamb\u00e9m o que tem menos capacidade de se adaptar \u00e0s realidades de um mundo mais quente \u2014 em \u00e1reas como suprimento de \u00e1gua, seguran\u00e7a alimentar e prote\u00e7\u00e3o da biodiversidade, em meio a cada vez mais secas e enchentes intensas.<\/p>\n<\/div>\n<div class=\"bbc-19j92fr e57qer20\" dir=\"ltr\">\n<p class=\"bbc-bm53ic e1cc2ql70\" dir=\"ltr\"><i class=\"bbc-h1y5j7 ewc4zcb0\"><b>*A s\u00e9rie da BBC Then and Now (Antes e Agora, em tradu\u00e7\u00e3o livre) mostra como a Terra est\u00e1 mudando, em consequ\u00eancia de temperaturas crescentes. Esta reportagem aponta os efeitos das mudan\u00e7as clim\u00e1ticas nas Cataratas de Vit\u00f3ria, uma das maravilhas naturais do mundo localizadas no Zimb\u00e1bue.<\/b><\/i><\/p>\n<\/div>\n","protected":false},"excerpt":{"rendered":"<p>CR\u00c9DITO,REUTERS Legenda da foto, Cataratas Vit\u00f3ria, acima em foto de janeiro de 2019, ainda no<\/p>\n","protected":false},"author":2,"featured_media":0,"comment_status":"open","ping_status":"open","sticky":false,"template":"","format":"standard","meta":[],"categories":[],"tags":[],"uagb_featured_image_src":{"full":false,"thumbnail":false,"medium":false,"medium_large":false,"large":false,"1536x1536":false,"2048x2048":false,"cream-magazine-thumbnail-2":false,"cream-magazine-thumbnail-3":false,"cream-magazine-thumbnail-4":false},"uagb_author_info":{"display_name":"","author_link":"https:\/\/espacoecologico.com.br\/arquivo\/author\/"},"uagb_comment_info":0,"uagb_excerpt":"CR\u00c9DITO,REUTERS Legenda da foto, Cataratas Vit\u00f3ria, acima em foto de janeiro de 2019, ainda no","_links":{"self":[{"href":"https:\/\/espacoecologico.com.br\/arquivo\/wp-json\/wp\/v2\/posts\/146205"}],"collection":[{"href":"https:\/\/espacoecologico.com.br\/arquivo\/wp-json\/wp\/v2\/posts"}],"about":[{"href":"https:\/\/espacoecologico.com.br\/arquivo\/wp-json\/wp\/v2\/types\/post"}],"author":[{"embeddable":true,"href":"https:\/\/espacoecologico.com.br\/arquivo\/wp-json\/wp\/v2\/users\/2"}],"replies":[{"embeddable":true,"href":"https:\/\/espacoecologico.com.br\/arquivo\/wp-json\/wp\/v2\/comments?post=146205"}],"version-history":[{"count":1,"href":"https:\/\/espacoecologico.com.br\/arquivo\/wp-json\/wp\/v2\/posts\/146205\/revisions"}],"predecessor-version":[{"id":146206,"href":"https:\/\/espacoecologico.com.br\/arquivo\/wp-json\/wp\/v2\/posts\/146205\/revisions\/146206"}],"wp:attachment":[{"href":"https:\/\/espacoecologico.com.br\/arquivo\/wp-json\/wp\/v2\/media?parent=146205"}],"wp:term":[{"taxonomy":"category","embeddable":true,"href":"https:\/\/espacoecologico.com.br\/arquivo\/wp-json\/wp\/v2\/categories?post=146205"},{"taxonomy":"post_tag","embeddable":true,"href":"https:\/\/espacoecologico.com.br\/arquivo\/wp-json\/wp\/v2\/tags?post=146205"}],"curies":[{"name":"wp","href":"https:\/\/api.w.org\/{rel}","templated":true}]}}