{"id":146202,"date":"2021-05-16T08:23:14","date_gmt":"2021-05-16T11:23:14","guid":{"rendered":"https:\/\/espacoecologico.com.br\/arquivo\/?p=146202"},"modified":"2021-05-16T08:23:14","modified_gmt":"2021-05-16T11:23:14","slug":"pesca-ilegal-de-peixe-cocaina-do-mar-ameaca-especie-rara-e-causa-conflitos-no-mexico","status":"publish","type":"post","link":"https:\/\/espacoecologico.com.br\/arquivo\/pesca-ilegal-de-peixe-cocaina-do-mar-ameaca-especie-rara-e-causa-conflitos-no-mexico\/","title":{"rendered":"Pesca ilegal de peixe &#8216;coca\u00edna do mar&#8217; amea\u00e7a esp\u00e9cie rara e causa conflitos no M\u00e9xico"},"content":{"rendered":"<h2 class=\"content-head__subtitle\"><a href=\"https:\/\/espacoecologico.com.br\/arquivo\/wp-content\/uploads\/2021\/05\/peixe_cocaina.jpg\"><img loading=\"lazy\" class=\"alignleft size-medium wp-image-146203\" src=\"https:\/\/espacoecologico.com.br\/arquivo\/wp-content\/uploads\/2021\/05\/peixe_cocaina-300x192.jpg\" alt=\"\" width=\"300\" height=\"192\" srcset=\"https:\/\/espacoecologico.com.br\/arquivo\/wp-content\/uploads\/2021\/05\/peixe_cocaina-300x192.jpg 300w, https:\/\/espacoecologico.com.br\/arquivo\/wp-content\/uploads\/2021\/05\/peixe_cocaina.jpg 415w\" sizes=\"(max-width: 300px) 100vw, 300px\" \/><\/a>A pesca ilegal de totoaba, peixe conhecido como &#8216;coca\u00edna do mar&#8217; por causa de seu lucrativo mercado na tradicional medicina chinesa, causou uma s\u00e9rie de problemas na costa mexicana: conflitos entre ambientalistas e pescadores e risco de extin\u00e7\u00e3o de duas esp\u00e9cies marinhas.<\/h2>\n<div class=\"mc-column content-text active-extra-styles \" data-block-type=\"unstyled\" data-block-weight=\"28\" data-block-id=\"2\">\n<p class=\"content-text__container \" data-track-category=\"Link no Texto\" data-track-links=\"\">O explorador Jacques Cousteau certa vez disse que o Golfo da Calif\u00f3rnia, tamb\u00e9m conhecido como mar de Cortez, no noroeste do\u00a0<a href=\"https:\/\/g1.globo.com\/tudo-sobre\/mexico\/\">M\u00e9xico<\/a>, \u00e9 &#8220;o aqu\u00e1rio do mundo&#8221;.<\/p>\n<\/div>\n<div class=\"wall protected-content\">\n<div class=\"mc-column content-text active-extra-styles \" data-block-type=\"unstyled\" data-block-weight=\"31\" data-block-id=\"3\">\n<p class=\"content-text__container \" data-track-category=\"Link no Texto\" data-track-links=\"\">Um de seus tesouros \u00e9 a vaquita, uma toninha prateada com grandes olhos. Mas seus dias podem estar contados por causa da pesca ilegal de outra esp\u00e9cie protegida: a totoaba.<\/p>\n<\/div>\n<div class=\"mc-column content-text active-extra-styles \" data-block-type=\"unstyled\" data-block-weight=\"26\" data-block-id=\"4\">\n<p class=\"content-text__container \" data-track-category=\"Link no Texto\" data-track-links=\"\">A totoaba \u00e9 um grande peixe que, antes de entrar na lista de esp\u00e9cies amea\u00e7adas de extin\u00e7\u00e3o no M\u00e9xico, era usado principalmente para a alimenta\u00e7\u00e3o.<\/p>\n<\/div>\n<div class=\"mc-column content-text active-extra-styles \" data-block-type=\"unstyled\" data-block-weight=\"33\" data-block-id=\"5\">\n<p class=\"content-text__container \" data-track-category=\"Link no Texto\" data-track-links=\"\">&#8220;N\u00f3s a pescamos desde as d\u00e9cadas de 60 e 70&#8221;, lembra Ram\u00f3n Franco D\u00edaz, presidente de uma federa\u00e7\u00e3o de pescadores da cidade costeira de San Felipe, na pen\u00ednsula mexicana de Baixa Calif\u00f3rnia.<\/p>\n<\/div>\n<div class=\"mc-column content-text active-extra-styles \" data-block-type=\"unstyled\" data-block-weight=\"17\" data-block-id=\"6\">\n<p class=\"content-text__container \" data-track-category=\"Link no Texto\" data-track-links=\"\">&#8220;Ent\u00e3o os chineses vieram com suas malas cheias de d\u00f3lares e compraram nossas consci\u00eancias&#8221;, afirma.<\/p>\n<\/div>\n<div class=\"mc-column content-text active-extra-styles \" data-block-type=\"unstyled\" data-block-weight=\"37\" data-block-id=\"7\">\n<p class=\"content-text__container \" data-track-category=\"Link no Texto\" data-track-links=\"\">Os asi\u00e1ticos foram ao local em busca da bexiga natat\u00f3ria da totoaba, um \u00f3rg\u00e3o que ajuda os peixes a se manterem flutuantes. Na China, ela \u00e9 muito valiosa por causa de propriedades medicinais nunca comprovadas cientificamente.<\/p>\n<\/div>\n<div class=\"mc-column content-text active-extra-styles \" data-block-type=\"unstyled\" data-block-weight=\"55\" data-block-id=\"8\">\n<p class=\"content-text__container \" data-track-category=\"Link no Texto\" data-track-links=\"\">De acordo com a ONG Earth League International, um quilo de bexigas natat\u00f3rias secas, de 10 anos de idade, podem ser vendidas por U$ 85 mil (cerca de R$ 448 mil) na China. Os pescadores de San Felipe ganham apenas uma pequena fra\u00e7\u00e3o desse montante, mas, como a comunidade \u00e9 pobre, o neg\u00f3cio floresceu.<\/p>\n<\/div>\n<div class=\"row medium-uncollapsed content-media content-photo\" data-block-type=\"backstage-photo\" data-block-id=\"10\">\n<div class=\"mc-column content-media__container\">\n<div class=\"content-media-container glb-skeleton-box\">\n<figure class=\"content-media-figure\"><img loading=\"lazy\" class=\"i-amphtml-fill-content i-amphtml-replaced-content\" src=\"https:\/\/s2.glbimg.com\/-cyc_8OJa1EtJjNA-kS_wy9dl1s=\/0x0:976x549\/984x0\/smart\/filters:strip_icc()\/i.s3.glbimg.com\/v1\/AUTH_59edd422c0c84a879bd37670ae4f538a\/internal_photos\/bs\/2021\/Z\/n\/6Weoz2SUOTKrOTbrdYUQ\/foto-2-pescadores-de-cidades-proximas-a-san-felipe-se-beneficiaram-com-a-extracao-ilegal-da-totoaba..jpg\" sizes=\"(max-width: 2133px) 648px, 100vw\" srcset=\"https:\/\/s2.glbimg.com\/_PhI7YbKz22I8W4idxrBK78_FMM=\/0x0:976x549\/1000x0\/smart\/filters:strip_icc()\/i.s3.glbimg.com\/v1\/AUTH_59edd422c0c84a879bd37670ae4f538a\/internal_photos\/bs\/2021\/Z\/n\/6Weoz2SUOTKrOTbrdYUQ\/foto-2-pescadores-de-cidades-proximas-a-san-felipe-se-beneficiaram-com-a-extracao-ilegal-da-totoaba..jpg 1000w, https:\/\/s2.glbimg.com\/-cyc_8OJa1EtJjNA-kS_wy9dl1s=\/0x0:976x549\/984x0\/smart\/filters:strip_icc()\/i.s3.glbimg.com\/v1\/AUTH_59edd422c0c84a879bd37670ae4f538a\/internal_photos\/bs\/2021\/Z\/n\/6Weoz2SUOTKrOTbrdYUQ\/foto-2-pescadores-de-cidades-proximas-a-san-felipe-se-beneficiaram-com-a-extracao-ilegal-da-totoaba..jpg 984w, https:\/\/s2.glbimg.com\/xK0Bt1FJM1ONkfuEvVqu6Wiikdo=\/0x0:976x549\/640x0\/smart\/filters:strip_icc()\/i.s3.glbimg.com\/v1\/AUTH_59edd422c0c84a879bd37670ae4f538a\/internal_photos\/bs\/2021\/Z\/n\/6Weoz2SUOTKrOTbrdYUQ\/foto-2-pescadores-de-cidades-proximas-a-san-felipe-se-beneficiaram-com-a-extracao-ilegal-da-totoaba..jpg 640w, https:\/\/s2.glbimg.com\/aCAWwZqaihBBeeeYUrlbIcq-egk=\/0x0:976x549\/600x0\/smart\/filters:strip_icc()\/i.s3.glbimg.com\/v1\/AUTH_59edd422c0c84a879bd37670ae4f538a\/internal_photos\/bs\/2021\/Z\/n\/6Weoz2SUOTKrOTbrdYUQ\/foto-2-pescadores-de-cidades-proximas-a-san-felipe-se-beneficiaram-com-a-extracao-ilegal-da-totoaba..jpg 600w\" alt=\"Pescadores de cidades pr\u00f3ximas a San Felipe se beneficiaram com a extra\u00e7\u00e3o ilegal da totoaba \u2014 Foto: Sea Shepherd\/BBC\" width=\"639\" height=\"360\" \/><\/figure>\n<\/div>\n<p class=\"content-media__description \">Pescadores de cidades pr\u00f3ximas a San Felipe se beneficiaram com a extra\u00e7\u00e3o ilegal da totoaba \u2014 Foto: Sea Shepherd\/BBC<\/p>\n<\/div>\n<\/div>\n<div class=\"mc-column content-text active-extra-styles \" data-block-type=\"unstyled\" data-block-weight=\"24\" data-block-id=\"11\">\n<p class=\"content-text__container \" data-track-category=\"Link no Texto\" data-track-links=\"\">Na regi\u00e3o, o car\u00e1ter lucrativo e ilegal da pesca de totoabas fez com que o animal ficasse conhecido pejorativamente como &#8220;coca\u00edna do mar&#8221;.<\/p>\n<\/div>\n<div class=\"mc-column content-text active-extra-styles \" data-block-type=\"unstyled\" data-block-weight=\"22\" data-block-id=\"12\">\n<p class=\"content-text__container \" data-track-category=\"Link no Texto\" data-track-links=\"\">&#8220;Os pescadores ilegais podem ser vistos em plena luz do dia com suas redes ilegais e tamb\u00e9m totoabas&#8221;, diz Franco D\u00edaz.<\/p>\n<\/div>\n<div class=\"mc-column content-text active-extra-styles\" data-block-type=\"raw\" data-block-weight=\"2\" data-block-id=\"13\">\n<div class=\"content-intertitle\">\n<h2>&#8216;Parede subaqu\u00e1tica&#8217;<\/h2>\n<\/div>\n<\/div>\n<div class=\"mc-column content-text active-extra-styles \" data-block-type=\"unstyled\" data-block-weight=\"22\" data-block-id=\"14\">\n<p class=\"content-text__container \" data-track-category=\"Link no Texto\" data-track-links=\"\">Todas as tardes durante a temporada, vans rebocando barcos de pesca descem uma rampa na praia p\u00fablica da cidade.<\/p>\n<\/div>\n<div class=\"mc-column content-text active-extra-styles \" data-block-type=\"unstyled\" data-block-weight=\"22\" data-block-id=\"15\">\n<p class=\"content-text__container \" data-track-category=\"Link no Texto\" data-track-links=\"\">A maioria dessas embarca\u00e7\u00f5es n\u00e3o \u00e9 licenciada. Para retirar a totoaba, os pescadores utilizam redes que podem matar tamb\u00e9m a vaquita.<\/p>\n<\/div>\n<div class=\"mc-column content-text active-extra-styles \" data-block-type=\"unstyled\" data-block-weight=\"39\" data-block-id=\"16\">\n<p class=\"content-text__container \" data-track-category=\"Link no Texto\" data-track-links=\"\">&#8220;As redes de emalhar podem ter centenas de metros de comprimento e 10 metros de altura&#8221;, diz Valeria Towns, que trabalha na ONG mexicana Museo de la Ballena. &#8220;As redes se tornam uma parede debaixo d&#8217;\u00e1gua&#8221;, diz ele.<\/p>\n<\/div>\n<div class=\"mc-column content-text active-extra-styles \" data-block-type=\"unstyled\" data-block-weight=\"32\" data-block-id=\"17\">\n<p class=\"content-text__container \" data-track-category=\"Link no Texto\" data-track-links=\"\">Para proteger a vaquita, este tipo de rede de emalhar \u00e9 proibido na parte alta do Golfo. No entanto, continuam amplamente utilizados, mesmo por pescadores com permiss\u00e3o para pescar pregado ou camar\u00e3o.<\/p>\n<\/div>\n<div class=\"row medium-uncollapsed content-media content-photo\" data-block-type=\"backstage-photo\" data-block-id=\"18\">\n<div class=\"mc-column content-media__container\">\n<div class=\"content-media-container glb-skeleton-box\">\n<figure class=\"content-media-figure\"><img loading=\"lazy\" class=\"i-amphtml-fill-content i-amphtml-replaced-content\" src=\"https:\/\/s2.glbimg.com\/tqKxF5ggEVB25994tRgMJ8nPJgo=\/0x0:976x549\/984x0\/smart\/filters:strip_icc()\/i.s3.glbimg.com\/v1\/AUTH_59edd422c0c84a879bd37670ae4f538a\/internal_photos\/bs\/2021\/X\/S\/rVFPSsQlyf5iQtpA8FWA\/foto-3-nao-e-dificil-para-uma-vaquita-ser-ficar-presa-nas-redes-de-pesca-da-totoaba.jpg\" sizes=\"(max-width: 2133px) 648px, 100vw\" srcset=\"https:\/\/s2.glbimg.com\/4a706y69QUDlP1ZWsyUdQu1_zR4=\/0x0:976x549\/1000x0\/smart\/filters:strip_icc()\/i.s3.glbimg.com\/v1\/AUTH_59edd422c0c84a879bd37670ae4f538a\/internal_photos\/bs\/2021\/X\/S\/rVFPSsQlyf5iQtpA8FWA\/foto-3-nao-e-dificil-para-uma-vaquita-ser-ficar-presa-nas-redes-de-pesca-da-totoaba.jpg 1000w, https:\/\/s2.glbimg.com\/tqKxF5ggEVB25994tRgMJ8nPJgo=\/0x0:976x549\/984x0\/smart\/filters:strip_icc()\/i.s3.glbimg.com\/v1\/AUTH_59edd422c0c84a879bd37670ae4f538a\/internal_photos\/bs\/2021\/X\/S\/rVFPSsQlyf5iQtpA8FWA\/foto-3-nao-e-dificil-para-uma-vaquita-ser-ficar-presa-nas-redes-de-pesca-da-totoaba.jpg 984w, https:\/\/s2.glbimg.com\/UcR8-v-a3gd9gW14_J8TUT5yGiQ=\/0x0:976x549\/640x0\/smart\/filters:strip_icc()\/i.s3.glbimg.com\/v1\/AUTH_59edd422c0c84a879bd37670ae4f538a\/internal_photos\/bs\/2021\/X\/S\/rVFPSsQlyf5iQtpA8FWA\/foto-3-nao-e-dificil-para-uma-vaquita-ser-ficar-presa-nas-redes-de-pesca-da-totoaba.jpg 640w, https:\/\/s2.glbimg.com\/M1I9-BRLWmab2lBS-PeNw0I9u3Y=\/0x0:976x549\/600x0\/smart\/filters:strip_icc()\/i.s3.glbimg.com\/v1\/AUTH_59edd422c0c84a879bd37670ae4f538a\/internal_photos\/bs\/2021\/X\/S\/rVFPSsQlyf5iQtpA8FWA\/foto-3-nao-e-dificil-para-uma-vaquita-ser-ficar-presa-nas-redes-de-pesca-da-totoaba.jpg 600w\" alt=\"N\u00e3o \u00e9 dif\u00edcil para uma vaquita ser ficar presa nas redes de pesca da totoaba \u2014 Foto: PA Media\/BBC\" width=\"639\" height=\"360\" \/><\/figure>\n<\/div>\n<p class=\"content-media__description \">N\u00e3o \u00e9 dif\u00edcil para uma vaquita ser ficar presa nas redes de pesca da totoaba \u2014 Foto: PA Media\/BBC<\/p>\n<\/div>\n<\/div>\n<div class=\"mc-column content-text active-extra-styles \" data-block-type=\"unstyled\" data-block-weight=\"35\" data-block-id=\"20\">\n<p class=\"content-text__container \" data-track-category=\"Link no Texto\" data-track-links=\"\">O maior risco para a vaquita marinha s\u00e3o justamente as grandes redes utilizadas para pescar a totoaba. &#8220;N\u00e3o \u00e9 f\u00e1cil para os mam\u00edferos marinhos se livrar das redes, a vaquita fica presa&#8221;, diz Towns.<\/p>\n<\/div>\n<div class=\"mc-column content-text active-extra-styles \" data-block-type=\"unstyled\" data-block-weight=\"31\" data-block-id=\"21\">\n<p class=\"content-text__container \" data-track-category=\"Link no Texto\" data-track-links=\"\">Ao largo da costa de San Felipe, todo tipo de pesca comercial \u00e9 proibida no Ref\u00fagio de Prote\u00e7\u00e3o da Vaquita Marinha, uma \u00e1rea de mais de 1.800 quil\u00f4metros quadrados.<\/p>\n<\/div>\n<div class=\"mc-column content-text active-extra-styles \" data-block-type=\"unstyled\" data-block-weight=\"28\" data-block-id=\"22\">\n<p class=\"content-text__container \" data-track-category=\"Link no Texto\" data-track-links=\"\">A ONG apoia um grupo de pescadores interessados \u200b\u200bem acabar com a depend\u00eancia das redes de emalhar e patrocina alternativas \u00e0 pesca, como a cria\u00e7\u00e3o de ostras.<\/p>\n<\/div>\n<div class=\"mc-column content-text active-extra-styles \" data-block-type=\"unstyled\" data-block-weight=\"30\" data-block-id=\"23\">\n<p class=\"content-text__container \" data-track-category=\"Link no Texto\" data-track-links=\"\">A Museo de la Ballena tamb\u00e9m \u00e9 uma das entidades que retiram redes de emalhar da \u00e1rea protegida. A atividade, por\u00e9m, fez aumentar as tens\u00f5es entre moradores e conservacionistas.<\/p>\n<\/div>\n<div class=\"mc-column content-text active-extra-styles \" data-block-type=\"unstyled\" data-block-weight=\"39\" data-block-id=\"24\">\n<p class=\"content-text__container \" data-track-category=\"Link no Texto\" data-track-links=\"\">Em 31 de dezembro de 2020, um pescador morreu e outro ficou gravemente ferido depois que seu barco de pesca colidiu com uma embarca\u00e7\u00e3o maior pertencente \u00e0 ONG internacional Sea Shepherd, que estava removendo redes de emalhar do local.<\/p>\n<\/div>\n<div class=\"mc-column content-text active-extra-styles \" data-block-type=\"unstyled\" data-block-weight=\"24\" data-block-id=\"25\">\n<p class=\"content-text__container \" data-track-category=\"Link no Texto\" data-track-links=\"\">Os fatos s\u00e3o pol\u00eamicos, mas o resultado foi um tumulto em San Felipe, onde o navio da ONG Museo de la Ballena atraca.<\/p>\n<\/div>\n<div class=\"mc-column content-text active-extra-styles \" data-block-type=\"unstyled\" data-block-weight=\"19\" data-block-id=\"26\">\n<p class=\"content-text__container \" data-track-category=\"Link no Texto\" data-track-links=\"\">&#8220;Eles iam queimar nosso navio&#8221;, diz Towns, que estava no mar na \u00e9poca, testando redes pr\u00f3prias para vaquitas.<\/p>\n<\/div>\n<div class=\"mc-column content-text active-extra-styles \" data-block-type=\"unstyled\" data-block-weight=\"26\" data-block-id=\"27\">\n<p class=\"content-text__container \" data-track-category=\"Link no Texto\" data-track-links=\"\">&#8220;Quando voltei, outros pescadores que trabalhavam com as redes alternativas estavam defendendo nosso barco. Eles gritavam: &#8216;Eles n\u00e3o s\u00e3o seus inimigos! N\u00e3o queimem o barco.'&#8221;, conta.<\/p>\n<\/div>\n<div class=\"mc-column content-text active-extra-styles \" data-block-type=\"unstyled\" data-block-weight=\"28\" data-block-id=\"28\">\n<p class=\"content-text__container \" data-track-category=\"Link no Texto\" data-track-links=\"\">O navio foi salvo, embora tenha ficado com algumas janelas quebradas. A Marinha mexicana n\u00e3o teve tanta sorte, pois um de seus barcos-patrulha foi incendiado no porto.<\/p>\n<\/div>\n<div class=\"mc-column content-text active-extra-styles \" data-block-type=\"unstyled\" data-block-weight=\"8\" data-block-id=\"29\">\n<p class=\"content-text__container \" data-track-category=\"Link no Texto\" data-track-links=\"\">Por ora, a situa\u00e7\u00e3o \u00e9 mais tranquila.<\/p>\n<\/div>\n<div class=\"mc-column content-text active-extra-styles \" data-block-type=\"unstyled\" data-block-weight=\"44\" data-block-id=\"30\">\n<p class=\"content-text__container \" data-track-category=\"Link no Texto\" data-track-links=\"\">A Marinha diz que continua patrulhando e removendo as redes do santu\u00e1rio. E s\u00e3o poucas as ONGs envolvidas: o Museo de la Ballena aguarda autoriza\u00e7\u00e3o para retomar as atividades, e o navio da Sea Shepherd nunca mais voltou a San Felipe ap\u00f3s o incidente.<\/p>\n<\/div>\n<div class=\"row medium-uncollapsed content-media content-photo\" data-block-type=\"backstage-photo\" data-block-id=\"32\">\n<div class=\"mc-column content-media__container\">\n<div class=\"content-media-container glb-skeleton-box\">\n<figure class=\"content-media-figure\"><img loading=\"lazy\" class=\"i-amphtml-fill-content i-amphtml-replaced-content\" src=\"https:\/\/s2.glbimg.com\/PCZI--oSDDFlRbpTZn8ghcOreXM=\/0x0:976x640\/984x0\/smart\/filters:strip_icc()\/i.s3.glbimg.com\/v1\/AUTH_59edd422c0c84a879bd37670ae4f538a\/internal_photos\/bs\/2021\/0\/I\/d6q9ppRkGTMEUgj9qsJw\/foto-4-a-ong-museo-de-la-ballena-e-uma-das-entidades-que-retiram-redes-de-emalhar-da-area-protegida.jpg\" sizes=\"(max-width: 2133px) 648px, 100vw\" srcset=\"https:\/\/s2.glbimg.com\/2VDOfajCCVS2yiBvmUSFkxxV0G8=\/0x0:976x640\/1000x0\/smart\/filters:strip_icc()\/i.s3.glbimg.com\/v1\/AUTH_59edd422c0c84a879bd37670ae4f538a\/internal_photos\/bs\/2021\/0\/I\/d6q9ppRkGTMEUgj9qsJw\/foto-4-a-ong-museo-de-la-ballena-e-uma-das-entidades-que-retiram-redes-de-emalhar-da-area-protegida.jpg 1000w, https:\/\/s2.glbimg.com\/PCZI--oSDDFlRbpTZn8ghcOreXM=\/0x0:976x640\/984x0\/smart\/filters:strip_icc()\/i.s3.glbimg.com\/v1\/AUTH_59edd422c0c84a879bd37670ae4f538a\/internal_photos\/bs\/2021\/0\/I\/d6q9ppRkGTMEUgj9qsJw\/foto-4-a-ong-museo-de-la-ballena-e-uma-das-entidades-que-retiram-redes-de-emalhar-da-area-protegida.jpg 984w, https:\/\/s2.glbimg.com\/H9A2SrmmakpDB68KrrYRwe42TYA=\/0x0:976x640\/640x0\/smart\/filters:strip_icc()\/i.s3.glbimg.com\/v1\/AUTH_59edd422c0c84a879bd37670ae4f538a\/internal_photos\/bs\/2021\/0\/I\/d6q9ppRkGTMEUgj9qsJw\/foto-4-a-ong-museo-de-la-ballena-e-uma-das-entidades-que-retiram-redes-de-emalhar-da-area-protegida.jpg 640w, https:\/\/s2.glbimg.com\/BCMkrD0ayQS_tq5u_gfgKwdoNZ0=\/0x0:976x640\/600x0\/smart\/filters:strip_icc()\/i.s3.glbimg.com\/v1\/AUTH_59edd422c0c84a879bd37670ae4f538a\/internal_photos\/bs\/2021\/0\/I\/d6q9ppRkGTMEUgj9qsJw\/foto-4-a-ong-museo-de-la-ballena-e-uma-das-entidades-que-retiram-redes-de-emalhar-da-area-protegida.jpg 600w\" alt=\"A ONG Museo de la Ballena \u00e9 uma das entidades que retiram redes de emalhar da \u00e1rea protegida \u2014 Foto: BBC\" width=\"640\" height=\"420\" \/><\/figure>\n<\/div>\n<p class=\"content-media__description \">A ONG Museo de la Ballena \u00e9 uma das entidades que retiram redes de emalhar da \u00e1rea protegida \u2014 Foto: BBC<\/p>\n<\/div>\n<\/div>\n<div class=\"mc-column content-text active-extra-styles\" data-block-type=\"raw\" data-block-weight=\"4\" data-block-id=\"33\">\n<div class=\"content-intertitle\">\n<h2>&#8216;Pessoas malucas com armas&#8217;<\/h2>\n<\/div>\n<\/div>\n<div class=\"mc-column content-text active-extra-styles \" data-block-type=\"unstyled\" data-block-weight=\"28\" data-block-id=\"34\">\n<p class=\"content-text__container \" data-track-category=\"Link no Texto\" data-track-links=\"\">A impunidade e a aus\u00eancia de for\u00e7as de seguran\u00e7a podem explicar porque dezenas de barcos saem da praia de San Felipe em busca da totoaba no santu\u00e1rio.<\/p>\n<\/div>\n<div class=\"mc-column content-text active-extra-styles \" data-block-type=\"unstyled\" data-block-weight=\"32\" data-block-id=\"35\">\n<p class=\"content-text__container \" data-track-category=\"Link no Texto\" data-track-links=\"\">&#8220;Nem uma \u00fanica autoridade os det\u00e9m&#8221;, diz Ram\u00f3n Franco D\u00edaz. &#8220;Se voc\u00ea se atrever a chegar perto deles, eles podem atirar em voc\u00ea. O crime organizado roubou o mar de Cortez.&#8221;<\/p>\n<\/div>\n<div class=\"mc-column content-text active-extra-styles \" data-block-type=\"unstyled\" data-block-weight=\"16\" data-block-id=\"36\">\n<p class=\"content-text__container \" data-track-category=\"Link no Texto\" data-track-links=\"\">Um homem que pescava totoaba afirmou \u00e0 reportagem: &#8220;Agora voc\u00ea v\u00ea muitos malucos com armas.&#8221;<\/p>\n<\/div>\n<div class=\"mc-column content-text active-extra-styles \" data-block-type=\"unstyled\" data-block-weight=\"17\" data-block-id=\"37\">\n<p class=\"content-text__container \" data-track-category=\"Link no Texto\" data-track-links=\"\">Os violentos acontecimentos de 31 de dezembro ganharam notici\u00e1rio internacional e colocaram San Felipe em destaque.<\/p>\n<\/div>\n<div class=\"mc-column content-text active-extra-styles \" data-block-type=\"unstyled\" data-block-weight=\"24\" data-block-id=\"38\">\n<p class=\"content-text__container \" data-track-category=\"Link no Texto\" data-track-links=\"\">Agora, o governo mexicano est\u00e1 considerando propostas que podem agradar aos pescadores, mas v\u00e3o enfurecer conservacionistas preocupados com o destino prec\u00e1rio da vaquita.<\/p>\n<\/div>\n<div class=\"mc-column content-text active-extra-styles \" data-block-type=\"unstyled\" data-block-weight=\"29\" data-block-id=\"39\">\n<p class=\"content-text__container \" data-track-category=\"Link no Texto\" data-track-links=\"\">Uma das propostas do governo \u00e9 elevar o status de esp\u00e9cie amea\u00e7ada de extin\u00e7\u00e3o da totoaba. Outra \u00e9 legalizar as outras pescarias que j\u00e1 s\u00e3o feitas no santu\u00e1rio.<\/p>\n<\/div>\n<div class=\"mc-column content-text active-extra-styles \" data-block-type=\"unstyled\" data-block-weight=\"31\" data-block-id=\"40\">\n<p class=\"content-text__container \" data-track-category=\"Link no Texto\" data-track-links=\"\">&#8220;Queremos estabelecer diferentes zonas de pesca, por exemplo, para corvina e camar\u00e3o&#8221;, diz Iv\u00e1n Rico L\u00f3pez, do grupo de trabalho do governo que explora a sustentabilidade na parte alta do Golfo.<\/p>\n<\/div>\n<div class=\"mc-column content-text active-extra-styles \" data-block-type=\"unstyled\" data-block-weight=\"32\" data-block-id=\"41\">\n<p class=\"content-text__container \" data-track-category=\"Link no Texto\" data-track-links=\"\">&#8220;O santu\u00e1rio \u00e9 enorme. Se a proibi\u00e7\u00e3o da pesca for mantida l\u00e1, os pescadores simplesmente n\u00e3o v\u00e3o ter o que comer. Portanto, temos que avan\u00e7ar no sentido de legalizar a pesca.&#8221;<\/p>\n<\/div>\n<div class=\"mc-column content-text active-extra-styles \" data-block-type=\"unstyled\" data-block-weight=\"24\" data-block-id=\"43\">\n<p class=\"content-text__container \" data-track-category=\"Link no Texto\" data-track-links=\"\">O governo mexicano tamb\u00e9m distribuiu 3 mil &#8220;suriperas&#8221;, redes seguras para vaquitas. Mas os pescadores reclamam que elas reduzem as capturas em 80%.<\/p>\n<\/div>\n<div class=\"mc-column content-text active-extra-styles \" data-block-type=\"unstyled\" data-block-weight=\"30\" data-block-id=\"44\">\n<p class=\"content-text__container \" data-track-category=\"Link no Texto\" data-track-links=\"\">&#8220;Temos que encontrar maneiras de aumentar isso&#8221;, diz Rico L\u00f3pez. &#8220;Procuramos alternativas, mas temos que convencer as comunidades: se n\u00e3o estiverem envolvidas na tomada de decis\u00f5es, n\u00e3o teremos sucesso&#8221;.<\/p>\n<\/div>\n<div class=\"mc-column content-text active-extra-styles \" data-block-type=\"unstyled\" data-block-weight=\"16\" data-block-id=\"45\">\n<p class=\"content-text__container \" data-track-category=\"Link no Texto\" data-track-links=\"\">\u00c9 poss\u00edvel proteger este precioso mam\u00edfero e garantir que os pescadores locais tenham recursos para viver?<\/p>\n<\/div>\n<div class=\"mc-column content-text active-extra-styles \" data-block-type=\"unstyled\" data-block-weight=\"24\" data-block-id=\"46\">\n<p class=\"content-text__container \" data-track-category=\"Link no Texto\" data-track-links=\"\">Em San Felipe, o com\u00e9rcio il\u00edcito de totoaba, o envolvimento amea\u00e7ador do crime organizado e a baixa diversidade econ\u00f4mica viraram uma mistura t\u00f3xica.<\/p>\n<\/div>\n<div class=\"mc-column content-text active-extra-styles \" data-block-type=\"unstyled\" data-block-weight=\"9\" data-block-id=\"47\">\n<p class=\"content-text__container \" data-track-category=\"Link no Texto\" data-track-links=\"\">Existe tamb\u00e9m uma cultura arraigada de pesca tradicional.<\/p>\n<\/div>\n<div class=\"mc-column content-text active-extra-styles \" data-block-type=\"unstyled\" data-block-weight=\"45\" data-block-id=\"48\">\n<p class=\"content-text__container \" data-track-category=\"Link no Texto\" data-track-links=\"\">Valeria Towns tem um alerta para as fam\u00edlias de pescadores de San Felipe que ignoram o apelo por mudan\u00e7as com o objetivo de salvar a vaquita: &#8220;Acho que ningu\u00e9m vai comprar produtos de uma \u00e1rea onde as pessoas causaram a extin\u00e7\u00e3o de uma esp\u00e9cie&#8221;.<\/p>\n<\/div>\n<div class=\"mc-column content-text active-extra-styles \" data-block-type=\"unstyled\" data-block-weight=\"18\" data-block-id=\"49\">\n<p class=\"content-text__container \" data-track-category=\"Link no Texto\" data-track-links=\"\">Mas ele acredita que o cen\u00e1rio pode mudar: &#8220;Claro! Sempre h\u00e1 esperan\u00e7a. Do contr\u00e1rio, eu n\u00e3o estaria aqui.&#8221;<\/p>\n<\/div>\n<\/div>\n","protected":false},"excerpt":{"rendered":"<p>A pesca ilegal de totoaba, peixe conhecido como &#8216;coca\u00edna do mar&#8217; por causa de seu<\/p>\n","protected":false},"author":2,"featured_media":146203,"comment_status":"open","ping_status":"open","sticky":false,"template":"","format":"standard","meta":[],"categories":[],"tags":[],"uagb_featured_image_src":{"full":["https:\/\/espacoecologico.com.br\/arquivo\/wp-content\/uploads\/2021\/05\/peixe_cocaina.jpg",415,265,false],"thumbnail":["https:\/\/espacoecologico.com.br\/arquivo\/wp-content\/uploads\/2021\/05\/peixe_cocaina-150x150.jpg",150,150,true],"medium":["https:\/\/espacoecologico.com.br\/arquivo\/wp-content\/uploads\/2021\/05\/peixe_cocaina-300x192.jpg",300,192,true],"medium_large":["https:\/\/espacoecologico.com.br\/arquivo\/wp-content\/uploads\/2021\/05\/peixe_cocaina.jpg",415,265,false],"large":["https:\/\/espacoecologico.com.br\/arquivo\/wp-content\/uploads\/2021\/05\/peixe_cocaina.jpg",415,265,false],"1536x1536":["https:\/\/espacoecologico.com.br\/arquivo\/wp-content\/uploads\/2021\/05\/peixe_cocaina.jpg",415,265,false],"2048x2048":["https:\/\/espacoecologico.com.br\/arquivo\/wp-content\/uploads\/2021\/05\/peixe_cocaina.jpg",415,265,false],"cream-magazine-thumbnail-2":["https:\/\/espacoecologico.com.br\/arquivo\/wp-content\/uploads\/2021\/05\/peixe_cocaina.jpg",415,265,false],"cream-magazine-thumbnail-3":["https:\/\/espacoecologico.com.br\/arquivo\/wp-content\/uploads\/2021\/05\/peixe_cocaina.jpg",415,265,false],"cream-magazine-thumbnail-4":["https:\/\/espacoecologico.com.br\/arquivo\/wp-content\/uploads\/2021\/05\/peixe_cocaina.jpg",415,265,false]},"uagb_author_info":{"display_name":"","author_link":"https:\/\/espacoecologico.com.br\/arquivo\/author\/"},"uagb_comment_info":0,"uagb_excerpt":"A pesca ilegal de totoaba, peixe conhecido como &#8216;coca\u00edna do mar&#8217; por causa de seu","_links":{"self":[{"href":"https:\/\/espacoecologico.com.br\/arquivo\/wp-json\/wp\/v2\/posts\/146202"}],"collection":[{"href":"https:\/\/espacoecologico.com.br\/arquivo\/wp-json\/wp\/v2\/posts"}],"about":[{"href":"https:\/\/espacoecologico.com.br\/arquivo\/wp-json\/wp\/v2\/types\/post"}],"author":[{"embeddable":true,"href":"https:\/\/espacoecologico.com.br\/arquivo\/wp-json\/wp\/v2\/users\/2"}],"replies":[{"embeddable":true,"href":"https:\/\/espacoecologico.com.br\/arquivo\/wp-json\/wp\/v2\/comments?post=146202"}],"version-history":[{"count":1,"href":"https:\/\/espacoecologico.com.br\/arquivo\/wp-json\/wp\/v2\/posts\/146202\/revisions"}],"predecessor-version":[{"id":146204,"href":"https:\/\/espacoecologico.com.br\/arquivo\/wp-json\/wp\/v2\/posts\/146202\/revisions\/146204"}],"wp:featuredmedia":[{"embeddable":true,"href":"https:\/\/espacoecologico.com.br\/arquivo\/wp-json\/wp\/v2\/media\/146203"}],"wp:attachment":[{"href":"https:\/\/espacoecologico.com.br\/arquivo\/wp-json\/wp\/v2\/media?parent=146202"}],"wp:term":[{"taxonomy":"category","embeddable":true,"href":"https:\/\/espacoecologico.com.br\/arquivo\/wp-json\/wp\/v2\/categories?post=146202"},{"taxonomy":"post_tag","embeddable":true,"href":"https:\/\/espacoecologico.com.br\/arquivo\/wp-json\/wp\/v2\/tags?post=146202"}],"curies":[{"name":"wp","href":"https:\/\/api.w.org\/{rel}","templated":true}]}}