{"id":146148,"date":"2021-05-14T09:56:42","date_gmt":"2021-05-14T12:56:42","guid":{"rendered":"https:\/\/espacoecologico.com.br\/arquivo\/?p=146148"},"modified":"2021-05-14T09:56:42","modified_gmt":"2021-05-14T12:56:42","slug":"chega-ao-brasil-um-novo-remedio-para-a-compulsao-alimentar","status":"publish","type":"post","link":"https:\/\/espacoecologico.com.br\/arquivo\/chega-ao-brasil-um-novo-remedio-para-a-compulsao-alimentar\/","title":{"rendered":"Chega ao Brasil um novo rem\u00e9dio para a compuls\u00e3o alimentar"},"content":{"rendered":"<p><a href=\"https:\/\/espacoecologico.com.br\/arquivo\/wp-content\/uploads\/2021\/05\/hamburgue.jpg\"><img loading=\"lazy\" class=\"alignleft size-medium wp-image-146149\" src=\"https:\/\/espacoecologico.com.br\/arquivo\/wp-content\/uploads\/2021\/05\/hamburgue-300x192.jpg\" alt=\"\" width=\"300\" height=\"192\" srcset=\"https:\/\/espacoecologico.com.br\/arquivo\/wp-content\/uploads\/2021\/05\/hamburgue-300x192.jpg 300w, https:\/\/espacoecologico.com.br\/arquivo\/wp-content\/uploads\/2021\/05\/hamburgue.jpg 415w\" sizes=\"(max-width: 300px) 100vw, 300px\" \/><\/a>Perder o controle emocional diante da alimenta\u00e7\u00e3o pode ter graves consequ\u00eancias \u00e0 sa\u00fade. E um tratamento in\u00e9dito por aqui ajuda a lidar com esse problema<\/p>\n<p>Muita gente j\u00e1 passou por epis\u00f3dios em que desconta todo\u00a0<strong>o estresse e a ansiedade<\/strong>\u00a0do dia a dia num prato de comida. \u00c9 uma situa\u00e7\u00e3o em que, literalmente, perdemos o controle e passamos a \u201ccomer\u201d com as nossas emo\u00e7\u00f5es.<\/p>\n<p>Epis\u00f3dios assim at\u00e9 podem ocorrer de vez em quando, mas, quando acontecem pelo menos uma vez por semana durante o per\u00edodo m\u00ednimo de tr\u00eas meses, sinalizam uma condi\u00e7\u00e3o mais s\u00e9ria. Trata-se do transtorno de\u00a0<a href=\"http:\/\/saude.abril.com.br\/tudo-sobre\/compulsao-alimentar\"><strong>compuls\u00e3o alimentar<\/strong><\/a>, um dos mais comuns na popula\u00e7\u00e3o, chegando a acometer cerca de 5% dos adultos.<\/p>\n<p>A compuls\u00e3o alimentar \u00e9 geralmente mais frequente em pessoas que convivem com maior grau de ansiedade e com dist\u00farbios de humor. O complicado \u00e9 que ela predisp\u00f5e a\u00a0<strong>obesidade,\u00a0<a href=\"http:\/\/saude.abril.com.br\/tudo-sobre\/diabetes\">diabetes<\/a>, press\u00e3o alta e outras doen\u00e7as cr\u00f4nicas<\/strong>.<\/p>\n<p>O epis\u00f3dio de compuls\u00e3o costuma ser solit\u00e1rio, sem a presen\u00e7a de familiares e amigos, devido ao sentimento de vergonha ao ingerir, em poucos minutos, o equivalente a tr\u00eas ou mais pratos de comida. A v\u00edtima cita a famosa frase: \u201ccomecei achando que ia comer uma pequena quantidade, mas terminei comendo tudo\u201d.<\/p>\n<p>A sensa\u00e7\u00e3o de perda de controle \u00e9 corriqueira, assim como a de arrependimento \u2014 diferentemente de outros transtornos alimentares, nesses casos o indiv\u00edduo n\u00e3o induz v\u00f4mitos ou ingere laxativos para compensar a ingest\u00e3o excessiva.<\/p>\n<p>Infelizmente, a maioria das pessoas com compuls\u00e3o alimentar n\u00e3o possui\u00a0<strong>diagn\u00f3stico<\/strong>\u00a0firmado. Isso porque muitos nem sequer procuram ajuda m\u00e9dica. A abordagem, ali\u00e1s, deve ser multiprofissional, incluindo\u00a0<strong>psiquiatra, endocrinologista, psic\u00f3logo e nutricionista<\/strong>.<\/p>\n<p>A\u00a0<strong>terapia cognitivo-comportamental<\/strong>\u00a0h\u00e1 muito tempo \u00e9 uma excelente aliada no controle desse transtorno psiqui\u00e1trico, assim como as interven\u00e7\u00f5es nutricionais e a pr\u00e1tica regular de exerc\u00edcios. Mas nem todo mundo obt\u00e9m sucesso com essas ferramentas. Da\u00ed a boa not\u00edcia do\u00a0<strong>primeiro medicamento devidamente testado para a finalidade de reduzir epis\u00f3dios de compuls\u00e3o alimentar aprovado no Brasil<\/strong>.<\/p>\n<p>Falamos da\u00a0<strong>lisdexanfetamina<\/strong>, que j\u00e1 havia sido aprovada nos Estados Unidos h\u00e1 seis anos para o tratamento do problema. Desenvolvida pela farmac\u00eautica Takeda, ela j\u00e1 estava no mercado como op\u00e7\u00e3o terap\u00eautica para o transtorno de\u00a0<a href=\"https:\/\/saude.abril.com.br\/mente-saudavel\/tdah-decodificado-por-dentro-do-deficit-de-atencao\/\"><strong>d\u00e9ficit de aten\u00e7\u00e3o e hiperatividade (TDAH)<\/strong><\/a>. Agora, respaldada por estudos, ganha essa nova indica\u00e7\u00e3o.<\/p>\n<p>A lisdexanfetamina atua no c\u00e9rebro regulando neurotransmissores ligados ao prazer e \u00e0 vontade de comer. O n\u00famero de crises de compuls\u00e3o se reduz com o uso cr\u00f4nico do medicamento, que ser\u00e1 prescrito por ora apenas para\u00a0<strong>casos de compuls\u00e3o moderados a graves<\/strong>. Obviamente ele s\u00f3 deve ser usado sob supervis\u00e3o m\u00e9dica, pois possui algumas contraindica\u00e7\u00f5es.<\/p>\n<p>O tratamento \u00e9 de longo prazo e o tempo de uso vai depender da resposta do paciente. Em como toda doen\u00e7a cr\u00f4nica, sucessos e reca\u00eddas podem fazer parte do tratamento. Da\u00ed a import\u00e2ncia da ades\u00e3o aos medicamentos e \u00e0s mudan\u00e7as no estilo de vida.<\/p>\n","protected":false},"excerpt":{"rendered":"<p>Perder o controle emocional diante da alimenta\u00e7\u00e3o pode ter graves consequ\u00eancias \u00e0 sa\u00fade. E um<\/p>\n","protected":false},"author":2,"featured_media":146149,"comment_status":"open","ping_status":"open","sticky":false,"template":"","format":"standard","meta":[],"categories":[],"tags":[],"uagb_featured_image_src":{"full":["https:\/\/espacoecologico.com.br\/arquivo\/wp-content\/uploads\/2021\/05\/hamburgue.jpg",415,265,false],"thumbnail":["https:\/\/espacoecologico.com.br\/arquivo\/wp-content\/uploads\/2021\/05\/hamburgue-150x150.jpg",150,150,true],"medium":["https:\/\/espacoecologico.com.br\/arquivo\/wp-content\/uploads\/2021\/05\/hamburgue-300x192.jpg",300,192,true],"medium_large":["https:\/\/espacoecologico.com.br\/arquivo\/wp-content\/uploads\/2021\/05\/hamburgue.jpg",415,265,false],"large":["https:\/\/espacoecologico.com.br\/arquivo\/wp-content\/uploads\/2021\/05\/hamburgue.jpg",415,265,false],"1536x1536":["https:\/\/espacoecologico.com.br\/arquivo\/wp-content\/uploads\/2021\/05\/hamburgue.jpg",415,265,false],"2048x2048":["https:\/\/espacoecologico.com.br\/arquivo\/wp-content\/uploads\/2021\/05\/hamburgue.jpg",415,265,false],"cream-magazine-thumbnail-2":["https:\/\/espacoecologico.com.br\/arquivo\/wp-content\/uploads\/2021\/05\/hamburgue.jpg",415,265,false],"cream-magazine-thumbnail-3":["https:\/\/espacoecologico.com.br\/arquivo\/wp-content\/uploads\/2021\/05\/hamburgue.jpg",415,265,false],"cream-magazine-thumbnail-4":["https:\/\/espacoecologico.com.br\/arquivo\/wp-content\/uploads\/2021\/05\/hamburgue.jpg",415,265,false]},"uagb_author_info":{"display_name":"","author_link":"https:\/\/espacoecologico.com.br\/arquivo\/author\/"},"uagb_comment_info":0,"uagb_excerpt":"Perder o controle emocional diante da alimenta\u00e7\u00e3o pode ter graves consequ\u00eancias \u00e0 sa\u00fade. E um","_links":{"self":[{"href":"https:\/\/espacoecologico.com.br\/arquivo\/wp-json\/wp\/v2\/posts\/146148"}],"collection":[{"href":"https:\/\/espacoecologico.com.br\/arquivo\/wp-json\/wp\/v2\/posts"}],"about":[{"href":"https:\/\/espacoecologico.com.br\/arquivo\/wp-json\/wp\/v2\/types\/post"}],"author":[{"embeddable":true,"href":"https:\/\/espacoecologico.com.br\/arquivo\/wp-json\/wp\/v2\/users\/2"}],"replies":[{"embeddable":true,"href":"https:\/\/espacoecologico.com.br\/arquivo\/wp-json\/wp\/v2\/comments?post=146148"}],"version-history":[{"count":2,"href":"https:\/\/espacoecologico.com.br\/arquivo\/wp-json\/wp\/v2\/posts\/146148\/revisions"}],"predecessor-version":[{"id":146151,"href":"https:\/\/espacoecologico.com.br\/arquivo\/wp-json\/wp\/v2\/posts\/146148\/revisions\/146151"}],"wp:featuredmedia":[{"embeddable":true,"href":"https:\/\/espacoecologico.com.br\/arquivo\/wp-json\/wp\/v2\/media\/146149"}],"wp:attachment":[{"href":"https:\/\/espacoecologico.com.br\/arquivo\/wp-json\/wp\/v2\/media?parent=146148"}],"wp:term":[{"taxonomy":"category","embeddable":true,"href":"https:\/\/espacoecologico.com.br\/arquivo\/wp-json\/wp\/v2\/categories?post=146148"},{"taxonomy":"post_tag","embeddable":true,"href":"https:\/\/espacoecologico.com.br\/arquivo\/wp-json\/wp\/v2\/tags?post=146148"}],"curies":[{"name":"wp","href":"https:\/\/api.w.org\/{rel}","templated":true}]}}