{"id":146117,"date":"2021-05-14T08:57:39","date_gmt":"2021-05-14T11:57:39","guid":{"rendered":"https:\/\/espacoecologico.com.br\/arquivo\/?p=146117"},"modified":"2021-05-14T08:57:39","modified_gmt":"2021-05-14T11:57:39","slug":"simposio-internacional-vai-tratar-de-educacao-popular-agroecologia-e-memoria","status":"publish","type":"post","link":"https:\/\/espacoecologico.com.br\/arquivo\/simposio-internacional-vai-tratar-de-educacao-popular-agroecologia-e-memoria\/","title":{"rendered":"Simp\u00f3sio Internacional vai tratar de Educa\u00e7\u00e3o Popular, Agroecologia e Mem\u00f3ria"},"content":{"rendered":"<p><a href=\"https:\/\/espacoecologico.com.br\/arquivo\/wp-content\/uploads\/2021\/05\/simposio.jpg\"><img loading=\"lazy\" class=\"alignleft wp-image-146118 size-medium\" src=\"https:\/\/espacoecologico.com.br\/arquivo\/wp-content\/uploads\/2021\/05\/simposio-300x192.jpg\" alt=\"\" width=\"300\" height=\"192\" srcset=\"https:\/\/espacoecologico.com.br\/arquivo\/wp-content\/uploads\/2021\/05\/simposio-300x192.jpg 300w, https:\/\/espacoecologico.com.br\/arquivo\/wp-content\/uploads\/2021\/05\/simposio.jpg 415w\" sizes=\"(max-width: 300px) 100vw, 300px\" \/><\/a>Estudantes, profissionais, representantes de organiza\u00e7\u00f5es e movimentos populares j\u00e1 podem se inscrever e submeter trabalhos para participar do <strong>I Simp\u00f3sio Internacional de Educa\u00e7\u00e3o Popular, Agroecologia e Mem\u00f3ria<\/strong>. Como parte da programa\u00e7\u00e3o, o evento contar\u00e1 com o\u00a0<strong>II Semin\u00e1rio de Educa\u00e7\u00e3o do Campo<\/strong>. O simp\u00f3sio ser\u00e1 realizado virtualmente entre os dias\u00a0<strong>12 e 15 de julho<\/strong>.<\/p>\n<p>Os interessados em participar ter\u00e3o at\u00e9 o dia 12 de julho para se inscrever. J\u00e1 aqueles que desejam submeter trabalhos, devem envi\u00e1-los para aprova\u00e7\u00e3o at\u00e9 o pr\u00f3ximo dia 31. Ser\u00e3o aceitos\u00a0<strong>artigos<\/strong>\u00a0e\u00a0<strong>ensaios cient\u00edficos<\/strong>, al\u00e9m de\u00a0<strong>relatos de experi\u00eancias<\/strong>. Informa\u00e7\u00f5es gerais e normas de submiss\u00e3o dos trabalhos podem ser conferidas no\u00a0<a href=\"https:\/\/www.even3.com.br\/isimposioepam2021\/\">site do evento<\/a>.<\/p>\n<p>O simp\u00f3sio \u00e9 uma iniciativa do\u00a0<strong>Coletivo Terres \u2013 Terra, Educa\u00e7\u00e3o e Saberes<\/strong>, grupo de pesquisa e extens\u00e3o do\u00a0<strong>Instituto Federal de Educa\u00e7\u00e3o, Ci\u00eancia e Tecnologia do Rio Grande do Norte (IFRN)<\/strong>\u00a0\u2013\u00a0<strong>Campus Ipangua\u00e7u<\/strong>. A unidade educacional situa-se na zona rural e tem a especificidade de possuir uma fazenda escola de produ\u00e7\u00e3o de base agroecol\u00f3gica.<\/p>\n<p>Na ocasi\u00e3o, estar\u00e3o reunidos membros de organiza\u00e7\u00f5es e redes de agroecologia, profissionais e estudantes das redes de ensino de educa\u00e7\u00e3o b\u00e1sica e superior, universidades, centros de pesquisa,\u00a0<strong>organiza\u00e7\u00f5es n\u00e3o governamentais (ONGs)<\/strong>, al\u00e9m de t\u00e9cnicos e gestores dos governos de pa\u00edses da Am\u00e9rica Latina e de institui\u00e7\u00f5es internacionais.<\/p>\n<figure id=\"attachment_10040\" class=\"wp-caption alignnone\" style=\"width: 639px;\" aria-describedby=\"caption-attachment-10040\"><img loading=\"lazy\" class=\"wp-image-10040  lazyautosizes lazyloaded\" src=\"https:\/\/agenciaeconordeste.com.br\/wp-content\/uploads\/2021\/05\/campus-ipanguacu-ifrn.jpg\" sizes=\"670px\" srcset=\"https:\/\/agenciaeconordeste.com.br\/wp-content\/uploads\/2021\/05\/campus-ipanguacu-ifrn.jpg 900w, https:\/\/agenciaeconordeste.com.br\/wp-content\/uploads\/2021\/05\/campus-ipanguacu-ifrn-300x200.jpg 300w, https:\/\/agenciaeconordeste.com.br\/wp-content\/uploads\/2021\/05\/campus-ipanguacu-ifrn-768x512.jpg 768w, https:\/\/agenciaeconordeste.com.br\/wp-content\/uploads\/2021\/05\/campus-ipanguacu-ifrn-450x300.jpg 450w, https:\/\/agenciaeconordeste.com.br\/wp-content\/uploads\/2021\/05\/campus-ipanguacu-ifrn-225x150.jpg 225w, https:\/\/agenciaeconordeste.com.br\/wp-content\/uploads\/2021\/05\/campus-ipanguacu-ifrn-20x13.jpg 20w\" alt=\"\" width=\"639\" height=\"426\" data-src=\"https:\/\/agenciaeconordeste.com.br\/wp-content\/uploads\/2021\/05\/campus-ipanguacu-ifrn.jpg\" data-sizes=\"auto\" data-srcset=\"https:\/\/agenciaeconordeste.com.br\/wp-content\/uploads\/2021\/05\/campus-ipanguacu-ifrn.jpg 900w, https:\/\/agenciaeconordeste.com.br\/wp-content\/uploads\/2021\/05\/campus-ipanguacu-ifrn-300x200.jpg 300w, https:\/\/agenciaeconordeste.com.br\/wp-content\/uploads\/2021\/05\/campus-ipanguacu-ifrn-768x512.jpg 768w, https:\/\/agenciaeconordeste.com.br\/wp-content\/uploads\/2021\/05\/campus-ipanguacu-ifrn-450x300.jpg 450w, https:\/\/agenciaeconordeste.com.br\/wp-content\/uploads\/2021\/05\/campus-ipanguacu-ifrn-225x150.jpg 225w, https:\/\/agenciaeconordeste.com.br\/wp-content\/uploads\/2021\/05\/campus-ipanguacu-ifrn-20x13.jpg 20w\" \/><figcaption id=\"caption-attachment-10040\" class=\"wp-caption-text\">Vista a\u00e9rea do IFRN \u2013 Campus Ipangua\u00e7u<\/figcaption><\/figure>\n<p>De acordo com Andrey Saboia, professor do\u00a0<strong>IFRN \u2013 Campus Ipangua\u00e7u<\/strong>\u00a0e um dos membros da comiss\u00e3o organizadora do simp\u00f3sio, o evento tem como intuito promover di\u00e1logos e interc\u00e2mbio de conhecimentos sobre os desafios enfrentados nos processos educativos de grupos populares e suas mem\u00f3rias, em alinhamento com o debate\u00a0<strong>ecossocial<\/strong>\u00a0da\u00a0<strong>Agroecologia<\/strong>.<\/p>\n<p>\u201cTeremos como foco principal a\u00a0<strong>Educa\u00e7\u00e3o Popular<\/strong>\u00a0em todo o seu repert\u00f3rio de experi\u00eancias e pr\u00e1ticas sociais\u201d, ressalta. Tamb\u00e9m ter\u00e1 destaque nos debates a mem\u00f3ria como pr\u00e1tica de representa\u00e7\u00e3o social para visibilizar narrativas, saberes, s\u00edmbolos e atividades educativas dos grupos populares.<\/p>\n<p>Os participantes do evento poder\u00e3o interagir em confer\u00eancias, palestras, mesas tem\u00e1ticas, minicursos e apresenta\u00e7\u00e3o de trabalhos. Para a as modalidades de artigo cient\u00edfico e relatos de experi\u00eancia os trabalhos apresentados ser\u00e3o divididos pelos seguintes grupos:<\/p>\n<ul>\n<li>Educa\u00e7\u00e3o Popular e Escola P\u00fablica<\/li>\n<li>Educa\u00e7\u00e3o, Democracia e Tecnologia<\/li>\n<li>Mem\u00f3ria, Territ\u00f3rio e Saberes<\/li>\n<li>Lutas Sociais e Pr\u00e1ticas de Educa\u00e7\u00e3o Popular<\/li>\n<li>Paulo Freire e Pr\u00e1ticas Educativas<\/li>\n<li>Educa\u00e7\u00e3o e Sa\u00fade<\/li>\n<li>Educa\u00e7\u00e3o, Ambiente e Estudos Decoloniais<\/li>\n<li>Educa\u00e7\u00e3o do Campo e Praticas Educativas<\/li>\n<li>Experi\u00eancias e Pr\u00e1ticas em Agroecologia e G\u00eanero, Educa\u00e7\u00e3o e Ambiente<\/li>\n<\/ul>\n<p>J\u00e1 na modalidade de ensaios cient\u00edficos as apresenta\u00e7\u00f5es estar\u00e3o divididas nos seguintes eixos tem\u00e1ticos:<\/p>\n<ul>\n<li>Linguagens e suas Tecnologias<\/li>\n<li>Matem\u00e1tica e suas Tecnologias<\/li>\n<li>Ci\u00eancias da Natureza e suas Tecnologias<\/li>\n<li>Ci\u00eancias Humanas e Sociais Aplicadas<\/li>\n<li>Express\u00f5es Art\u00edsticas e Culturais<\/li>\n<li>Corporeidade e Educa\u00e7\u00e3o F\u00edsica<\/li>\n<li>Temas Interdisciplinares<\/li>\n<\/ul>\n<h3>Servi\u00e7o<\/h3>\n<p>Onde inscrever: https:\/\/www.even3.com.br\/isimposioepam2021\/<br \/>\nPrazo para Inscri\u00e7\u00f5es gerais: 12\/6\/2021<br \/>\nPrazo para submiss\u00f5es de trabalho (GTs e Eixos Tem\u00e1ticos): 31\/5\/2021<br \/>\nData do evento: 12 a 15 de julho<br \/>\nMais informa\u00e7\u00f5es: Instagram: @coletivoterres<\/p>\n","protected":false},"excerpt":{"rendered":"<p>Estudantes, profissionais, representantes de organiza\u00e7\u00f5es e movimentos populares j\u00e1 podem se inscrever e submeter trabalhos<\/p>\n","protected":false},"author":2,"featured_media":146118,"comment_status":"open","ping_status":"open","sticky":false,"template":"","format":"standard","meta":[],"categories":[],"tags":[],"uagb_featured_image_src":{"full":["https:\/\/espacoecologico.com.br\/arquivo\/wp-content\/uploads\/2021\/05\/simposio.jpg",415,265,false],"thumbnail":["https:\/\/espacoecologico.com.br\/arquivo\/wp-content\/uploads\/2021\/05\/simposio-150x150.jpg",150,150,true],"medium":["https:\/\/espacoecologico.com.br\/arquivo\/wp-content\/uploads\/2021\/05\/simposio-300x192.jpg",300,192,true],"medium_large":["https:\/\/espacoecologico.com.br\/arquivo\/wp-content\/uploads\/2021\/05\/simposio.jpg",415,265,false],"large":["https:\/\/espacoecologico.com.br\/arquivo\/wp-content\/uploads\/2021\/05\/simposio.jpg",415,265,false],"1536x1536":["https:\/\/espacoecologico.com.br\/arquivo\/wp-content\/uploads\/2021\/05\/simposio.jpg",415,265,false],"2048x2048":["https:\/\/espacoecologico.com.br\/arquivo\/wp-content\/uploads\/2021\/05\/simposio.jpg",415,265,false],"cream-magazine-thumbnail-2":["https:\/\/espacoecologico.com.br\/arquivo\/wp-content\/uploads\/2021\/05\/simposio.jpg",415,265,false],"cream-magazine-thumbnail-3":["https:\/\/espacoecologico.com.br\/arquivo\/wp-content\/uploads\/2021\/05\/simposio.jpg",415,265,false],"cream-magazine-thumbnail-4":["https:\/\/espacoecologico.com.br\/arquivo\/wp-content\/uploads\/2021\/05\/simposio.jpg",415,265,false]},"uagb_author_info":{"display_name":"","author_link":"https:\/\/espacoecologico.com.br\/arquivo\/author\/"},"uagb_comment_info":0,"uagb_excerpt":"Estudantes, profissionais, representantes de organiza\u00e7\u00f5es e movimentos populares j\u00e1 podem se inscrever e submeter trabalhos","_links":{"self":[{"href":"https:\/\/espacoecologico.com.br\/arquivo\/wp-json\/wp\/v2\/posts\/146117"}],"collection":[{"href":"https:\/\/espacoecologico.com.br\/arquivo\/wp-json\/wp\/v2\/posts"}],"about":[{"href":"https:\/\/espacoecologico.com.br\/arquivo\/wp-json\/wp\/v2\/types\/post"}],"author":[{"embeddable":true,"href":"https:\/\/espacoecologico.com.br\/arquivo\/wp-json\/wp\/v2\/users\/2"}],"replies":[{"embeddable":true,"href":"https:\/\/espacoecologico.com.br\/arquivo\/wp-json\/wp\/v2\/comments?post=146117"}],"version-history":[{"count":1,"href":"https:\/\/espacoecologico.com.br\/arquivo\/wp-json\/wp\/v2\/posts\/146117\/revisions"}],"predecessor-version":[{"id":146119,"href":"https:\/\/espacoecologico.com.br\/arquivo\/wp-json\/wp\/v2\/posts\/146117\/revisions\/146119"}],"wp:featuredmedia":[{"embeddable":true,"href":"https:\/\/espacoecologico.com.br\/arquivo\/wp-json\/wp\/v2\/media\/146118"}],"wp:attachment":[{"href":"https:\/\/espacoecologico.com.br\/arquivo\/wp-json\/wp\/v2\/media?parent=146117"}],"wp:term":[{"taxonomy":"category","embeddable":true,"href":"https:\/\/espacoecologico.com.br\/arquivo\/wp-json\/wp\/v2\/categories?post=146117"},{"taxonomy":"post_tag","embeddable":true,"href":"https:\/\/espacoecologico.com.br\/arquivo\/wp-json\/wp\/v2\/tags?post=146117"}],"curies":[{"name":"wp","href":"https:\/\/api.w.org\/{rel}","templated":true}]}}