{"id":145798,"date":"2021-05-04T14:10:25","date_gmt":"2021-05-04T17:10:25","guid":{"rendered":"https:\/\/espacoecologico.com.br\/arquivo\/?p=145798"},"modified":"2021-05-04T14:15:05","modified_gmt":"2021-05-04T17:15:05","slug":"3-boas-noticias-que-mostram-o-impacto-positivo-da-vacinacao-no-brasil","status":"publish","type":"post","link":"https:\/\/espacoecologico.com.br\/arquivo\/3-boas-noticias-que-mostram-o-impacto-positivo-da-vacinacao-no-brasil\/","title":{"rendered":"3 boas not\u00edcias que mostram o impacto positivo da vacina\u00e7\u00e3o no Brasil"},"content":{"rendered":"<div class=\"bbc-19j92fr e57qer20\" dir=\"ltr\">\n<p class=\"bbc-bm53ic e1cc2ql70\" dir=\"ltr\"><b><a href=\"https:\/\/espacoecologico.com.br\/arquivo\/wp-content\/uploads\/2021\/05\/vacinacao.jpg\"><img loading=\"lazy\" class=\"alignleft size-medium wp-image-145799\" src=\"https:\/\/espacoecologico.com.br\/arquivo\/wp-content\/uploads\/2021\/05\/vacinacao-300x192.jpg\" alt=\"\" width=\"300\" height=\"192\" srcset=\"https:\/\/espacoecologico.com.br\/arquivo\/wp-content\/uploads\/2021\/05\/vacinacao-300x192.jpg 300w, https:\/\/espacoecologico.com.br\/arquivo\/wp-content\/uploads\/2021\/05\/vacinacao.jpg 415w\" sizes=\"(max-width: 300px) 100vw, 300px\" \/><\/a>Os benef\u00edcios da vacina\u00e7\u00e3o contra a covid-19 j\u00e1 podem ser observados em todo o mundo, \u00e0 medida que mais pessoas s\u00e3o imunizadas.<\/b><\/p>\n<\/div>\n<div class=\"bbc-19j92fr e57qer20\" dir=\"ltr\">\n<p class=\"bbc-bm53ic e1cc2ql70\" dir=\"ltr\">No Brasil, n\u00e3o \u00e9 diferente. Dados mostram evid\u00eancias claras de que a vacina vem reduzindo casos de infec\u00e7\u00e3o e mortes. Apesar disso, o pa\u00eds ainda enfrenta problemas em sua campanha de imuniza\u00e7\u00e3o.<\/p>\n<\/div>\n<div class=\"bbc-19j92fr e57qer20\" dir=\"ltr\">\n<p class=\"bbc-bm53ic e1cc2ql70\" dir=\"ltr\">A escassez de vacinas \u00e9 um deles. Milhares de pessoas que tomaram a primeira dose ainda aguardam a segunda &#8211; o imunizante requer duas doses para oferecer prote\u00e7\u00e3o segura contra o v\u00edrus.<\/p>\n<\/div>\n<div class=\"bbc-19j92fr e57qer20\" dir=\"ltr\">\n<p class=\"bbc-bm53ic e1cc2ql70\" dir=\"ltr\">A CoronaVac, por exemplo, est\u00e1 em falta em cidades de pelo menos 18 Estados.<\/p>\n<\/div>\n<section class=\"e1j2237y8 bbc-113e14a e1e90g5r0\" role=\"region\" aria-label=\"Publicidade 2\" aria-hidden=\"true\" data-e2e=\"advertisement\"><\/section>\n<div class=\"bbc-19j92fr e57qer20\" dir=\"ltr\">\n<p class=\"bbc-bm53ic e1cc2ql70\" dir=\"ltr\">At\u00e9 agora, segundo dados da plataforma Our World in Data, ligada \u00e0 Universidade de Oxford (Reino Unido), cerca de 30 milh\u00f5es de pessoas no Brasil j\u00e1 receberam pelo menos uma dose da vacina contra a covid.<\/p>\n<\/div>\n<div class=\"bbc-19j92fr e57qer20\" dir=\"ltr\">\n<p class=\"bbc-bm53ic e1cc2ql70\" dir=\"ltr\">O n\u00famero pode parecer alto, mas, na pr\u00e1tica, significa que o pa\u00eds s\u00f3 administrou 20,7 doses para cada 100 pessoas, taxa inferior \u00e0 de na\u00e7\u00f5es desenvolvidas, como Estados Unidos, Israel, Fran\u00e7a e Reino Unido, e tamb\u00e9m emergentes, como Chile e Uruguai.<\/p>\n<\/div>\n<div class=\"bbc-19j92fr e57qer20\" dir=\"ltr\">\n<p class=\"bbc-bm53ic e1cc2ql70\" dir=\"ltr\">Confira tr\u00eas boas not\u00edcias da vacina\u00e7\u00e3o no Brasil:<\/p>\n<\/div>\n<div class=\"bbc-1ka88fa e57qer20\" dir=\"ltr\">\n<figure class=\"bbc-1qdcvv9 e6bmn90\">\n<div class=\"bbc-172p16q e57qer20\" dir=\"ltr\">\n<div class=\"bbc-172p16q e57qer20\" dir=\"ltr\">\n<div class=\"bbc-189y18v e57qer20\" dir=\"ltr\">\n<div class=\"bbc-1k5hvrj e1whu0\" data-e2e=\"image-placeholder\">\n<div class=\"lazyload-wrapper \"><img loading=\"lazy\" class=\"css-fat2bc e1enwo3v0\" src=\"https:\/\/ichef.bbci.co.uk\/news\/640\/cpsprodpb\/114C9\/production\/_117375807_f2b85707-ea8f-4f27-9573-ff0a862152e2.jpg\" srcset=\"https:\/\/ichef.bbci.co.uk\/news\/240\/cpsprodpb\/114C9\/production\/_117375807_f2b85707-ea8f-4f27-9573-ff0a862152e2.jpg 240w, https:\/\/ichef.bbci.co.uk\/news\/320\/cpsprodpb\/114C9\/production\/_117375807_f2b85707-ea8f-4f27-9573-ff0a862152e2.jpg 320w, https:\/\/ichef.bbci.co.uk\/news\/480\/cpsprodpb\/114C9\/production\/_117375807_f2b85707-ea8f-4f27-9573-ff0a862152e2.jpg 480w, https:\/\/ichef.bbci.co.uk\/news\/624\/cpsprodpb\/114C9\/production\/_117375807_f2b85707-ea8f-4f27-9573-ff0a862152e2.jpg 624w, https:\/\/ichef.bbci.co.uk\/news\/800\/cpsprodpb\/114C9\/production\/_117375807_f2b85707-ea8f-4f27-9573-ff0a862152e2.jpg 800w\" alt=\"Home idoso de m\u00e1scara sorrindo com seringa \u00e0 frente\" width=\"638\" height=\"359\" \/><\/div>\n<p class=\"bbc-1s1cxbv etq3yw90\" role=\"text\"><span class=\"bbc-1gnhmg2 e1yt7oin0\">CR\u00c9DITO,<\/span><span lang=\"en-GB\">GETTY IMAGES <\/span>Legenda da foto, Mortes de idosos no Brasil ca\u00edram pela metade, diz pesquisa da UFPel<\/p>\n<\/div>\n<\/div>\n<\/div>\n<\/div>\n<\/figure>\n<\/div>\n<div class=\"bbc-19j92fr e57qer20\" dir=\"ltr\">\n<h2 id=\"1-Mortes-de-idosos-acima-de-80-anos-caem-pela-metade\" class=\"bbc-l3e97o e14hemmw0\" tabindex=\"-1\">1) Mortes de idosos acima de 80 anos caem pela metade<\/h2>\n<\/div>\n<div class=\"bbc-19j92fr e57qer20\" dir=\"ltr\">\n<p class=\"bbc-bm53ic e1cc2ql70\" dir=\"ltr\">Um estudo recente realizado pela Universidade Federal de Pelotas (UFPel), no Rio Grande do Sul, mostra que caiu pela metade a propor\u00e7\u00e3o de mortes de idosos com 80 anos ou mais no Brasil ap\u00f3s o in\u00edcio da vacina\u00e7\u00e3o contra a covid-19.<\/p>\n<\/div>\n<div class=\"bbc-19j92fr e57qer20\" dir=\"ltr\">\n<p class=\"bbc-bm53ic e1cc2ql70\" dir=\"ltr\">A taxa de mortalidade era de 25% a 30% em 2020 e passou para 13% no fim de abril.<\/p>\n<\/div>\n<div class=\"bbc-19j92fr e57qer20\" dir=\"ltr\">\n<p class=\"bbc-bm53ic e1cc2ql70\" dir=\"ltr\">Quando a vacina\u00e7\u00e3o come\u00e7ou, em janeiro deste ano, o percentual era de 28%.<\/p>\n<\/div>\n<div class=\"bbc-19j92fr e57qer20\" dir=\"ltr\">\n<p class=\"bbc-bm53ic e1cc2ql70\" dir=\"ltr\">Segundo os respons\u00e1veis pelo estudo, os dados confirmam evid\u00eancias j\u00e1 observadas em outros pa\u00edses, como Israel, mas a novidade \u00e9 que, pela primeira vez, foi verificada queda de interna\u00e7\u00f5es e mortes em um cen\u00e1rio com predomin\u00e2ncia da variante P1.<\/p>\n<\/div>\n<div class=\"bbc-19j92fr e57qer20\" dir=\"ltr\">\n<p class=\"bbc-bm53ic e1cc2ql70\" dir=\"ltr\">A variante P1 foi descoberta em Manaus (Amazonas) e hoje responde pela maior parte dos casos no Brasil.<\/p>\n<\/div>\n<div class=\"bbc-19j92fr e57qer20\" dir=\"ltr\">\n<p class=\"bbc-bm53ic e1cc2ql70\" dir=\"ltr\">Ela \u00e9 at\u00e9 2,4 vezes mais transmiss\u00edvel do que outras linhagens do coronav\u00edrus e, segundo estudos recentes, pode &#8216;driblar&#8217; o sistema imunol\u00f3gico, infectando novamente quem j\u00e1 teve a doen\u00e7a e levando a quadros mais graves.<\/p>\n<\/div>\n<div class=\"bbc-19j92fr e57qer20\" dir=\"ltr\">\n<p class=\"bbc-bm53ic e1cc2ql70\" dir=\"ltr\">Evid\u00eancias associam essa nova variante ao maior n\u00famero de hospitaliza\u00e7\u00f5es e mortes, especialmente de jovens.<\/p>\n<\/div>\n<div class=\"bbc-19j92fr e57qer20\" dir=\"ltr\">\n<p class=\"bbc-bm53ic e1cc2ql70\" dir=\"ltr\">Segundo o estudo da UFPel, pelo menos 13,8 mil mortes de brasileiros com 80 anos ou mais em um intervalo de oito semanas foram evitadas.<\/p>\n<\/div>\n<div class=\"bbc-1ka88fa e57qer20\" dir=\"ltr\">\n<figure class=\"bbc-1qdcvv9 e6bmn90\">\n<div class=\"bbc-172p16q e57qer20\" dir=\"ltr\">\n<div class=\"bbc-172p16q e57qer20\" dir=\"ltr\">\n<div class=\"bbc-189y18v e57qer20\" dir=\"ltr\">\n<div class=\"bbc-1k5hvrj e1whu0\" data-e2e=\"image-placeholder\">\n<div class=\"lazyload-wrapper \"><img loading=\"lazy\" class=\"css-fat2bc e1enwo3v0\" src=\"https:\/\/ichef.bbci.co.uk\/news\/640\/cpsprodpb\/CE5F\/production\/_117613825_bae7f465-654a-487c-9fcb-b6596f5be509.jpg\" srcset=\"https:\/\/ichef.bbci.co.uk\/news\/240\/cpsprodpb\/CE5F\/production\/_117613825_bae7f465-654a-487c-9fcb-b6596f5be509.jpg 240w, https:\/\/ichef.bbci.co.uk\/news\/320\/cpsprodpb\/CE5F\/production\/_117613825_bae7f465-654a-487c-9fcb-b6596f5be509.jpg 320w, https:\/\/ichef.bbci.co.uk\/news\/480\/cpsprodpb\/CE5F\/production\/_117613825_bae7f465-654a-487c-9fcb-b6596f5be509.jpg 480w, https:\/\/ichef.bbci.co.uk\/news\/624\/cpsprodpb\/CE5F\/production\/_117613825_bae7f465-654a-487c-9fcb-b6596f5be509.jpg 624w, https:\/\/ichef.bbci.co.uk\/news\/800\/cpsprodpb\/CE5F\/production\/_117613825_bae7f465-654a-487c-9fcb-b6596f5be509.jpg 800w\" alt=\"Hospital em S\u00e3o Paulo\" width=\"638\" height=\"359\" \/><\/div>\n<p class=\"bbc-1s1cxbv etq3yw90\" role=\"text\"><span class=\"bbc-1gnhmg2 e1yt7oin0\">CR\u00c9DITO,<\/span><span lang=\"en-GB\">REUTERS <\/span>Legenda da foto, Caiu n\u00famero de profissionais de sa\u00fade mortos pelo v\u00edrus<\/p>\n<\/div>\n<\/div>\n<\/div>\n<\/div>\n<\/figure>\n<\/div>\n<div class=\"bbc-19j92fr e57qer20\" dir=\"ltr\">\n<h2 id=\"2-Profissionais-de-sa\u00fade-est\u00e3o-morrendo-menos\" class=\"bbc-l3e97o e14hemmw0\" tabindex=\"-1\">2) Profissionais de sa\u00fade est\u00e3o morrendo menos<\/h2>\n<\/div>\n<div class=\"bbc-19j92fr e57qer20\" dir=\"ltr\">\n<p class=\"bbc-bm53ic e1cc2ql70\" dir=\"ltr\">Profissionais de sa\u00fade, como m\u00e9dico e enfermeiros, que atuam na linha de frente do combate \u00e0 covid-19, tamb\u00e9m est\u00e3o morrendo em menor n\u00famero.<\/p>\n<\/div>\n<div class=\"bbc-19j92fr e57qer20\" dir=\"ltr\">\n<p class=\"bbc-bm53ic e1cc2ql70\" dir=\"ltr\">Por causa de seu trabalho, eles foram um dos primeiros grupos a receber o imunizante.<\/p>\n<\/div>\n<div class=\"bbc-19j92fr e57qer20\" dir=\"ltr\">\n<p class=\"bbc-bm53ic e1cc2ql70\" dir=\"ltr\">Segundo o Conselho Federal de Medicina (CFM), houve uma queda de 83% no n\u00famero de m\u00e9dicos mortos em mar\u00e7o, na compara\u00e7\u00e3o com janeiro, quando grande parte deles foi imunizada.<\/p>\n<\/div>\n<div class=\"bbc-19j92fr e57qer20\" dir=\"ltr\">\n<p class=\"bbc-bm53ic e1cc2ql70\" dir=\"ltr\">Em janeiro, 59 profissionais morreram no pa\u00eds, informou o CFM. Em fevereiro, o n\u00famero caiu para 24 e, em mar\u00e7o, foram apenas 10.<\/p>\n<\/div>\n<div class=\"bbc-19j92fr e57qer20\" dir=\"ltr\">\n<p class=\"bbc-bm53ic e1cc2ql70\" dir=\"ltr\">O mesmo se observou entre enfermeiros, t\u00e9cnicos e auxiliares de enfermagem.<\/p>\n<\/div>\n<div class=\"bbc-19j92fr e57qer20\" dir=\"ltr\">\n<p class=\"bbc-bm53ic e1cc2ql70\" dir=\"ltr\">O n\u00famero de mortos nesse grupo caiu 71% de mar\u00e7o, quando 83 profissionais morreram, a abril, m\u00eas em que foram registrados 24 \u00f3bitos.<\/p>\n<\/div>\n<div class=\"bbc-1ka88fa e57qer20\" dir=\"ltr\">\n<figure class=\"bbc-1qdcvv9 e6bmn90\">\n<div class=\"bbc-172p16q e57qer20\" dir=\"ltr\">\n<div class=\"bbc-172p16q e57qer20\" dir=\"ltr\">\n<div class=\"bbc-189y18v e57qer20\" dir=\"ltr\">\n<div class=\"bbc-1k5hvrj e1whu0\" data-e2e=\"image-placeholder\">\n<div class=\"lazyload-wrapper \"><img loading=\"lazy\" class=\"css-fat2bc e1enwo3v0\" src=\"https:\/\/ichef.bbci.co.uk\/news\/640\/cpsprodpb\/134FD\/production\/_117610197_tv065706205.jpg\" srcset=\"https:\/\/ichef.bbci.co.uk\/news\/240\/cpsprodpb\/134FD\/production\/_117610197_tv065706205.jpg 240w, https:\/\/ichef.bbci.co.uk\/news\/320\/cpsprodpb\/134FD\/production\/_117610197_tv065706205.jpg 320w, https:\/\/ichef.bbci.co.uk\/news\/480\/cpsprodpb\/134FD\/production\/_117610197_tv065706205.jpg 480w, https:\/\/ichef.bbci.co.uk\/news\/624\/cpsprodpb\/134FD\/production\/_117610197_tv065706205.jpg 624w, https:\/\/ichef.bbci.co.uk\/news\/800\/cpsprodpb\/134FD\/production\/_117610197_tv065706205.jpg 800w\" alt=\"Agente de sa\u00fade do Distrito Sanit\u00e1rio Especial Ind\u00edgena de Manaus administra vacina contra coronav\u00edrusa um ind\u00edgena da Aldeia Makira, da etnia Mura nas margens do rio Urubu em Itacoatiara, Amazonas, 13 de fevereiro de 2021\" width=\"638\" height=\"359\" \/><\/div>\n<p class=\"bbc-1s1cxbv etq3yw90\" role=\"text\"><span class=\"bbc-1gnhmg2 e1yt7oin0\">CR\u00c9DITO,<\/span><span lang=\"en-GB\">REUTERS\/BRUNO KELLY <\/span>Legenda da foto, Menos ind\u00edgenas est\u00e3o morrendo por covid-19, mas epidemia de fake news assusta<\/p>\n<\/div>\n<\/div>\n<\/div>\n<\/div>\n<\/figure>\n<\/div>\n<div class=\"bbc-19j92fr e57qer20\" dir=\"ltr\">\n<h2 id=\"3-Casos-e-\u00f3bitos-entre-ind\u00edgenas-diminuem\" class=\"bbc-l3e97o e14hemmw0\" tabindex=\"-1\">3) Casos e \u00f3bitos entre ind\u00edgenas diminuem<\/h2>\n<\/div>\n<div class=\"bbc-19j92fr e57qer20\" dir=\"ltr\">\n<p class=\"bbc-bm53ic e1cc2ql70\" dir=\"ltr\">Consideradas uma das popula\u00e7\u00f5es de maior risco para a covid-19, os ind\u00edgenas foram um dos primeiros grupos a serem vacinados.<\/p>\n<\/div>\n<div class=\"bbc-19j92fr e57qer20\" dir=\"ltr\">\n<p class=\"bbc-bm53ic e1cc2ql70\" dir=\"ltr\">Como resultado, houve uma queda acentuada no n\u00famero de casos e mortes entre eles.<\/p>\n<\/div>\n<div class=\"bbc-19j92fr e57qer20\" dir=\"ltr\">\n<p class=\"bbc-bm53ic e1cc2ql70\" dir=\"ltr\">De janeiro a mar\u00e7o, os \u00f3bitos nesse grupo ca\u00edram 66% em Mato Grosso do Sul, segundo dados oficiais. Foram nove mortes em janeiro contra tr\u00eas em mar\u00e7o. O pico foi em agosto do ano passado, quando 38 ind\u00edgenas morreram de covid-19.<\/p>\n<\/div>\n<div class=\"bbc-19j92fr e57qer20\" dir=\"ltr\">\n<p class=\"bbc-bm53ic e1cc2ql70\" dir=\"ltr\">O mesmo aconteceu em Estados como Cear\u00e1 e Minas Gerais.<\/p>\n<\/div>\n<div class=\"bbc-19j92fr e57qer20\" dir=\"ltr\">\n<p class=\"bbc-bm53ic e1cc2ql70\" dir=\"ltr\">No entanto, como\u00a0<a class=\"bbc-n8oauk e1cs6q200\" href=\"https:\/\/www.bbc.com\/portuguese\/brasil-56433811\">mostrou reportagem da BBC News Brasil<\/a>, especialistas v\u00eam alertando para a vulnerabilidade desse grupo \u00e0s chamadas &#8220;fake news&#8221;, que se espalham principalmente pelo WhatsApp nas comunidades ind\u00edgenas.<\/p>\n<\/div>\n","protected":false},"excerpt":{"rendered":"<p>Os benef\u00edcios da vacina\u00e7\u00e3o contra a covid-19 j\u00e1 podem ser observados em todo o mundo,<\/p>\n","protected":false},"author":2,"featured_media":145799,"comment_status":"open","ping_status":"open","sticky":false,"template":"","format":"standard","meta":[],"categories":[],"tags":[],"uagb_featured_image_src":{"full":["https:\/\/espacoecologico.com.br\/arquivo\/wp-content\/uploads\/2021\/05\/vacinacao.jpg",415,265,false],"thumbnail":["https:\/\/espacoecologico.com.br\/arquivo\/wp-content\/uploads\/2021\/05\/vacinacao-150x150.jpg",150,150,true],"medium":["https:\/\/espacoecologico.com.br\/arquivo\/wp-content\/uploads\/2021\/05\/vacinacao-300x192.jpg",300,192,true],"medium_large":["https:\/\/espacoecologico.com.br\/arquivo\/wp-content\/uploads\/2021\/05\/vacinacao.jpg",415,265,false],"large":["https:\/\/espacoecologico.com.br\/arquivo\/wp-content\/uploads\/2021\/05\/vacinacao.jpg",415,265,false],"1536x1536":["https:\/\/espacoecologico.com.br\/arquivo\/wp-content\/uploads\/2021\/05\/vacinacao.jpg",415,265,false],"2048x2048":["https:\/\/espacoecologico.com.br\/arquivo\/wp-content\/uploads\/2021\/05\/vacinacao.jpg",415,265,false],"cream-magazine-thumbnail-2":["https:\/\/espacoecologico.com.br\/arquivo\/wp-content\/uploads\/2021\/05\/vacinacao.jpg",415,265,false],"cream-magazine-thumbnail-3":["https:\/\/espacoecologico.com.br\/arquivo\/wp-content\/uploads\/2021\/05\/vacinacao.jpg",415,265,false],"cream-magazine-thumbnail-4":["https:\/\/espacoecologico.com.br\/arquivo\/wp-content\/uploads\/2021\/05\/vacinacao.jpg",415,265,false]},"uagb_author_info":{"display_name":"","author_link":"https:\/\/espacoecologico.com.br\/arquivo\/author\/"},"uagb_comment_info":0,"uagb_excerpt":"Os benef\u00edcios da vacina\u00e7\u00e3o contra a covid-19 j\u00e1 podem ser observados em todo o mundo,","_links":{"self":[{"href":"https:\/\/espacoecologico.com.br\/arquivo\/wp-json\/wp\/v2\/posts\/145798"}],"collection":[{"href":"https:\/\/espacoecologico.com.br\/arquivo\/wp-json\/wp\/v2\/posts"}],"about":[{"href":"https:\/\/espacoecologico.com.br\/arquivo\/wp-json\/wp\/v2\/types\/post"}],"author":[{"embeddable":true,"href":"https:\/\/espacoecologico.com.br\/arquivo\/wp-json\/wp\/v2\/users\/2"}],"replies":[{"embeddable":true,"href":"https:\/\/espacoecologico.com.br\/arquivo\/wp-json\/wp\/v2\/comments?post=145798"}],"version-history":[{"count":2,"href":"https:\/\/espacoecologico.com.br\/arquivo\/wp-json\/wp\/v2\/posts\/145798\/revisions"}],"predecessor-version":[{"id":145801,"href":"https:\/\/espacoecologico.com.br\/arquivo\/wp-json\/wp\/v2\/posts\/145798\/revisions\/145801"}],"wp:featuredmedia":[{"embeddable":true,"href":"https:\/\/espacoecologico.com.br\/arquivo\/wp-json\/wp\/v2\/media\/145799"}],"wp:attachment":[{"href":"https:\/\/espacoecologico.com.br\/arquivo\/wp-json\/wp\/v2\/media?parent=145798"}],"wp:term":[{"taxonomy":"category","embeddable":true,"href":"https:\/\/espacoecologico.com.br\/arquivo\/wp-json\/wp\/v2\/categories?post=145798"},{"taxonomy":"post_tag","embeddable":true,"href":"https:\/\/espacoecologico.com.br\/arquivo\/wp-json\/wp\/v2\/tags?post=145798"}],"curies":[{"name":"wp","href":"https:\/\/api.w.org\/{rel}","templated":true}]}}