{"id":145793,"date":"2021-05-04T14:00:12","date_gmt":"2021-05-04T17:00:12","guid":{"rendered":"https:\/\/espacoecologico.com.br\/arquivo\/?p=145793"},"modified":"2021-05-04T09:33:38","modified_gmt":"2021-05-04T12:33:38","slug":"rn-vive-crise-ambiental-grave-com-toneladas-de-lixo-em-praias","status":"publish","type":"post","link":"https:\/\/espacoecologico.com.br\/arquivo\/rn-vive-crise-ambiental-grave-com-toneladas-de-lixo-em-praias\/","title":{"rendered":"RN vive crise ambiental grave com toneladas de lixo em praias"},"content":{"rendered":"<p><a href=\"https:\/\/espacoecologico.com.br\/arquivo\/wp-content\/uploads\/2021\/05\/praia.jpg\"><img loading=\"lazy\" class=\"alignleft size-medium wp-image-145794\" src=\"https:\/\/espacoecologico.com.br\/arquivo\/wp-content\/uploads\/2021\/05\/praia-300x192.jpg\" alt=\"\" width=\"300\" height=\"192\" srcset=\"https:\/\/espacoecologico.com.br\/arquivo\/wp-content\/uploads\/2021\/05\/praia-300x192.jpg 300w, https:\/\/espacoecologico.com.br\/arquivo\/wp-content\/uploads\/2021\/05\/praia.jpg 415w\" sizes=\"(max-width: 300px) 100vw, 300px\" \/><\/a>Os estados do\u00a0<b>Rio Grande do Norte<\/b>\u00a0e da<b>\u00a0Para\u00edba<\/b>\u00a0enfrentam um grave problema ambiental desde o \u00faltimo dia 16. Dezenas de toneladas de lixo t\u00eam sido encontradas em praias, despejados nas areias. O material inclui tamb\u00e9m lixo hospitalar.<\/p>\n<div class=\"wp-caption alignnone\">\n<p class=\"wp-caption-text\">Equipes de fiscaliza\u00e7\u00e3o v\u00e3o \u00e0s praias afetadas para avaliar riscos.<\/p>\n<\/div>\n<p>No estado potiguar, at\u00e9 agora quatro praias foram confirmadas como tendo sido atingidas pela enxurrada de lixo:\u00a0<b>N\u00edsia Floresta<\/b>,\u00a0<b>Tibau do Sul<\/b>,\u00a0<b>Canguaretama<\/b>\u00a0e\u00a0<b>Ba\u00eda Formosa<\/b>. H\u00e1 ind\u00edcios de que Natal, Senador Georgino Avelino e Parnamirim tamb\u00e9m tenham recebido os res\u00edduos, mas o fato ainda n\u00e3o foi confirmado pelas autoridades.<\/p>\n<p>Entre o conte\u00fado despejado nas areias foram encontrados materiais hospitalares, roupas, sapatos, garrafas, isopores e m\u00e1scaras descart\u00e1veis. Na praia de N\u00edsia Floresta, at\u00e9 mesmo um tubo de coleta de sangue estava entre os descartes.<\/p>\n<p>Segundo a Secretaria de Meio Ambiente da Para\u00edba, aproximadamente 40 toneladas de lixo foram retiradas das praias. O lixo teria sido trazido pela corrente mar\u00edtima a partir de outros estados da regi\u00e3o. Ele foi devidamente recolhido e levado a aterros sanit\u00e1rios.<\/p>\n<p>Um v\u00eddeo gravado na praia em Ba\u00eda Formosa mostra um grupo de garis retirando lixo de um ve\u00edculo e jogando na areia. A prefeitura afirmou que esse lixo estava sendo deixado ali provisoriamente para um posterior recolhimento. Segundo a prefeitura informou ao \u201cG1\u201d, isso \u00e9 feito para facilitar a log\u00edstica de transporte.<\/p>\n<div class=\"wp-caption alignnone\" style=\"width: 639px;\">\n<p><span class=\"storyimage smallfullwidth inlineimage\" data-aop=\"image\"><span class=\"image\" data-attrib=\"Veronica Raner\" data-caption=\"\" data-id=\"112\" data-m=\"{&quot;i&quot;:112,&quot;p&quot;:110,&quot;n&quot;:&quot;openModal&quot;,&quot;t&quot;:&quot;articleImages&quot;,&quot;o&quot;:2}\"><img loading=\"lazy\" class=\"loaded\" src=\"https:\/\/img-s-msn-com.akamaized.net\/tenant\/amp\/entityid\/BB1gkith.img?h=397&amp;w=530&amp;m=6&amp;q=60&amp;o=f&amp;l=f\" alt=\"\" width=\"639\" height=\"480\" data-src=\"{&quot;default&quot;:{&quot;load&quot;:&quot;default&quot;,&quot;w&quot;:&quot;53&quot;,&quot;h&quot;:&quot;40&quot;,&quot;src&quot;:&quot;\/\/img-s-msn-com.akamaized.net\/tenant\/amp\/entityid\/BB1gkith.img?h=397&amp;w=530&amp;m=6&amp;q=60&amp;o=f&amp;l=f&quot;}}\" \/><\/span><span class=\"caption truncate\"><span class=\"attribution\">\u00a9 Veronica Raner<\/span><\/span><\/span><\/p>\n<p class=\"wp-caption-text\">Ficais do Idema fazem averigua\u00e7\u00e3o do lixo depositado nas areias.<\/p>\n<\/div>\n<p>De qualquer forma, a origem das toneladas do material ainda \u00e9 desconhecida. Por\u00e9m, de acordo com o Instituto de Desenvolvimento e Meio Ambiente do Rio Grande do Norte (Idema-RN), foram encontradas etiquetas no material que identificariam o lixo como origin\u00e1rio de Maragogi (AL), de Jo\u00e3o Pessoa (PB) e uma parte maior relacionada ao estado de Pernambuco. Itens como um t\u00edtulo de eleitor e uma mochila escolar do Recife levam os peritos a acreditar nessa linha de investiga\u00e7\u00e3o.<\/p>\n<p>O Idema tamb\u00e9m afirma que parte da vegeta\u00e7\u00e3o encontrada envolvida no lixo \u00e9 de \u00e1gua doce, o que indicaria que o material foi levado at\u00e9 \u00e0s praias por conta de enchentes que ocorreram nas \u00faltimas semanas, principalmente no estado pernambucano.<\/p>\n<h2><b>Pol\u00edcia Federal, MP e Ibama investigam<\/b><\/h2>\n<p>O Cons\u00f3rcio Nordeste, articulado em 2019 como instrumento de integra\u00e7\u00e3o entre os nove estados da regi\u00e3o, criou uma rede de apoio para lidar com o problema do lixo nas praias. Especialistas de todos os estados est\u00e3o sendo enviados ao Rio Grande do Norte para ajudar no mapeamento e na an\u00e1lise da situa\u00e7\u00e3o.<\/p>\n<p>O Cons\u00f3rcio tamb\u00e9m planeja elaborar um protocolo que ajude a orientar os munic\u00edpios nesse tipo de ocorr\u00eancia. A orienta\u00e7\u00e3o tamb\u00e9m \u00e9 que a administra\u00e7\u00e3o fiscalize com rigor os prestadores de servi\u00e7o que fazem o recolhimento e transporte do lixo.<\/p>\n<div class=\"wp-caption alignnone\" style=\"width: 638px;\">\n<p><span class=\"storyimage smallfullwidth inlineimage\" data-aop=\"image\"><span class=\"image\" data-attrib=\"Veronica Raner\" data-caption=\"\" data-id=\"113\" data-m=\"{&quot;i&quot;:113,&quot;p&quot;:110,&quot;n&quot;:&quot;openModal&quot;,&quot;t&quot;:&quot;articleImages&quot;,&quot;o&quot;:3}\"><img loading=\"lazy\" class=\"loaded\" src=\"https:\/\/img-s-msn-com.akamaized.net\/tenant\/amp\/entityid\/BB1gkdJ2.img?h=397&amp;w=530&amp;m=6&amp;q=60&amp;o=f&amp;l=f\" alt=\"\" width=\"638\" height=\"477\" data-src=\"{&quot;default&quot;:{&quot;load&quot;:&quot;default&quot;,&quot;w&quot;:&quot;53&quot;,&quot;h&quot;:&quot;40&quot;,&quot;src&quot;:&quot;\/\/img-s-msn-com.akamaized.net\/tenant\/amp\/entityid\/BB1gkdJ2.img?h=397&amp;w=530&amp;m=6&amp;q=60&amp;o=f&amp;l=f&quot;}}\" \/><\/span><span class=\"caption truncate\"><span class=\"attribution\">\u00a9 Veronica Raner<\/span><\/span><\/span><\/p>\n<p class=\"wp-caption-text\">A Pol\u00edcia Federal tamb\u00e9m est\u00e1 investigando os casos.<\/p>\n<\/div>\n<p>O Minist\u00e9rio do Meio Ambiente afirmou, em comunicado enviado \u00e0 TV Globo e ao portal \u201cG1\u201d, que a responsabilidade pela gest\u00e3o dos res\u00edduos \u00e9 dos munic\u00edpios. Apesar disso, refor\u00e7ou que \u201cMinist\u00e9rio do Meio Ambiente apoia o combate ao lixo no mar a partir de duas frentes de a\u00e7\u00e3o: a preven\u00e7\u00e3o, por meio do Programa Lix\u00e3o Zero, de forma a evitar que o lixo chegue nos rios, na praia e no mar, com medidas como a coleta seletiva, log\u00edstica reversa e a reciclagem, e a recupera\u00e7\u00e3o ambiental, por meio de a\u00e7\u00f5es de limpeza de rios e praias\u201d.<\/p>\n<p>A Pol\u00edcia Federal do Rio Grande do Norte abriu um inqu\u00e9rito para investigar o ocorrido. O Ibama tamb\u00e9m est\u00e1 \u00e0 procura de respostas sobre o lixo nas praias.<\/p>\n<p>\u201c<i>Sempre que acontece um evento dessa magnitude, necessitamos de um relat\u00f3rio para sistematizar todas as informa\u00e7\u00f5es, de todas as a\u00e7\u00f5es que est\u00e3o sendo executadas, todas as medidas, sugest\u00f5es, informa\u00e7\u00f5es com data e hora. A an\u00e1lise ainda \u00e9 muito inicial, ainda n\u00e3o temos tanta informa\u00e7\u00e3o concreta. Sugerimos que os estados se re\u00fanam com os munic\u00edpios costeiros para recolher as informa\u00e7\u00f5es e possamos trabalhar com informa\u00e7\u00f5es mais detalhadas poss\u00edvel<\/i>\u201d, explicou Leon Aguiar, diretor do Idema, ao \u201cG1\u201d.<\/p>\n","protected":false},"excerpt":{"rendered":"<p>Os estados do\u00a0Rio Grande do Norte\u00a0e da\u00a0Para\u00edba\u00a0enfrentam um grave problema ambiental desde o \u00faltimo dia<\/p>\n","protected":false},"author":2,"featured_media":145794,"comment_status":"open","ping_status":"open","sticky":false,"template":"","format":"standard","meta":[],"categories":[],"tags":[],"uagb_featured_image_src":{"full":["https:\/\/espacoecologico.com.br\/arquivo\/wp-content\/uploads\/2021\/05\/praia.jpg",415,265,false],"thumbnail":["https:\/\/espacoecologico.com.br\/arquivo\/wp-content\/uploads\/2021\/05\/praia-150x150.jpg",150,150,true],"medium":["https:\/\/espacoecologico.com.br\/arquivo\/wp-content\/uploads\/2021\/05\/praia-300x192.jpg",300,192,true],"medium_large":["https:\/\/espacoecologico.com.br\/arquivo\/wp-content\/uploads\/2021\/05\/praia.jpg",415,265,false],"large":["https:\/\/espacoecologico.com.br\/arquivo\/wp-content\/uploads\/2021\/05\/praia.jpg",415,265,false],"1536x1536":["https:\/\/espacoecologico.com.br\/arquivo\/wp-content\/uploads\/2021\/05\/praia.jpg",415,265,false],"2048x2048":["https:\/\/espacoecologico.com.br\/arquivo\/wp-content\/uploads\/2021\/05\/praia.jpg",415,265,false],"cream-magazine-thumbnail-2":["https:\/\/espacoecologico.com.br\/arquivo\/wp-content\/uploads\/2021\/05\/praia.jpg",415,265,false],"cream-magazine-thumbnail-3":["https:\/\/espacoecologico.com.br\/arquivo\/wp-content\/uploads\/2021\/05\/praia.jpg",415,265,false],"cream-magazine-thumbnail-4":["https:\/\/espacoecologico.com.br\/arquivo\/wp-content\/uploads\/2021\/05\/praia.jpg",415,265,false]},"uagb_author_info":{"display_name":"","author_link":"https:\/\/espacoecologico.com.br\/arquivo\/author\/"},"uagb_comment_info":0,"uagb_excerpt":"Os estados do\u00a0Rio Grande do Norte\u00a0e da\u00a0Para\u00edba\u00a0enfrentam um grave problema ambiental desde o \u00faltimo dia","_links":{"self":[{"href":"https:\/\/espacoecologico.com.br\/arquivo\/wp-json\/wp\/v2\/posts\/145793"}],"collection":[{"href":"https:\/\/espacoecologico.com.br\/arquivo\/wp-json\/wp\/v2\/posts"}],"about":[{"href":"https:\/\/espacoecologico.com.br\/arquivo\/wp-json\/wp\/v2\/types\/post"}],"author":[{"embeddable":true,"href":"https:\/\/espacoecologico.com.br\/arquivo\/wp-json\/wp\/v2\/users\/2"}],"replies":[{"embeddable":true,"href":"https:\/\/espacoecologico.com.br\/arquivo\/wp-json\/wp\/v2\/comments?post=145793"}],"version-history":[{"count":3,"href":"https:\/\/espacoecologico.com.br\/arquivo\/wp-json\/wp\/v2\/posts\/145793\/revisions"}],"predecessor-version":[{"id":145797,"href":"https:\/\/espacoecologico.com.br\/arquivo\/wp-json\/wp\/v2\/posts\/145793\/revisions\/145797"}],"wp:featuredmedia":[{"embeddable":true,"href":"https:\/\/espacoecologico.com.br\/arquivo\/wp-json\/wp\/v2\/media\/145794"}],"wp:attachment":[{"href":"https:\/\/espacoecologico.com.br\/arquivo\/wp-json\/wp\/v2\/media?parent=145793"}],"wp:term":[{"taxonomy":"category","embeddable":true,"href":"https:\/\/espacoecologico.com.br\/arquivo\/wp-json\/wp\/v2\/categories?post=145793"},{"taxonomy":"post_tag","embeddable":true,"href":"https:\/\/espacoecologico.com.br\/arquivo\/wp-json\/wp\/v2\/tags?post=145793"}],"curies":[{"name":"wp","href":"https:\/\/api.w.org\/{rel}","templated":true}]}}