{"id":145763,"date":"2021-05-04T09:00:55","date_gmt":"2021-05-04T12:00:55","guid":{"rendered":"https:\/\/espacoecologico.com.br\/arquivo\/?p=145763"},"modified":"2021-05-04T08:37:14","modified_gmt":"2021-05-04T11:37:14","slug":"pesquisadores-descobrem-genero-de-dinossauro-que-viveu-ha-85-milhoes-de-anos-no-interior-de-sp","status":"publish","type":"post","link":"https:\/\/espacoecologico.com.br\/arquivo\/pesquisadores-descobrem-genero-de-dinossauro-que-viveu-ha-85-milhoes-de-anos-no-interior-de-sp\/","title":{"rendered":"Pesquisadores descobrem g\u00eanero de dinossauro que viveu h\u00e1 85 milh\u00f5es de anos no interior de SP"},"content":{"rendered":"<h2 class=\"content-head__subtitle\"><a href=\"https:\/\/espacoecologico.com.br\/arquivo\/wp-content\/uploads\/2021\/05\/dinossauro.jpg\"><img loading=\"lazy\" class=\"alignleft size-medium wp-image-145764\" src=\"https:\/\/espacoecologico.com.br\/arquivo\/wp-content\/uploads\/2021\/05\/dinossauro-300x192.jpg\" alt=\"\" width=\"300\" height=\"192\" srcset=\"https:\/\/espacoecologico.com.br\/arquivo\/wp-content\/uploads\/2021\/05\/dinossauro-300x192.jpg 300w, https:\/\/espacoecologico.com.br\/arquivo\/wp-content\/uploads\/2021\/05\/dinossauro.jpg 415w\" sizes=\"(max-width: 300px) 100vw, 300px\" \/><\/a>&#8216;Arrudatitan maximus&#8217;, a \u00fanica esp\u00e9cie do g\u00eanero, faz parte do grupo dos titanossauros. Com pesco\u00e7o e caudas longas, animal de 22m \u00e9 do per\u00edodo Cret\u00e1ceo, antes da separa\u00e7\u00e3o da Pangeia.<\/h2>\n<div class=\"mc-column content-text active-extra-styles \" data-block-type=\"unstyled\" data-block-weight=\"46\" data-block-id=\"2\">\n<p class=\"content-text__container \" data-track-category=\"Link no Texto\" data-track-links=\"\">Pesquisadores da Universidade de S\u00e3o Paulo (<a href=\"https:\/\/g1.globo.com\/educacao\/universidade\/usp\/\">USP<\/a>) em\u00a0<a href=\"https:\/\/g1.globo.com\/sp\/ribeirao-preto-franca\/cidade\/ribeirao-preto\/\">Ribeir\u00e3o Preto (SP)<\/a>\u00a0descobriram, em parceria com o Museu de Paleontologia de\u00a0<a href=\"https:\/\/g1.globo.com\/sp\/ribeirao-preto-franca\/cidade\/monte-alto\/\">Monte Alto (SP)<\/a>, um g\u00eanero de dinossauros in\u00e9dito na paleontologia, o\u00a0<em>Arrudatitan<\/em>, que faz parte do grupo dos titanossauros e vivia no interior de S\u00e3o Paulo.<\/p>\n<\/div>\n<div class=\"wall protected-content\">\n<div class=\"mc-column content-text active-extra-styles \" data-block-type=\"unstyled\" data-block-weight=\"48\" data-block-id=\"3\">\n<p class=\"content-text__container \" data-track-category=\"Link no Texto\" data-track-links=\"\">O g\u00eanero tem apenas uma esp\u00e9cie, o\u00a0<em>Arrudatitan maximus<\/em>,<em>\u00a0<\/em>um dino herb\u00edvoro de 22 metros, com pesco\u00e7o e cauda longas, que viveu 85 milh\u00f5es de anos atr\u00e1s, no Cret\u00e1ceo, per\u00edodo em que ocorreu a separa\u00e7\u00e3o da Pangeia, uma massa continental que unia todos os continentes do planeta Terra.<\/p>\n<\/div>\n<div class=\"mc-column content-text active-extra-styles \" data-block-type=\"unstyled\" data-block-weight=\"48\" data-block-id=\"4\">\n<p class=\"content-text__container \" data-track-category=\"Link no Texto\" data-track-links=\"\">&#8220;A regi\u00e3o de Monte Alto \u00e9 muito produtiva, ent\u00e3o pode ser que sejam achados novos f\u00f3sseis, de esp\u00e9cies que sejam parentes do\u00a0<em>Arrudatitan maximus<\/em>\u00a0e sejam inclu\u00eddas neste novo g\u00eanero, que \u00e9 exclusivo de S\u00e3o Paulo&#8221;, diz o mestre em biologia Julian Junior, o principal autor da pesquisa.<\/p>\n<\/div>\n<div class=\"mc-column content-text active-extra-styles \" data-block-type=\"unstyled\" data-block-weight=\"38\" data-block-id=\"5\">\n<p class=\"content-text__container \" data-track-category=\"Link no Texto\" data-track-links=\"\">A partir de descri\u00e7\u00f5es feitas pelos paleont\u00f3logos, artistas reconstitu\u00edram digitalmente o\u00a0<em>Arrudatitan maximus<\/em>. Por uma das artes, \u00e9 poss\u00edvel compreender a grandeza do animal, que tinha um comprimento equivalente ao espa\u00e7o ocupado por cinco carros estacionados em fileira.<\/p>\n<\/div>\n<div class=\"row medium-uncollapsed content-media content-photo\" data-block-type=\"backstage-photo\" data-block-id=\"6\">\n<div class=\"mc-column content-media__container\">\n<div class=\"content-media-container glb-skeleton-box\">\n<figure class=\"content-media-figure\"><img loading=\"lazy\" class=\"i-amphtml-fill-content i-amphtml-replaced-content\" src=\"https:\/\/s2.glbimg.com\/IYPxs1Smw6xleYXrxWoM9h86eHY=\/0x0:6471x3744\/984x0\/smart\/filters:strip_icc()\/i.s3.glbimg.com\/v1\/AUTH_59edd422c0c84a879bd37670ae4f538a\/internal_photos\/bs\/2021\/F\/S\/z5EsoHQqyp1acNST4iYQ\/monte-alto-arrudatitan-maximus-2.jpg\" sizes=\"(max-width: 1517px) 648px, 100vw\" srcset=\"https:\/\/s2.glbimg.com\/-JtlnpCMlJeHHzY3JMunU3yDKgE=\/0x0:6471x3744\/1000x0\/smart\/filters:strip_icc()\/i.s3.glbimg.com\/v1\/AUTH_59edd422c0c84a879bd37670ae4f538a\/internal_photos\/bs\/2021\/F\/S\/z5EsoHQqyp1acNST4iYQ\/monte-alto-arrudatitan-maximus-2.jpg 1000w, https:\/\/s2.glbimg.com\/IYPxs1Smw6xleYXrxWoM9h86eHY=\/0x0:6471x3744\/984x0\/smart\/filters:strip_icc()\/i.s3.glbimg.com\/v1\/AUTH_59edd422c0c84a879bd37670ae4f538a\/internal_photos\/bs\/2021\/F\/S\/z5EsoHQqyp1acNST4iYQ\/monte-alto-arrudatitan-maximus-2.jpg 984w, https:\/\/s2.glbimg.com\/TNAVqlbyjgouz1c2rL6opIRgOOA=\/0x0:6471x3744\/640x0\/smart\/filters:strip_icc()\/i.s3.glbimg.com\/v1\/AUTH_59edd422c0c84a879bd37670ae4f538a\/internal_photos\/bs\/2021\/F\/S\/z5EsoHQqyp1acNST4iYQ\/monte-alto-arrudatitan-maximus-2.jpg 640w, https:\/\/s2.glbimg.com\/x2X6IwXRyC-NmBKSpxWQ0w5TseI=\/0x0:6471x3744\/600x0\/smart\/filters:strip_icc()\/i.s3.glbimg.com\/v1\/AUTH_59edd422c0c84a879bd37670ae4f538a\/internal_photos\/bs\/2021\/F\/S\/z5EsoHQqyp1acNST4iYQ\/monte-alto-arrudatitan-maximus-2.jpg 600w\" alt=\"'Arrudatitan maximus', esp\u00e9cie do grupo titanossauro que viveu no interior de S\u00e3o Paulo, tinha 22 metros de comprimento \u2014 Foto: Deverson Pepi\/Arte\/Divulga\u00e7\u00e3o\" width=\"639\" height=\"370\" \/><\/figure>\n<\/div>\n<p class=\"content-media__description \">&#8216;Arrudatitan maximus&#8217;, esp\u00e9cie do grupo titanossauro que viveu no interior de S\u00e3o Paulo, tinha 22 metros de comprimento \u2014 Foto: Deverson Pepi\/Arte\/Divulga\u00e7\u00e3o<\/p>\n<\/div>\n<\/div>\n<div class=\"mc-column content-text active-extra-styles \" data-block-type=\"unstyled\" data-block-weight=\"43\" data-block-id=\"8\">\n<p class=\"content-text__container \" data-track-category=\"Link no Texto\" data-track-links=\"\">O estudo conduzido por Junior indicou que, diferente do que h\u00e1 anos se acreditava, a esp\u00e9cie n\u00e3o pertence ao g\u00eanero\u00a0<em>Aelosaurus<\/em>, cujas esp\u00e9cies viveram na\u00a0<a href=\"https:\/\/g1.globo.com\/tudo-sobre\/argentina\/\">Argentina<\/a>. A principal diferen\u00e7a entre eles est\u00e1 nas articula\u00e7\u00f5es da cauda, mas suas ancestralidades gen\u00e9ticas tamb\u00e9m s\u00e3o distintas.<\/p>\n<\/div>\n<div class=\"mc-column content-text active-extra-styles \" data-block-type=\"unstyled\" data-block-weight=\"40\" data-block-id=\"9\">\n<p class=\"content-text__container \" data-track-category=\"Link no Texto\" data-track-links=\"\">&#8220;Esta descoberta d\u00e1 uma cara mais regional e in\u00e9dita para a paleontologia brasileira, al\u00e9m de refinar nosso conhecimento sobre os titanossauros, que s\u00e3o estes dinossauros pesco\u00e7udos&#8221;, avalia o paleont\u00f3logo Fabiano Iori, do museu de Monte Alto, que participou do estudo.<\/p>\n<\/div>\n<div class=\"mc-column content-text active-extra-styles \" data-block-type=\"unstyled\" data-block-weight=\"44\" data-block-id=\"10\">\n<p class=\"content-text__container \" data-track-category=\"Link no Texto\" data-track-links=\"\">Os resultados da pesquisa foram publicados na quinta-feira (29) em um artigo na Historical Biology, uma importante revista cient\u00edfica de paleobiologia. Al\u00e9m de Junior, que \u00e9 doutorando da USP, o trabalho contou com aux\u00edlio de pesquisadores do Rio Grande do Norte e da Argentina.<\/p>\n<\/div>\n<div class=\"row medium-uncollapsed content-media content-photo\" data-block-type=\"backstage-photo\" data-block-id=\"11\">\n<div class=\"mc-column content-media__container\">\n<div class=\"content-media-container glb-skeleton-box\">\n<figure class=\"content-media-figure\"><img loading=\"lazy\" class=\"i-amphtml-fill-content i-amphtml-replaced-content\" src=\"https:\/\/s2.glbimg.com\/oIJ3yEe6EbsZ-OhrQ-AZZlg_fYM=\/0x0:1700x1065\/984x0\/smart\/filters:strip_icc()\/i.s3.glbimg.com\/v1\/AUTH_59edd422c0c84a879bd37670ae4f538a\/internal_photos\/bs\/2018\/1\/A\/Aqvm6rQeKGeJAVL6fKjw\/dsc2394.jpg\" sizes=\"(max-width: 1517px) 648px, 100vw\" srcset=\"https:\/\/s2.glbimg.com\/QfqMUDPjX-rYK7KRAwzC_TEQOSk=\/0x0:1700x1065\/1000x0\/smart\/filters:strip_icc()\/i.s3.glbimg.com\/v1\/AUTH_59edd422c0c84a879bd37670ae4f538a\/internal_photos\/bs\/2018\/1\/A\/Aqvm6rQeKGeJAVL6fKjw\/dsc2394.jpg 1000w, https:\/\/s2.glbimg.com\/oIJ3yEe6EbsZ-OhrQ-AZZlg_fYM=\/0x0:1700x1065\/984x0\/smart\/filters:strip_icc()\/i.s3.glbimg.com\/v1\/AUTH_59edd422c0c84a879bd37670ae4f538a\/internal_photos\/bs\/2018\/1\/A\/Aqvm6rQeKGeJAVL6fKjw\/dsc2394.jpg 984w, https:\/\/s2.glbimg.com\/G3uc9G4-6vZWvXKDTeZg2auIl1Y=\/0x0:1700x1065\/640x0\/smart\/filters:strip_icc()\/i.s3.glbimg.com\/v1\/AUTH_59edd422c0c84a879bd37670ae4f538a\/internal_photos\/bs\/2018\/1\/A\/Aqvm6rQeKGeJAVL6fKjw\/dsc2394.jpg 640w, https:\/\/s2.glbimg.com\/qSFHkFHzwy__58EtOEItnUV0J2Q=\/0x0:1700x1065\/600x0\/smart\/filters:strip_icc()\/i.s3.glbimg.com\/v1\/AUTH_59edd422c0c84a879bd37670ae4f538a\/internal_photos\/bs\/2018\/1\/A\/Aqvm6rQeKGeJAVL6fKjw\/dsc2394.jpg 600w\" alt=\"F\u00f3ssil do 'Arrudatitan maximus', que viveu no per\u00edodo Cret\u00e1ceo, foi encontrado em C\u00e2ndido Rodrigues (SP) em 1997 \u2014 Foto: \u00c9rico Andrade\/G1\" width=\"640\" height=\"401\" \/><\/figure>\n<\/div>\n<p class=\"content-media__description \">F\u00f3ssil do &#8216;Arrudatitan maximus&#8217;, que viveu no per\u00edodo Cret\u00e1ceo, foi encontrado em C\u00e2ndido Rodrigues (SP) em 1997 \u2014 Foto: \u00c9rico Andrade\/G1<\/p>\n<\/div>\n<\/div>\n<div class=\"mc-column content-text active-extra-styles\" data-block-type=\"raw\" data-block-weight=\"1\" data-block-id=\"12\">\n<div class=\"content-intertitle\">\n<h2>F\u00f3sseis<\/h2>\n<\/div>\n<p>&nbsp;<\/p>\n<\/div>\n<div class=\"mc-column content-text active-extra-styles \" data-block-type=\"unstyled\" data-block-weight=\"46\" data-block-id=\"13\">\n<p class=\"content-text__container \" data-track-category=\"Link no Texto\" data-track-links=\"\">Os f\u00f3sseis do\u00a0<em>Arrudatitan maximus<\/em>\u00a0foram encontrados em 1997, na zona rural de\u00a0<a href=\"https:\/\/g1.globo.com\/sp\/ribeirao-preto-franca\/cidade\/candido-rodrigues\/\">C\u00e2ndido Rodrigues (SP)<\/a>, pelo vendedor de frutas Ademir Frare e seu sobrinho, Luiz Augusto. A dupla avisou Ant\u00f4nio Celso de Arruda Campos, o professor Toninho, que foi precursor da paleontologia em Monte Alto.<\/p>\n<\/div>\n<div class=\"mc-column content-text active-extra-styles \" data-block-type=\"unstyled\" data-block-weight=\"44\" data-block-id=\"14\">\n<p class=\"content-text__container \" data-track-category=\"Link no Texto\" data-track-links=\"\">Foi em homenagem ao sobrenome do professor, ali\u00e1s, que os pesquisadores batizaram o novo g\u00eanero. Toninho comandou diversas escava\u00e7\u00f5es no munic\u00edpio, onde tamb\u00e9m foram encontrados vest\u00edgios de uma aldeia ind\u00edgena que habitou a regi\u00e3o mil anos antes antes da chegada dos portugueses ao Brasil.<\/p>\n<\/div>\n<div class=\"row medium-uncollapsed content-media content-photo\" data-block-type=\"backstage-photo\" data-block-id=\"16\">\n<div class=\"mc-column content-media__container\">\n<div class=\"content-media-container glb-skeleton-box\">\n<figure class=\"content-media-figure\"><img loading=\"lazy\" class=\"i-amphtml-fill-content i-amphtml-replaced-content\" src=\"https:\/\/s2.glbimg.com\/FdDhll4y1lzft0Y10jB6pA-sZSQ=\/0x0:3349x2232\/984x0\/smart\/filters:strip_icc()\/i.s3.glbimg.com\/v1\/AUTH_59edd422c0c84a879bd37670ae4f538a\/internal_photos\/bs\/2021\/D\/R\/QLKSp3RIORKNfGxkAA8g\/03-primeira-campanha-1997-.jpg\" sizes=\"(max-width: 1517px) 648px, 100vw\" srcset=\"https:\/\/s2.glbimg.com\/vpdGDG5nyjVY_8oifa2OUQ6auV0=\/0x0:3349x2232\/1000x0\/smart\/filters:strip_icc()\/i.s3.glbimg.com\/v1\/AUTH_59edd422c0c84a879bd37670ae4f538a\/internal_photos\/bs\/2021\/D\/R\/QLKSp3RIORKNfGxkAA8g\/03-primeira-campanha-1997-.jpg 1000w, https:\/\/s2.glbimg.com\/FdDhll4y1lzft0Y10jB6pA-sZSQ=\/0x0:3349x2232\/984x0\/smart\/filters:strip_icc()\/i.s3.glbimg.com\/v1\/AUTH_59edd422c0c84a879bd37670ae4f538a\/internal_photos\/bs\/2021\/D\/R\/QLKSp3RIORKNfGxkAA8g\/03-primeira-campanha-1997-.jpg 984w, https:\/\/s2.glbimg.com\/hquiwB6HBbE07RkPe2AzoGxvmTU=\/0x0:3349x2232\/640x0\/smart\/filters:strip_icc()\/i.s3.glbimg.com\/v1\/AUTH_59edd422c0c84a879bd37670ae4f538a\/internal_photos\/bs\/2021\/D\/R\/QLKSp3RIORKNfGxkAA8g\/03-primeira-campanha-1997-.jpg 640w, https:\/\/s2.glbimg.com\/DzsERQBTDLxS4v1LDxm2EC7GLi8=\/0x0:3349x2232\/600x0\/smart\/filters:strip_icc()\/i.s3.glbimg.com\/v1\/AUTH_59edd422c0c84a879bd37670ae4f538a\/internal_photos\/bs\/2021\/D\/R\/QLKSp3RIORKNfGxkAA8g\/03-primeira-campanha-1997-.jpg 600w\" alt=\"Vendedor de frutas e sobrinho encontraram por acaso f\u00f3ssil do 'Arrudatitan maximus' em C\u00e2ndido Rodrigues (SP) \u2014 Foto: Museu de Paleontologia de Monte Alto\/Arquivo\" width=\"638\" height=\"426\" \/><\/figure>\n<\/div>\n<p class=\"content-media__description \">Vendedor de frutas e sobrinho encontraram por acaso f\u00f3ssil do &#8216;Arrudatitan maximus&#8217; em C\u00e2ndido Rodrigues (SP) \u2014 Foto: Museu de Paleontologia de Monte Alto\/Arquivo<\/p>\n<\/div>\n<\/div>\n<div class=\"mc-column content-text active-extra-styles \" data-block-type=\"unstyled\" data-block-weight=\"54\" data-block-id=\"17\">\n<p class=\"content-text__container \" data-track-category=\"Link no Texto\" data-track-links=\"\">A trajet\u00f3ria e as descobertas de Toninho foi contada pelo\u00a0<strong>G1\u00a0<\/strong>em uma\u00a0<a href=\"https:\/\/g1.globo.com\/sp\/ribeirao-preto-franca\/noticia\/2018\/12\/11\/monte-alto-sp-preserva-fosseis-do-periodo-que-marca-extincao-dos-dinossauros-no-mundo.ghtml\">s\u00e9rie de reportagens publicadas em 2018<\/a>. Ele ajudou a criar o museu de Monte Alto, onde h\u00e1 cerca de 1,3 mil fragmentos de ossos de quatro esp\u00e9cies de dinossauros e seis de crocodilos, al\u00e9m de tartarugas e moluscos de \u00e1gua doce.<\/p>\n<\/div>\n<div class=\"mc-column content-text active-extra-styles \" data-block-type=\"unstyled\" data-block-weight=\"37\" data-block-id=\"18\">\n<p class=\"content-text__container \" data-track-category=\"Link no Texto\" data-track-links=\"\">&#8220;At\u00e9 o momento, os f\u00f3sseis do\u00a0<em>Arrudatitan maximus<\/em>\u00a0s\u00e3o os maiores que temos em exposi\u00e7\u00e3o. Esse estudo amplia nossos conhecimentos sobre os titanossauros brasileiros e abrem portas para novas pesquisas&#8221;, analisa Sandra Tavares, que dirige o museu.<\/p>\n<\/div>\n<div class=\"row medium-uncollapsed content-media content-photo\" data-block-type=\"backstage-photo\" data-block-id=\"19\">\n<div class=\"mc-column content-media__container\">\n<div class=\"content-media-container glb-skeleton-box\">\n<figure class=\"content-media-figure\"><img loading=\"lazy\" class=\"i-amphtml-fill-content i-amphtml-replaced-content\" src=\"https:\/\/s2.glbimg.com\/WhkmfeUKzSZ3lDnm2xORujqIok8=\/0x0:3840x2543\/984x0\/smart\/filters:strip_icc()\/i.s3.glbimg.com\/v1\/AUTH_59edd422c0c84a879bd37670ae4f538a\/internal_photos\/bs\/2021\/4\/x\/1EmGH2R0qomAt3nfZkoA\/arrudatitan-maximus-monte-alto-fossil.jpg\" sizes=\"(max-width: 1517px) 648px, 100vw\" srcset=\"https:\/\/s2.glbimg.com\/2nkl7bvaZBsjmWp-K85NdqdS0MA=\/0x0:3840x2543\/1000x0\/smart\/filters:strip_icc()\/i.s3.glbimg.com\/v1\/AUTH_59edd422c0c84a879bd37670ae4f538a\/internal_photos\/bs\/2021\/4\/x\/1EmGH2R0qomAt3nfZkoA\/arrudatitan-maximus-monte-alto-fossil.jpg 1000w, https:\/\/s2.glbimg.com\/WhkmfeUKzSZ3lDnm2xORujqIok8=\/0x0:3840x2543\/984x0\/smart\/filters:strip_icc()\/i.s3.glbimg.com\/v1\/AUTH_59edd422c0c84a879bd37670ae4f538a\/internal_photos\/bs\/2021\/4\/x\/1EmGH2R0qomAt3nfZkoA\/arrudatitan-maximus-monte-alto-fossil.jpg 984w, https:\/\/s2.glbimg.com\/yME5ZQf1phlgQ9cJTTJ4s23j59M=\/0x0:3840x2543\/640x0\/smart\/filters:strip_icc()\/i.s3.glbimg.com\/v1\/AUTH_59edd422c0c84a879bd37670ae4f538a\/internal_photos\/bs\/2021\/4\/x\/1EmGH2R0qomAt3nfZkoA\/arrudatitan-maximus-monte-alto-fossil.jpg 640w, https:\/\/s2.glbimg.com\/7_1c-iGgI1GqzRdFUn4Pid8-Go4=\/0x0:3840x2543\/600x0\/smart\/filters:strip_icc()\/i.s3.glbimg.com\/v1\/AUTH_59edd422c0c84a879bd37670ae4f538a\/internal_photos\/bs\/2021\/4\/x\/1EmGH2R0qomAt3nfZkoA\/arrudatitan-maximus-monte-alto-fossil.jpg 600w\" alt=\"F\u00f3sseis do 'Arrudatitan maximus', um titanossauro, est\u00e3o expostos no Museu de Paleontologia de Monte Alto (SP) \u2014 Foto: Museu de Paleontologia de Monte Alto\/Divulga\u00e7\u00e3o\" width=\"639\" height=\"423\" \/><\/figure>\n<\/div>\n<p class=\"content-media__description \">F\u00f3sseis do &#8216;Arrudatitan maximus&#8217;, um titanossauro, est\u00e3o expostos no Museu de Paleontologia de Monte Alto (SP) \u2014 Foto: Museu de Paleontologia de Monte Alto\/Divulga\u00e7\u00e3o<\/p>\n<\/div>\n<\/div>\n<\/div>\n","protected":false},"excerpt":{"rendered":"<p>&#8216;Arrudatitan maximus&#8217;, a \u00fanica esp\u00e9cie do g\u00eanero, faz parte do grupo dos titanossauros. Com pesco\u00e7o<\/p>\n","protected":false},"author":2,"featured_media":145764,"comment_status":"open","ping_status":"open","sticky":false,"template":"","format":"standard","meta":[],"categories":[],"tags":[],"uagb_featured_image_src":{"full":["https:\/\/espacoecologico.com.br\/arquivo\/wp-content\/uploads\/2021\/05\/dinossauro.jpg",415,265,false],"thumbnail":["https:\/\/espacoecologico.com.br\/arquivo\/wp-content\/uploads\/2021\/05\/dinossauro-150x150.jpg",150,150,true],"medium":["https:\/\/espacoecologico.com.br\/arquivo\/wp-content\/uploads\/2021\/05\/dinossauro-300x192.jpg",300,192,true],"medium_large":["https:\/\/espacoecologico.com.br\/arquivo\/wp-content\/uploads\/2021\/05\/dinossauro.jpg",415,265,false],"large":["https:\/\/espacoecologico.com.br\/arquivo\/wp-content\/uploads\/2021\/05\/dinossauro.jpg",415,265,false],"1536x1536":["https:\/\/espacoecologico.com.br\/arquivo\/wp-content\/uploads\/2021\/05\/dinossauro.jpg",415,265,false],"2048x2048":["https:\/\/espacoecologico.com.br\/arquivo\/wp-content\/uploads\/2021\/05\/dinossauro.jpg",415,265,false],"cream-magazine-thumbnail-2":["https:\/\/espacoecologico.com.br\/arquivo\/wp-content\/uploads\/2021\/05\/dinossauro.jpg",415,265,false],"cream-magazine-thumbnail-3":["https:\/\/espacoecologico.com.br\/arquivo\/wp-content\/uploads\/2021\/05\/dinossauro.jpg",415,265,false],"cream-magazine-thumbnail-4":["https:\/\/espacoecologico.com.br\/arquivo\/wp-content\/uploads\/2021\/05\/dinossauro.jpg",415,265,false]},"uagb_author_info":{"display_name":"","author_link":"https:\/\/espacoecologico.com.br\/arquivo\/author\/"},"uagb_comment_info":0,"uagb_excerpt":"&#8216;Arrudatitan maximus&#8217;, a \u00fanica esp\u00e9cie do g\u00eanero, faz parte do grupo dos titanossauros. Com pesco\u00e7o","_links":{"self":[{"href":"https:\/\/espacoecologico.com.br\/arquivo\/wp-json\/wp\/v2\/posts\/145763"}],"collection":[{"href":"https:\/\/espacoecologico.com.br\/arquivo\/wp-json\/wp\/v2\/posts"}],"about":[{"href":"https:\/\/espacoecologico.com.br\/arquivo\/wp-json\/wp\/v2\/types\/post"}],"author":[{"embeddable":true,"href":"https:\/\/espacoecologico.com.br\/arquivo\/wp-json\/wp\/v2\/users\/2"}],"replies":[{"embeddable":true,"href":"https:\/\/espacoecologico.com.br\/arquivo\/wp-json\/wp\/v2\/comments?post=145763"}],"version-history":[{"count":3,"href":"https:\/\/espacoecologico.com.br\/arquivo\/wp-json\/wp\/v2\/posts\/145763\/revisions"}],"predecessor-version":[{"id":145766,"href":"https:\/\/espacoecologico.com.br\/arquivo\/wp-json\/wp\/v2\/posts\/145763\/revisions\/145766"}],"wp:featuredmedia":[{"embeddable":true,"href":"https:\/\/espacoecologico.com.br\/arquivo\/wp-json\/wp\/v2\/media\/145764"}],"wp:attachment":[{"href":"https:\/\/espacoecologico.com.br\/arquivo\/wp-json\/wp\/v2\/media?parent=145763"}],"wp:term":[{"taxonomy":"category","embeddable":true,"href":"https:\/\/espacoecologico.com.br\/arquivo\/wp-json\/wp\/v2\/categories?post=145763"},{"taxonomy":"post_tag","embeddable":true,"href":"https:\/\/espacoecologico.com.br\/arquivo\/wp-json\/wp\/v2\/tags?post=145763"}],"curies":[{"name":"wp","href":"https:\/\/api.w.org\/{rel}","templated":true}]}}