{"id":137815,"date":"2020-11-29T20:52:17","date_gmt":"2020-11-29T23:52:17","guid":{"rendered":"https:\/\/espacoecologico.com.br\/arquivo\/?p=137815"},"modified":"2020-11-29T20:53:04","modified_gmt":"2020-11-29T23:53:04","slug":"covid-19-dicas-para-um-natal-seguro-na-pandemia","status":"publish","type":"post","link":"https:\/\/espacoecologico.com.br\/arquivo\/covid-19-dicas-para-um-natal-seguro-na-pandemia\/","title":{"rendered":"Covid-19: dicas para um Natal seguro na pandemia"},"content":{"rendered":"<p><img loading=\"lazy\" class=\"\" src=\"https:\/\/www.greenme.com.br\/wp-content\/uploads\/2020\/11\/natal-coronavirus-660x330.jpg\" width=\"640\" height=\"320\" \/><\/p>\n<p>No calor brasileiro, o cen\u00e1rio natal\u00edcio parece muito mais tranquilo que na Europa e nos Estados Unidos. Isso porque o frio aproxima as pessoas em locais fechados, e o v\u00edrus se espalha mais facilmente. Mesmo assim, \u00e9 preciso ter cuidado porque<strong>\u00a0o coronav\u00edrus n\u00e3o desapareceu nem no velho nem no novo continente.<\/strong><\/p>\n<p>Muita gente est\u00e1 preocupada em<strong>\u00a0como ser\u00e1 este Natal<\/strong>. Al\u00e9m do\u00a0<a href=\"https:\/\/www.greenme.com.br\/viver\/trabalho-e-escritorio\/42838-coronavirus-vai-gerar-25-milhoes-desempregados\/\">desastre econ\u00f4mico do desemprego<\/a>\u00a0e das mortes, quem tem um m\u00ednimo de responsabilidade n\u00e3o quer expor os mais velhos ou os mais vulner\u00e1veis ao risco de contrair Covid-19.<\/p>\n<p>Na Europa, onde muitos pa\u00edses seguem com o\u00a0<a href=\"https:\/\/www.greenme.com.br\/viver\/arte-e-cultura\/52044-lockdown-palavra-mais-usada-2020\/\">lockdown<\/a>\u00a0ou com o\u00a0<a href=\"https:\/\/www.greenme.com.br\/viver\/saude-e-bem-estar\/50781-covid-19-na-europa-lockdown-toque-de-recolher-recorde-de-mortes-e-protestos\/\">toque de recolher<\/a>,\u00a0muitos lugares, bares, restaurantes e at\u00e9 lojas, seguem fechados. Ir de uma cidade a outra para visitar parentes est\u00e1 proibido e at\u00e9 reuni\u00e3o em casa \u00e9 permitida com um certo limite no n\u00famero de pessoas. Tudo isso parece muito surreal em pleno s\u00e9c. XXI, mas as diretrizes s\u00e3o para evitar a lota\u00e7\u00e3o nas UTIs que j\u00e1 est\u00e3o no limite em muitas cidades europeias.<\/p>\n<p>Mas e ai? D\u00e1 para ter um\u00a0<a href=\"https:\/\/www.greenme.com.br\/viver\/arte-e-cultura\/6150-natal-30-curiosidades-e-simbolos\/\">Natal<\/a>\u00a0seguro e respons\u00e1vel? Claro que sim! E no Brasil isso \u00e9 mais f\u00e1cil. Veja por qu\u00ea.<\/p>\n<figure id=\"attachment_52791\" class=\"wp-caption aligncenter\" style=\"width: 640px;\" aria-describedby=\"caption-attachment-52791\"><img loading=\"lazy\" class=\"wp-image-52791 lazyloaded tie-appear\" src=\"https:\/\/www.greenme.com.br\/wp-content\/uploads\/2020\/11\/papai-noel-2020.jpg\" sizes=\"(max-width: 900px) 100vw, 900px\" srcset=\"https:\/\/www.greenme.com.br\/wp-content\/uploads\/2020\/11\/papai-noel-2020.jpg 900w, https:\/\/www.greenme.com.br\/wp-content\/uploads\/2020\/11\/papai-noel-2020-300x225.jpg 300w, https:\/\/www.greenme.com.br\/wp-content\/uploads\/2020\/11\/papai-noel-2020-768x576.jpg 768w\" alt=\"\" width=\"640\" height=\"480\" data-ll-status=\"loaded\" \/><figcaption id=\"caption-attachment-52791\" class=\"wp-caption-text\">\u00a9wir_sind_klein\/Pixabay<\/figcaption><\/figure>\n<h2>Como o v\u00edrus se espalha<\/h2>\n<p>Agora que ficou claro que o\u00a0<strong>v\u00edrus se espalha muito mais facilmente pelo ar<\/strong>\u00a0do que por objetos (pegar no dinheiro infectado e colocar a m\u00e3o na boca, por exemplo)\u00a0<a href=\"https:\/\/www.greenme.com.br\/viver\/saude-e-bem-estar\/52103-mascara-unica-garantia-coronavirus\/\">o uso da m\u00e1scara tornou-se fundamental<\/a>, da mesma forma que a ventila\u00e7\u00e3o do ambiente ou estar em lugar aberto. Um ambiente com o ar sempre renovado dispersa poss\u00edveis nuvens contaminadas, e reduz a possibilidade de cont\u00e1gio.<\/p>\n<p><strong>O n\u00famero de pessoas e o tamanho do lugar<\/strong>\u00a0onde as festas ser\u00e3o realizadas tamb\u00e9m ter\u00e3o papel fundamental na dissemina\u00e7\u00e3o do v\u00edrus. Inclusive,\u00a0<a href=\"https:\/\/indoor-covid-safety.herokuapp.com\/?units=metric&amp;lang=es\">o site: Indoor Covid Safety<\/a>\u00a0simula as situa\u00e7\u00f5es de acordo com metro quadrado do lugar e n\u00famero de pessoas nele presentes, e d\u00e1 as probabilidades de cont\u00e1gios.<\/p>\n<p>Dito isso, vamos \u00e0s<\/p>\n<h2>Dicas para um Natal seguro<\/h2>\n<ul>\n<li><strong>Faz calor e o ar-condicionado \u00e9 indispens\u00e1vel?<\/strong> Abra uma janela para que o ar circule, inclusive com a ajuda de um ventilador colocado na janela para fazer com que o ar de dentro seja soprado para fora. Isso ajudar\u00e1 o ar se renovar.<\/li>\n<\/ul>\n<ul>\n<li><strong>Se a casa tiver quintal, melhor ainda, \u00e9 para l\u00e1 que vamos<\/strong>. Ao ar livre \u00e9 muito mais dif\u00edcil disseminar v\u00edrus, principalmente na hora dos comes em que, por for\u00e7a, devemos tirar a m\u00e1scara e podemos, sem querer, espalhar o v\u00edrus ao falar.<\/li>\n<li><strong>Falar alto, gritar e cantar sem m\u00e1scara \u00e9 um perigo<\/strong>. Em locais fechados, essas atitudes requerem o uso de m\u00e1scara. J\u00e1 em lugares abertos, o ideal \u00e9, mesmo assim, manter uma certa dist\u00e2ncia das pessoas ao falar com elas.<\/li>\n<li><strong>M\u00e1scaras limpas, por favor<\/strong>. A m\u00e1scara \u00e9 fundamental nos espa\u00e7os fechados. A essa altura da pandemia sabemos da efic\u00e1cia delas, inclusive as de pano. Mas elas precisam estar limpas e serem trocadas ap\u00f3s 2 ou 3 horas de uso ou se estiverem muito \u00famidas (de suor, de fala\u00e7\u00e3o, etc).<\/li>\n<\/ul>\n<ul>\n<li><strong>Na hora dos comes<\/strong>, se n\u00e3o tiver quintal, tente manter certa distancia \u00e0 mesa, posicionando as cadeiras a pelo menos 1 metro de dist\u00e2ncia umas das outras.<\/li>\n<li><strong>Festa, festinha, fest\u00e3o<\/strong>. Como quanto maior o n\u00famero de pessoas, maior a probabilidade de dissemina\u00e7\u00e3o do v\u00edrus, esse ano vai ser aquela coisa bem sincera: s\u00f3 os mais \u00edntimos, os mais chegados os mais brothers and sisters porque os chatos que a gente achava que tinha \u201cobriga\u00e7\u00e3o\u201d de convidar, poder\u00e3o esse ano ficar de fora da lista, sem peso na consci\u00eancia.<\/li>\n<\/ul>\n<p>Agora que\u00a0<strong>t\u00e1 combinado que vai ter Natal,<\/strong>\u00a0mas com consci\u00eancia e responsabilidade para que a Covid-19 n\u00e3o chegue de presente surpresa para ningu\u00e9m, vamos come\u00e7ar com as prepara\u00e7\u00f5es.<\/p>\n","protected":false},"excerpt":{"rendered":"<p>No calor brasileiro, o cen\u00e1rio natal\u00edcio parece muito mais tranquilo que na Europa e nos<\/p>\n","protected":false},"author":2,"featured_media":0,"comment_status":"open","ping_status":"open","sticky":false,"template":"","format":"standard","meta":[],"categories":[],"tags":[],"uagb_featured_image_src":{"full":false,"thumbnail":false,"medium":false,"medium_large":false,"large":false,"1536x1536":false,"2048x2048":false,"cream-magazine-thumbnail-2":false,"cream-magazine-thumbnail-3":false,"cream-magazine-thumbnail-4":false},"uagb_author_info":{"display_name":"","author_link":"https:\/\/espacoecologico.com.br\/arquivo\/author\/"},"uagb_comment_info":0,"uagb_excerpt":"No calor brasileiro, o cen\u00e1rio natal\u00edcio parece muito mais tranquilo que na Europa e nos","_links":{"self":[{"href":"https:\/\/espacoecologico.com.br\/arquivo\/wp-json\/wp\/v2\/posts\/137815"}],"collection":[{"href":"https:\/\/espacoecologico.com.br\/arquivo\/wp-json\/wp\/v2\/posts"}],"about":[{"href":"https:\/\/espacoecologico.com.br\/arquivo\/wp-json\/wp\/v2\/types\/post"}],"author":[{"embeddable":true,"href":"https:\/\/espacoecologico.com.br\/arquivo\/wp-json\/wp\/v2\/users\/2"}],"replies":[{"embeddable":true,"href":"https:\/\/espacoecologico.com.br\/arquivo\/wp-json\/wp\/v2\/comments?post=137815"}],"version-history":[{"count":0,"href":"https:\/\/espacoecologico.com.br\/arquivo\/wp-json\/wp\/v2\/posts\/137815\/revisions"}],"wp:attachment":[{"href":"https:\/\/espacoecologico.com.br\/arquivo\/wp-json\/wp\/v2\/media?parent=137815"}],"wp:term":[{"taxonomy":"category","embeddable":true,"href":"https:\/\/espacoecologico.com.br\/arquivo\/wp-json\/wp\/v2\/categories?post=137815"},{"taxonomy":"post_tag","embeddable":true,"href":"https:\/\/espacoecologico.com.br\/arquivo\/wp-json\/wp\/v2\/tags?post=137815"}],"curies":[{"name":"wp","href":"https:\/\/api.w.org\/{rel}","templated":true}]}}