{"id":137813,"date":"2020-11-29T20:47:44","date_gmt":"2020-11-29T23:47:44","guid":{"rendered":"https:\/\/espacoecologico.com.br\/arquivo\/?p=137813"},"modified":"2020-11-29T20:47:44","modified_gmt":"2020-11-29T23:47:44","slug":"7-acoes-praticas-para-ter-melhor-saude-mental","status":"publish","type":"post","link":"https:\/\/espacoecologico.com.br\/arquivo\/7-acoes-praticas-para-ter-melhor-saude-mental\/","title":{"rendered":"7 a\u00e7\u00f5es pr\u00e1ticas para ter melhor sa\u00fade mental"},"content":{"rendered":"<p><img loading=\"lazy\" class=\"\" src=\"https:\/\/www.greenme.com.br\/wp-content\/uploads\/2020\/11\/saude-mental-1-660x330.jpg\" width=\"640\" height=\"320\" \/><\/p>\n<p>Se voc\u00ea est\u00e1 sentindo a mente pedir socorro, saiba que existem a\u00e7\u00f5es pr\u00e1ticas simples que podem te ajudar a ter melhor sa\u00fade mental. Veja sete dicas!<\/p>\n<p>Uma das consequ\u00eancias do isolamento social \u00e9 o aumento do n\u00famero de pessoas se queixando do preju\u00edzo na sa\u00fade mental. Esse tema ganhou mais espa\u00e7o de debate na sociedade, fazendo com que muita gente passasse a prestar aten\u00e7\u00e3o neste importante aspecto. Felizmente, com algumas a\u00e7\u00f5es pr\u00e1ticas \u00e9 poss\u00edvel ter melhor sa\u00fade mental. Confira!<\/p>\n<h2><span id=\"Respire_fundo_para_comecar_e_terminar_o_dia\" class=\"ez-toc-section\"><\/span>Respire fundo para come\u00e7ar e terminar o dia<\/h2>\n<p>O ato de respirar fundo traz in\u00fameros e imediatos benef\u00edcios para o corpo humano. No \u00e2mbito funcional, ao inspirar e expirar profundamente, os pulm\u00f5es ajustam o ritmo, que tende a mudar ao longo do dia.<\/p>\n<p>No quesito mental, essa inspira\u00e7\u00e3o proporciona maior oxigena\u00e7\u00e3o no c\u00e9rebro, al\u00e9m de ser uma ferramenta da chamada aten\u00e7\u00e3o plena, \u201cclareando\u201d a mente.<\/p>\n<p>Por isso, ao come\u00e7ar e terminar o dia, respire bem fundo tr\u00eas vezes. Repita esse procedimento simples sempre que sentir que precisa de uma pausa.<\/p>\n<h2><span id=\"Aprenda_um_novo_idioma\" class=\"ez-toc-section\"><\/span>Aprenda um novo idioma<\/h2>\n<p>Ainda que o aprendizado de uma l\u00edngua estrangeira esteja mais associado ao mundo profissional, a compreens\u00e3o de um novo idioma tem efeitos positivos para o c\u00e9rebro.<\/p>\n<p>De acordo com o site de idiomas Babbel, mesmo que um estudante disponibilize de poucos minutos por dia, \u00e9 poss\u00edvel n\u00e3o s\u00f3 dominar a l\u00edngua de interesse, mas tamb\u00e9m treinar sua mente. Esse aprendizado \u00e9 fundamental para o funcionamento das conex\u00f5es neurais, prevenindo doen\u00e7as degenerativas da mente.<\/p>\n<p>Para quem n\u00e3o sabe que idioma escolher, o ingl\u00eas pode ser um bom come\u00e7o. Existem diversos aplicativos no mercado, alguns totalmente sem custo. A pr\u00f3pria Babbel conta com uma\u00a0<a href=\"https:\/\/pt.babbel.com\/curso-de-ingles-online\">vers\u00e3o para quem quer aprender ingl\u00eas gratuitamente<\/a>. Motivos n\u00e3o faltam para voc\u00ea aprender um novo idioma!<\/p>\n<p><img loading=\"lazy\" class=\"aligncenter wp-image-52785  lazyloaded tie-appear\" src=\"https:\/\/www.greenme.com.br\/wp-content\/uploads\/2020\/11\/saude-mental-2.jpg\" sizes=\"(max-width: 600px) 100vw, 600px\" srcset=\"https:\/\/www.greenme.com.br\/wp-content\/uploads\/2020\/11\/saude-mental-2.jpg 600w, https:\/\/www.greenme.com.br\/wp-content\/uploads\/2020\/11\/saude-mental-2-300x200.jpg 300w, https:\/\/www.greenme.com.br\/wp-content\/uploads\/2020\/11\/saude-mental-2-310x205.jpg 310w\" alt=\"\" width=\"639\" height=\"425\" data-ll-status=\"loaded\" \/><\/p>\n<p>Imagem: Babbel<\/p>\n<h2><span id=\"Pratique_uma_atividade_fisica\" class=\"ez-toc-section\"><\/span>Pratique uma atividade f\u00edsica<\/h2>\n<p>H\u00e1 quem acredite que o corpo n\u00e3o impacta em nada na mente. Por\u00e9m, essa \u00e9 uma importante a\u00e7\u00e3o pr\u00e1tica para ter melhor sa\u00fade mental.<\/p>\n<p>N\u00e3o importa qual atividade f\u00edsica voc\u00ea realiza, seja caminhada, corrida, dan\u00e7a, treino na academia ou crossfit. O essencial \u00e9 manter o corpo em movimento.<\/p>\n<p>Al\u00e9m de ser \u00fatil para manter a mente focada na realiza\u00e7\u00e3o de uma s\u00f3 tarefa, exercitando a aten\u00e7\u00e3o plena, praticar um exerc\u00edcio faz com que o organismo libere horm\u00f4nios relacionados ao bem-estar.<\/p>\n<h2><span id=\"Cuide_da_saude_do_sono\" class=\"ez-toc-section\"><\/span>Cuide da sa\u00fade do sono<\/h2>\n<p>Dormir bem est\u00e1 diretamente relacionado com a sa\u00fade mental de qualidade. Afinal, \u00e9 durante o sono que o corpo recupera as energias, regulariza as fun\u00e7\u00f5es hormonais e \u201climpa\u201d a sua mente, mantendo na mem\u00f3ria somente o que \u00e9 relevante.<\/p>\n<p><img loading=\"lazy\" class=\"aligncenter wp-image-52787  lazyloaded tie-appear\" src=\"https:\/\/www.greenme.com.br\/wp-content\/uploads\/2020\/11\/saude-mental-3.jpg\" sizes=\"(max-width: 600px) 100vw, 600px\" srcset=\"https:\/\/www.greenme.com.br\/wp-content\/uploads\/2020\/11\/saude-mental-3.jpg 600w, https:\/\/www.greenme.com.br\/wp-content\/uploads\/2020\/11\/saude-mental-3-300x199.jpg 300w, https:\/\/www.greenme.com.br\/wp-content\/uploads\/2020\/11\/saude-mental-3-310x205.jpg 310w\" alt=\"\" width=\"639\" height=\"424\" data-ll-status=\"loaded\" \/><\/p>\n<p>Imagem: Freepik<\/p>\n<p>Cada pessoa tem uma necessidade de sono diferente. Por isso, avalie quantas horas voc\u00ea precisa para se sentir renovado e preze por realizar\u00a0<a href=\"https:\/\/www.greenme.com.br\/viver\/saude-e-bem-estar\/8213-conselhos-bom-repouso\/\">pr\u00e1ticas di\u00e1rias que melhoram o dormir<\/a>.<\/p>\n<h2><span id=\"Repense_sua_alimentacao\" class=\"ez-toc-section\"><\/span>Repense sua alimenta\u00e7\u00e3o<\/h2>\n<p>Nem tudo o que ingerimos \u00e9 ben\u00e9fico para o corpo. E por mais que a alimenta\u00e7\u00e3o esteja associada \u00e0 sa\u00fade f\u00edsica, pesquisas j\u00e1 mostram que alguns alimentos impactam na sa\u00fade mental.<\/p>\n<p>O preju\u00edzo para a mente vem ao escolher alimentos que causam fadiga, fraqueza ou um grande esfor\u00e7o de digest\u00e3o. Al\u00e9m disso, produtos com muito a\u00e7\u00facar podem causar v\u00edcio a longo prazo.<\/p>\n<p>Para evitar esse desgaste, repense sua alimenta\u00e7\u00e3o. Para facilitar as coisas, proponha-se a fazer uma substitui\u00e7\u00e3o saud\u00e1vel por dia e comece a ver a melhora.<\/p>\n<h2><span id=\"Insira_um_habito_saudavel_na_sua_vida\" class=\"ez-toc-section\"><\/span>Insira um h\u00e1bito saud\u00e1vel na sua vida<\/h2>\n<p>E por falar em substitui\u00e7\u00e3o saud\u00e1vel, muita gente tem o desejo de ter uma vida equilibrada, mas tem dificuldade para dar o pontap\u00e9 inicial.<\/p>\n<p><img loading=\"lazy\" class=\"aligncenter wp-image-52788  tie-appear lazyloaded\" src=\"https:\/\/www.greenme.com.br\/wp-content\/uploads\/2020\/11\/saude-mental-4.jpg\" sizes=\"(max-width: 600px) 100vw, 600px\" srcset=\"https:\/\/www.greenme.com.br\/wp-content\/uploads\/2020\/11\/saude-mental-4.jpg 600w, https:\/\/www.greenme.com.br\/wp-content\/uploads\/2020\/11\/saude-mental-4-300x199.jpg 300w, https:\/\/www.greenme.com.br\/wp-content\/uploads\/2020\/11\/saude-mental-4-310x205.jpg 310w\" alt=\"\" width=\"639\" height=\"424\" data-ll-status=\"loaded\" \/><\/p>\n<p>Imagem: Freepik<\/p>\n<p>A dica \u00e9 inserir um h\u00e1bito saud\u00e1vel por vez na sua vida. Ao inv\u00e9s de fazer uma transforma\u00e7\u00e3o completa, escolha uma atividade que voc\u00ea julga positiva e se esforce para mant\u00ea-la em sua rotina.<\/p>\n<h2><span id=\"Procure_ajuda_profissional\" class=\"ez-toc-section\"><\/span>Procure ajuda profissional<\/h2>\n<p>Ainda no primeiro semestre de 2020 surgiu a not\u00edcia de um estudo que relacionava o\u00a0<a href=\"https:\/\/www.cnnbrasil.com.br\/saude\/2020\/05\/09\/estudo-indica-aumento-em-casos-de-depressao-durante-isolamento-social\">aumento nos casos de depress\u00e3o<\/a>\u00a0com a pandemia do novo coronav\u00edrus. A verdade \u00e9 que milhares de brasileiros est\u00e3o passando por problemas que exigem um cuidado especial.<\/p>\n<p>Assim, se voc\u00ea notar que est\u00e1 apresentando comportamentos associados \u00e0 depress\u00e3o e \u00e0 ansiedade, como falta de sono, pouco \u00e2nimo para iniciar o dia, aus\u00eancia de apetite ou sensa\u00e7\u00f5es ruins, procure ajuda profissional.<\/p>\n<p>Existem psic\u00f3logos que atendem de forma remota, al\u00e9m de institui\u00e7\u00f5es de ensino que disponibilizam profissionais em forma\u00e7\u00e3o para auxiliar quem precisa.<\/p>\n<p>Muitas vezes, s\u00e3o a\u00e7\u00f5es simples que tomamos que geram um retorno positivo. Inserir essas sete pr\u00e1ticas que impactam na sa\u00fade da mente \u00e9 essencial para ter mais qualidade vida.<\/p>\n<p>Lembre-se: o cuidado com a sa\u00fade mental deve ser uma constante para todos, especialmente em tempos em que a rotina se torna cada vez mais complexa. N\u00e3o deixe para amanh\u00e3. Coloque em pr\u00e1tica, hoje mesmo, as a\u00e7\u00f5es listadas e tenha resultados positivos o quanto antes!<\/p>\n","protected":false},"excerpt":{"rendered":"<p>Se voc\u00ea est\u00e1 sentindo a mente pedir socorro, saiba que existem a\u00e7\u00f5es pr\u00e1ticas simples que<\/p>\n","protected":false},"author":2,"featured_media":0,"comment_status":"open","ping_status":"open","sticky":false,"template":"","format":"standard","meta":[],"categories":[],"tags":[],"uagb_featured_image_src":{"full":false,"thumbnail":false,"medium":false,"medium_large":false,"large":false,"1536x1536":false,"2048x2048":false,"cream-magazine-thumbnail-2":false,"cream-magazine-thumbnail-3":false,"cream-magazine-thumbnail-4":false},"uagb_author_info":{"display_name":"","author_link":"https:\/\/espacoecologico.com.br\/arquivo\/author\/"},"uagb_comment_info":0,"uagb_excerpt":"Se voc\u00ea est\u00e1 sentindo a mente pedir socorro, saiba que existem a\u00e7\u00f5es pr\u00e1ticas simples que","_links":{"self":[{"href":"https:\/\/espacoecologico.com.br\/arquivo\/wp-json\/wp\/v2\/posts\/137813"}],"collection":[{"href":"https:\/\/espacoecologico.com.br\/arquivo\/wp-json\/wp\/v2\/posts"}],"about":[{"href":"https:\/\/espacoecologico.com.br\/arquivo\/wp-json\/wp\/v2\/types\/post"}],"author":[{"embeddable":true,"href":"https:\/\/espacoecologico.com.br\/arquivo\/wp-json\/wp\/v2\/users\/2"}],"replies":[{"embeddable":true,"href":"https:\/\/espacoecologico.com.br\/arquivo\/wp-json\/wp\/v2\/comments?post=137813"}],"version-history":[{"count":0,"href":"https:\/\/espacoecologico.com.br\/arquivo\/wp-json\/wp\/v2\/posts\/137813\/revisions"}],"wp:attachment":[{"href":"https:\/\/espacoecologico.com.br\/arquivo\/wp-json\/wp\/v2\/media?parent=137813"}],"wp:term":[{"taxonomy":"category","embeddable":true,"href":"https:\/\/espacoecologico.com.br\/arquivo\/wp-json\/wp\/v2\/categories?post=137813"},{"taxonomy":"post_tag","embeddable":true,"href":"https:\/\/espacoecologico.com.br\/arquivo\/wp-json\/wp\/v2\/tags?post=137813"}],"curies":[{"name":"wp","href":"https:\/\/api.w.org\/{rel}","templated":true}]}}