{"id":133712,"date":"2020-09-13T15:43:42","date_gmt":"2020-09-13T18:43:42","guid":{"rendered":"https:\/\/espacoecologico.com.br\/arquivo\/?p=133712"},"modified":"2020-09-13T15:43:42","modified_gmt":"2020-09-13T18:43:42","slug":"aromaterapia-para-caes-tem-vantagens-mas-exige-conhecimento","status":"publish","type":"post","link":"https:\/\/espacoecologico.com.br\/arquivo\/aromaterapia-para-caes-tem-vantagens-mas-exige-conhecimento\/","title":{"rendered":"Aromaterapia para c\u00e3es tem vantagens, mas exige conhecimento"},"content":{"rendered":"<p>A utiliza\u00e7\u00e3o de \u00f3leos essenciais no tratamento de mazelas caninas \u00e9 poss\u00edvel, mas sua pr\u00e1tica respons\u00e1vel pelos tutores deve passar pela compreens\u00e3o das diferen\u00e7as entre animais e seres humanos.<\/p>\n<p><img loading=\"lazy\" class=\"\" src=\"https:\/\/static.wixstatic.com\/media\/6b0388_3add023950e940c69229ae41d55b290e~mv2.jpeg\/v1\/fill\/w_661,h_440,al_c,q_80,usm_0.66_1.00_0.01\/6b0388_3add023950e940c69229ae41d55b290e~mv2.webp\" width=\"640\" height=\"426\" \/><\/p>\n<p>Na busca por uma sa\u00fade mais integral e natural, as Medicinas Alternativas e Complementares (CAM) v\u00eam ganhando cada vez mais espa\u00e7o, inclusive dentro da medicina veterin\u00e1ria. Dentro deste contexto, a utiliza\u00e7\u00e3o da Aromaterapia em humanos, por exemplo, vem se difundindo cada vez mais no Brasil e no mundo, mas o que muita gente n\u00e3o sabe \u00e9 que existe tamb\u00e9m a possibilidade de utilizar as t\u00e9cnicas dessa terapia em seus bichinhos de estima\u00e7\u00e3o.<\/p>\n<p>Aromaterapia, para quem n\u00e3o conhece, \u00e9 uma terapia embasada cientificamente que utiliza dos \u00f3leos essenciais, extratos altamente concentrados de plantas medicinais que possuem centenas de princ\u00edpios ativos, para curar diversas enfermidades e promover a sa\u00fade integral, tratando de quest\u00f5es que v\u00e3o desde reequil\u00edbrio das emo\u00e7\u00f5es \u00e0 cuidados est\u00e9ticos.<\/p>\n<p>Para os c\u00e3es a Aromaterapia tem se mostrado eficiente para o tratamento de diversas quest\u00f5es que afetam sua sa\u00fade, isso porque com seu olfato milhares de vezes mais apurados do que o do ser humano, os pr\u00f3prios c\u00e3es s\u00e3o capazes de escolher corretamente os \u00f3leos essenciais que ser\u00e3o mais eficazes no tratamento de seus males.<\/p>\n<p>A m\u00e9dica veterin\u00e1ria M\u00f4nica Nogueira, que h\u00e1 anos faz uso da aromaterapia em sua pr\u00e1tica com c\u00e3es, destaca que essa rela\u00e7\u00e3o do olfato canino com doen\u00e7as \u00e9 uma pr\u00e1tica que \u00e9 utilizada at\u00e9 mesmo com humanos: \u201cOs c\u00e3es j\u00e1 s\u00e3o treinados para farejar doen\u00e7as como a diabetes em pacientes de risco, avisando ao tutor antes mesmo de ocorrer uma hipoglicemia.\u201d conta a especialista.<\/p>\n<p>Dessa forma, o uso da Aromaterapia canina pressup\u00f5e que o animal possa se beneficiar dos \u00f3leos essenciais e suas mol\u00e9culas arom\u00e1ticas de maneiras diferentes dos seres humanos, que entram no processo para auxiliar o tratamento atrav\u00e9s de pr\u00e1ticas integrativas para aqueles que buscam maneiras naturais de cuidar da sa\u00fade de seus bichinhos. M\u00f4nica Nogueira destaca que: \u201cAp\u00f3s um diagn\u00f3stico correto feito pelo M\u00e9dico Veterin\u00e1rio, os tutores podem e devem auxiliar no tratamento fazendo uso dos \u00f3leos essenciais.\u201d<\/p>\n<p>Para Andr\u00e9 Ferraz, Master Aromaterapeuta que conta com especializa\u00e7\u00e3o em Aromaterapia Veterin\u00e1ria, a utiliza\u00e7\u00e3o da Aromaterapia nos cuidados com animais de estima\u00e7\u00e3o, especialmente cachorros, se utiliza da habilidade inata que eles possuem de identificar e curar os pr\u00f3prios males: \u201cImagina como deve ser frustrante ter essa capacidade, mas n\u00e3o poder desenvolver esse instinto e precisar de ajuda humana para praticamente tudo?\u201d contextualiza o aromaterapeuta.<\/p>\n<p>Os dois especialistas ressaltam que cuidados especiais devem ser tomados na hora de aplicar aromaterapia nos seus c\u00e3es, em primeiro lugar o uso de \u00f3leos essenciais n\u00e3o pressup\u00f5e fim do acompanhamento com o veterin\u00e1rio \u201cO princ\u00edpio da Medicina Integrativa \u00e9 a colabora\u00e7\u00e3o entre M\u00e9dico e paciente, portanto na Medicina Veterin\u00e1ria essa colabora\u00e7\u00e3o deve ser feita entre o Veterin\u00e1rio e o tutor\u201d explica M\u00f4nica Nogueira.<\/p>\n<p>J\u00e1 Andr\u00e9 Ferraz destaca que mesmo que o tutor seja aromaterapeuta certificado, as fisiologias diferentes entre pessoas e animais tamb\u00e9m devem ser corretamente compreendidas por quem deseja cuidar tamb\u00e9m de seus pets: \u201cOs animais s\u00e3o mais sens\u00edveis do que os seres humanos e sua anatomia e fisiologia tamb\u00e9m s\u00e3o diferentes. \u00d3leos essenciais que funcionam muito bem nos seres humanos podem n\u00e3o ser seguros ao serem usados nos c\u00e3es, que s\u00e3o mais sens\u00edveis. Pelo mesmo motivo as dosagens ideais tamb\u00e9m n\u00e3o podem ser as mesmas\u201d relata.<\/p>\n<p>Para quem deseja cuidar de seus pets de maneira mais natural, portanto, a recomenda\u00e7\u00e3o dos especialistas \u00e9 de fazer um curso na \u00e1rea e acompanhamento com um veterin\u00e1rio que se utilize dessas pr\u00e1ticas integrativas \u201cDessa maneira, o tutor ter\u00e1 o seu melhor amigo ou amiga muito mais feliz e saud\u00e1vel, usando a intelig\u00eancia dos seus ancestrais\u201d conclui Andr\u00e9 Ferraz.<\/p>\n","protected":false},"excerpt":{"rendered":"<p>A utiliza\u00e7\u00e3o de \u00f3leos essenciais no tratamento de mazelas caninas \u00e9 poss\u00edvel, mas sua pr\u00e1tica<\/p>\n","protected":false},"author":2,"featured_media":0,"comment_status":"open","ping_status":"open","sticky":false,"template":"","format":"standard","meta":[],"categories":[],"tags":[],"uagb_featured_image_src":{"full":false,"thumbnail":false,"medium":false,"medium_large":false,"large":false,"1536x1536":false,"2048x2048":false,"cream-magazine-thumbnail-2":false,"cream-magazine-thumbnail-3":false,"cream-magazine-thumbnail-4":false},"uagb_author_info":{"display_name":"","author_link":"https:\/\/espacoecologico.com.br\/arquivo\/author\/"},"uagb_comment_info":0,"uagb_excerpt":"A utiliza\u00e7\u00e3o de \u00f3leos essenciais no tratamento de mazelas caninas \u00e9 poss\u00edvel, mas sua pr\u00e1tica","_links":{"self":[{"href":"https:\/\/espacoecologico.com.br\/arquivo\/wp-json\/wp\/v2\/posts\/133712"}],"collection":[{"href":"https:\/\/espacoecologico.com.br\/arquivo\/wp-json\/wp\/v2\/posts"}],"about":[{"href":"https:\/\/espacoecologico.com.br\/arquivo\/wp-json\/wp\/v2\/types\/post"}],"author":[{"embeddable":true,"href":"https:\/\/espacoecologico.com.br\/arquivo\/wp-json\/wp\/v2\/users\/2"}],"replies":[{"embeddable":true,"href":"https:\/\/espacoecologico.com.br\/arquivo\/wp-json\/wp\/v2\/comments?post=133712"}],"version-history":[{"count":0,"href":"https:\/\/espacoecologico.com.br\/arquivo\/wp-json\/wp\/v2\/posts\/133712\/revisions"}],"wp:attachment":[{"href":"https:\/\/espacoecologico.com.br\/arquivo\/wp-json\/wp\/v2\/media?parent=133712"}],"wp:term":[{"taxonomy":"category","embeddable":true,"href":"https:\/\/espacoecologico.com.br\/arquivo\/wp-json\/wp\/v2\/categories?post=133712"},{"taxonomy":"post_tag","embeddable":true,"href":"https:\/\/espacoecologico.com.br\/arquivo\/wp-json\/wp\/v2\/tags?post=133712"}],"curies":[{"name":"wp","href":"https:\/\/api.w.org\/{rel}","templated":true}]}}