{"id":133705,"date":"2020-09-13T14:00:48","date_gmt":"2020-09-13T17:00:48","guid":{"rendered":"https:\/\/espacoecologico.com.br\/arquivo\/?p=133705"},"modified":"2020-09-13T10:07:24","modified_gmt":"2020-09-13T13:07:24","slug":"pesquisadores-da-ufpi-fazem-sequenciamento-de-genoma-inteiro-de-organismo-no-piaui","status":"publish","type":"post","link":"https:\/\/espacoecologico.com.br\/arquivo\/pesquisadores-da-ufpi-fazem-sequenciamento-de-genoma-inteiro-de-organismo-no-piaui\/","title":{"rendered":"Pesquisadores da UFPI fazem sequenciamento de genoma inteiro de organismo no Piau\u00ed"},"content":{"rendered":"<p><a href=\"https:\/\/espacoecologico.com.br\/arquivo\/wp-content\/uploads\/2020\/09\/ufpi.jpg\"><img loading=\"lazy\" class=\"alignleft size-medium wp-image-133706\" src=\"https:\/\/espacoecologico.com.br\/arquivo\/wp-content\/uploads\/2020\/09\/ufpi-300x192.jpg\" alt=\"\" width=\"300\" height=\"192\" srcset=\"https:\/\/espacoecologico.com.br\/arquivo\/wp-content\/uploads\/2020\/09\/ufpi-300x192.jpg 300w, https:\/\/espacoecologico.com.br\/arquivo\/wp-content\/uploads\/2020\/09\/ufpi.jpg 415w\" sizes=\"(max-width: 300px) 100vw, 300px\" \/><\/a>Pesquisadores da Universidade Federal do Piau\u00ed (UFPI) divulgaram o primeiro sequenciamento de genoma inteiro de um organismo no Estado. O primeiro sequenciamento foi feito na esp\u00e9cie que causa o calazar, denominada Leishmania infantum. O \u00eaxito se deu a partir da utiliza\u00e7\u00e3o da tecnologia Next Generation Sequencing (NGS), com a qual \u00e9 poss\u00edvel sequenciar o genoma completo de uma pessoa ou partes dele.<\/p>\n<p>Participaram desse estudo os professores da UFPI Vladimir Costa Silva, Dr. Joilson Batista e Amanda Miranda.\u00a0A conquista \u00e9 do Centro de Intelig\u00eancia em Agravos Tropicais Emergentes e Negligenciados (CIATEN), com a participa\u00e7\u00e3o de professores de v\u00e1rias \u00e1reas e apoio da Funda\u00e7\u00e3o Cultural e de Fomento \u00e0 Pesquisa, Ensino, Extens\u00e3o e Inova\u00e7\u00e3o (FADEX).<\/p>\n<p>O coordenador do CIATEN\/IDS e m\u00e9dico do Instituto De Doen\u00e7as Tropicais Natan Portela (IDTNP), Carlos Henrique Nery Costa, destaca que a tecnologia de NGS \u00e9 extraordin\u00e1ria e ter\u00e1 uma utilidade muito grande. \u201cN\u00e3o apenas na fun\u00e7\u00e3o que ela tem tido no nosso laborat\u00f3rio (que \u00e9 decifrar o genoma de Leishmania infantum). Ela tem aplica\u00e7\u00e3o muito grande em decifrar o genoma humano, a suscetibilidade das pessoas a numerosas doen\u00e7as, como c\u00e2ncer e doen\u00e7as infeciosas. Tamb\u00e9m vai ter aplica\u00e7\u00e3o na determina\u00e7\u00e3o da paternidade com um n\u00edvel que se chega de certeza sobre o resultado do exame\u201d, explica.<\/p>\n<p>Carlos Henrique acrescenta que o CIATEN \u00e9 uma institui\u00e7\u00e3o destinada a oferecer pol\u00edticas p\u00fablicas de melhor qualidade, baseadas em evid\u00eancias cient\u00edficas e voltada para um grupo de doen\u00e7as chamado de doen\u00e7as tropicais, emergentes e negligenciadas. &#8220;Emergentes s\u00e3o as que surgiram mais recentemente, negligenciadas s\u00e3o aquelas que ningu\u00e9m cuida. N\u00f3s fazemos pesquisas, treinamento e desenvolvimento de produtos tecnol\u00f3gicos sobre essas doen\u00e7as&#8221;, completa.<\/p>\n<p><strong>Import\u00e2ncia da pesquisa<\/strong><\/p>\n<p>A pesquisa tem in\u00fameras aplica\u00e7\u00f5es cient\u00edficas e m\u00e9dicas. Cientificamente, suas principais aplica\u00e7\u00f5es s\u00e3o a caracteriza\u00e7\u00e3o parcial ou completa de genomas de organismos, como Leishmania, nesse caso, o SARS-CoV-2, respons\u00e1vel pela pandemia da Covid-19.<\/p>\n<p>Tamb\u00e9m \u00e9 capaz de identificar variantes em genomas de v\u00edrus e bact\u00e9rias para estudos de epidemiologia e taxonomia molecular, al\u00e9m de ser poss\u00edvel realizar estudos de metagen\u00f4mica que permitem a identifica\u00e7\u00e3o de todos os microrganismos (microbioma) presentes em uma pessoa permitindo an\u00e1lise patol\u00f3gicas precisas com aplica\u00e7\u00f5es no estudo de doen\u00e7as inflamat\u00f3rias intestinais, por exemplo.<\/p>\n<p>Outra possibilidade \u00e9 a identifica\u00e7\u00e3o do microbioma do solo, que pode contribuir para pesquisas de qualidade na agricultura, bem como o controle de qualidade de alimentos de origem animal e vegetal com a an\u00e1lise de transg\u00eanicos.<\/p>\n<p><strong>Aplica\u00e7\u00f5es na \u00e1rea da Medicina<\/strong><\/p>\n<p>No \u00e2mbito da Medicina, permitir\u00e1 o diagn\u00f3stico molecular preciso de alguns tumores ajustando o tratamento para a m\u00e1xima efici\u00eancia sem ser necess\u00e1rio enviar amostras para outros estados, possibilitando o in\u00edcio imediato do tratamento espec\u00edfico do c\u00e2ncer. Al\u00e9m de auxiliar na identifica\u00e7\u00e3o de muta\u00e7\u00f5es e polimorfismos gen\u00e9ticos, doen\u00e7as gen\u00e9ticas raras e cong\u00eanitas.<\/p>\n<p>O diagn\u00f3stico molecular preciso de diversos pat\u00f3genos tamb\u00e9m \u00e9 poss\u00edvel, permitindo ao patologista uma vantagem na precis\u00e3o do diagn\u00f3stico de diversas doen\u00e7as. Com a tecnologia NGS dispon\u00edvel no equipamento, \u00e9 poss\u00edvel estudos de medicina personalizada com o uso da farmacogen\u00f4mica e farmacogen\u00e9tica.Pesquisadores da Universidade Federal do Piau\u00ed (UFPI) divulgaram, no dia 25 de agosto, o primeiro sequenciamento de genoma inteiro de um organismo no Estado. A conquista \u00e9 do Centro de Intelig\u00eancia em Agravos Tropicais Emergentes e Negligenciados (CIATEN), com a participa\u00e7\u00e3o de professores de v\u00e1rias \u00e1reas e apoio da Funda\u00e7\u00e3o Cultural e de Fomento \u00e0 Pesquisa, Ensino, Extens\u00e3o e Inova\u00e7\u00e3o (FADEX).<\/p>\n<p>O primeiro sequenciamento foi feito na esp\u00e9cie que causa o calazar, denominada Leishmania infantum. O \u00eaxito se deu a partir da utiliza\u00e7\u00e3o da tecnologia Next Generation Sequencing (NGS), com a qual \u00e9 poss\u00edvel sequenciar o genoma completo de uma pessoa ou partes dele. Participaram desse estudo os professores da UFPI Vladimir Costa Silva, Dr. Joilson Batista e Amanda Miranda.<\/p>\n<p>O coordenador do CIATEN\/IDS e m\u00e9dico do Instituto De Doen\u00e7as Tropicais Natan Portela (IDTNP), Carlos Henrique Nery Costa, destaca que a tecnologia de NGS \u00e9 extraordin\u00e1ria e ter\u00e1 uma utilidade muito grande. \u201cN\u00e3o apenas na fun\u00e7\u00e3o que ela tem tido no nosso laborat\u00f3rio (que \u00e9 decifrar o genoma de Leishmania infantum). Ela tem aplica\u00e7\u00e3o muito grande em decifrar o genoma humano, a suscetibilidade das pessoas a numerosas doen\u00e7as, como c\u00e2ncer e doen\u00e7as infeciosas. Tamb\u00e9m vai ter aplica\u00e7\u00e3o na determina\u00e7\u00e3o da paternidade com um n\u00edvel que se chega de certeza sobre o resultado do exame\u201d, explica.<\/p>\n<p>Carlos Henrique acrescenta que o CIATEN \u00e9 uma institui\u00e7\u00e3o destinada a oferecer pol\u00edticas p\u00fablicas de melhor qualidade, baseadas em evid\u00eancias cient\u00edficas e voltada para um grupo de doen\u00e7as chamado de doen\u00e7as tropicais, emergentes e negligenciadas. &#8220;Emergentes s\u00e3o as que surgiram mais recentemente, negligenciadas s\u00e3o aquelas que ningu\u00e9m cuida. N\u00f3s fazemos pesquisas, treinamento e desenvolvimento de produtos tecnol\u00f3gicos sobre essas doen\u00e7as&#8221;, completa.<\/p>\n<p>A FADEX tem administrado os recursos financeiros necess\u00e1rios para as pesquisas. &#8220;A FADEX tem sido uma parceira inestim\u00e1vel ao veincular recursos de forma l\u00edmpida, eficiente e que nos deixa tranquilos em rela\u00e7\u00e3o aos recursos que recebemos. Muito obrigado \u00e0 Fadex&#8221;, comemora o coordenador.<\/p>\n<p><strong>Import\u00e2ncia da pesquisa<\/strong><\/p>\n<p>A pesquisa tem in\u00fameras aplica\u00e7\u00f5es cient\u00edficas e m\u00e9dicas. Cientificamente, suas principais aplica\u00e7\u00f5es s\u00e3o a caracteriza\u00e7\u00e3o parcial ou completa de genomas de organismos, como Leishmania, nesse caso, o SARS-CoV-2, respons\u00e1vel pela pandemia da Covid-19.<\/p>\n<p>Tamb\u00e9m \u00e9 capaz de identificar variantes em genomas de v\u00edrus e bact\u00e9rias para estudos de epidemiologia e taxonomia molecular, al\u00e9m de ser poss\u00edvel realizar estudos de metagen\u00f4mica que permitem a identifica\u00e7\u00e3o de todos os microrganismos (microbioma) presentes em uma pessoa permitindo an\u00e1lise patol\u00f3gicas precisas com aplica\u00e7\u00f5es no estudo de doen\u00e7as inflamat\u00f3rias intestinais, por exemplo.<\/p>\n<p>Outra possibilidade \u00e9 a identifica\u00e7\u00e3o do microbioma do solo, que pode contribuir para pesquisas de qualidade na agricultura, bem como o controle de qualidade de alimentos de origem animal e vegetal com a an\u00e1lise de transg\u00eanicos.<\/p>\n<p><strong>Aplica\u00e7\u00f5es na \u00e1rea da Medicina<\/strong><\/p>\n<p>No \u00e2mbito da Medicina, permitir\u00e1 o diagn\u00f3stico molecular preciso de alguns tumores ajustando o tratamento para a m\u00e1xima efici\u00eancia sem ser necess\u00e1rio enviar amostras para outros estados, possibilitando o in\u00edcio imediato do tratamento espec\u00edfico do c\u00e2ncer. Al\u00e9m de auxiliar na identifica\u00e7\u00e3o de muta\u00e7\u00f5es e polimorfismos gen\u00e9ticos, doen\u00e7as gen\u00e9ticas raras e cong\u00eanitas.<\/p>\n<p>O diagn\u00f3stico molecular preciso de diversos pat\u00f3genos tamb\u00e9m \u00e9 poss\u00edvel, permitindo ao patologista uma vantagem na precis\u00e3o do diagn\u00f3stico de diversas doen\u00e7as. Com a tecnologia NGS dispon\u00edvel no equipamento, \u00e9 poss\u00edvel estudos de medicina personalizada com o uso da farmacogen\u00f4mica e farmacogen\u00e9tica.<\/p>\n<p>redacao@cidadeverde.com<\/p>\n","protected":false},"excerpt":{"rendered":"<p>Pesquisadores da Universidade Federal do Piau\u00ed (UFPI) divulgaram o primeiro sequenciamento de genoma inteiro de<\/p>\n","protected":false},"author":2,"featured_media":133706,"comment_status":"open","ping_status":"open","sticky":false,"template":"","format":"standard","meta":[],"categories":[],"tags":[],"uagb_featured_image_src":{"full":["https:\/\/espacoecologico.com.br\/arquivo\/wp-content\/uploads\/2020\/09\/ufpi.jpg",415,265,false],"thumbnail":["https:\/\/espacoecologico.com.br\/arquivo\/wp-content\/uploads\/2020\/09\/ufpi-150x150.jpg",150,150,true],"medium":["https:\/\/espacoecologico.com.br\/arquivo\/wp-content\/uploads\/2020\/09\/ufpi-300x192.jpg",300,192,true],"medium_large":["https:\/\/espacoecologico.com.br\/arquivo\/wp-content\/uploads\/2020\/09\/ufpi.jpg",415,265,false],"large":["https:\/\/espacoecologico.com.br\/arquivo\/wp-content\/uploads\/2020\/09\/ufpi.jpg",415,265,false],"1536x1536":["https:\/\/espacoecologico.com.br\/arquivo\/wp-content\/uploads\/2020\/09\/ufpi.jpg",415,265,false],"2048x2048":["https:\/\/espacoecologico.com.br\/arquivo\/wp-content\/uploads\/2020\/09\/ufpi.jpg",415,265,false],"cream-magazine-thumbnail-2":["https:\/\/espacoecologico.com.br\/arquivo\/wp-content\/uploads\/2020\/09\/ufpi.jpg",415,265,false],"cream-magazine-thumbnail-3":["https:\/\/espacoecologico.com.br\/arquivo\/wp-content\/uploads\/2020\/09\/ufpi.jpg",415,265,false],"cream-magazine-thumbnail-4":["https:\/\/espacoecologico.com.br\/arquivo\/wp-content\/uploads\/2020\/09\/ufpi.jpg",415,265,false]},"uagb_author_info":{"display_name":"","author_link":"https:\/\/espacoecologico.com.br\/arquivo\/author\/"},"uagb_comment_info":0,"uagb_excerpt":"Pesquisadores da Universidade Federal do Piau\u00ed (UFPI) divulgaram o primeiro sequenciamento de genoma inteiro de","_links":{"self":[{"href":"https:\/\/espacoecologico.com.br\/arquivo\/wp-json\/wp\/v2\/posts\/133705"}],"collection":[{"href":"https:\/\/espacoecologico.com.br\/arquivo\/wp-json\/wp\/v2\/posts"}],"about":[{"href":"https:\/\/espacoecologico.com.br\/arquivo\/wp-json\/wp\/v2\/types\/post"}],"author":[{"embeddable":true,"href":"https:\/\/espacoecologico.com.br\/arquivo\/wp-json\/wp\/v2\/users\/2"}],"replies":[{"embeddable":true,"href":"https:\/\/espacoecologico.com.br\/arquivo\/wp-json\/wp\/v2\/comments?post=133705"}],"version-history":[{"count":0,"href":"https:\/\/espacoecologico.com.br\/arquivo\/wp-json\/wp\/v2\/posts\/133705\/revisions"}],"wp:featuredmedia":[{"embeddable":true,"href":"https:\/\/espacoecologico.com.br\/arquivo\/wp-json\/wp\/v2\/media\/133706"}],"wp:attachment":[{"href":"https:\/\/espacoecologico.com.br\/arquivo\/wp-json\/wp\/v2\/media?parent=133705"}],"wp:term":[{"taxonomy":"category","embeddable":true,"href":"https:\/\/espacoecologico.com.br\/arquivo\/wp-json\/wp\/v2\/categories?post=133705"},{"taxonomy":"post_tag","embeddable":true,"href":"https:\/\/espacoecologico.com.br\/arquivo\/wp-json\/wp\/v2\/tags?post=133705"}],"curies":[{"name":"wp","href":"https:\/\/api.w.org\/{rel}","templated":true}]}}