{"id":133701,"date":"2020-09-13T13:30:58","date_gmt":"2020-09-13T16:30:58","guid":{"rendered":"https:\/\/espacoecologico.com.br\/arquivo\/?p=133701"},"modified":"2020-09-13T15:37:24","modified_gmt":"2020-09-13T18:37:24","slug":"sairas-sanhacos-sais-e-tangaras-formam-a-paleta-de-cores-da-natureza","status":"publish","type":"post","link":"https:\/\/espacoecologico.com.br\/arquivo\/sairas-sanhacos-sais-e-tangaras-formam-a-paleta-de-cores-da-natureza\/","title":{"rendered":"Sa\u00edras, sanha\u00e7os, sa\u00eds e tangar\u00e1s formam a paleta de cores da natureza"},"content":{"rendered":"<p><a href=\"https:\/\/espacoecologico.com.br\/arquivo\/wp-content\/uploads\/2020\/09\/Sanhacu-frade.jpg\"><img loading=\"lazy\" class=\"alignleft size-medium wp-image-133702\" src=\"https:\/\/espacoecologico.com.br\/arquivo\/wp-content\/uploads\/2020\/09\/Sanhacu-frade-300x192.jpg\" alt=\"\" width=\"300\" height=\"192\" srcset=\"https:\/\/espacoecologico.com.br\/arquivo\/wp-content\/uploads\/2020\/09\/Sanhacu-frade-300x192.jpg 300w, https:\/\/espacoecologico.com.br\/arquivo\/wp-content\/uploads\/2020\/09\/Sanhacu-frade.jpg 415w\" sizes=\"(max-width: 300px) 100vw, 300px\" \/><\/a>Sa\u00eds, sa\u00edras, sanha\u00e7os, tangar\u00e1s&#8230; O que estas aves t\u00eam em comum? Algumas esp\u00e9cies ocorrem em todo o territ\u00f3rio nacional e nem sempre s\u00e3o f\u00e1ceis de avistar. \u00c9 imposs\u00edvel n\u00e3o notar a beleza e o colorido dessas aves. De comportamentos peculiares, algumas s\u00e3o capazes de ingerir frutos desproporcionais aos seus tamanhos. Muitas fazem ninhos de formatos curiosos, sustentados por fr\u00e1geis teias de aranha.\u00a0<strong>Clique<\/strong>\u00a0nas fotografias abaixo e saiba mais sobre essas aves de beleza sem igual.<\/p>\n<div class=\"foto componente_materia midia-largura-300\"><a href=\"http:\/\/g1.globo.com\/sp\/campinas-regiao\/terra-da-gente\/especiais\/noticia\/2015\/12\/sanhacu-frade-tem-plumagem-vistosa-e-e-visto-no-sul-e-sudeste.html\"><img loading=\"lazy\" class=\"\" title=\" sanha\u00e7u-frade (Stephanophorus diadematus) (Foto: Rudimar Narciso Cipriani)\" src=\"http:\/\/s2.glbimg.com\/MS7NO2wIOy4coVbupBe6TRqfqpI=\/300x225\/s.glbimg.com\/jo\/g1\/f\/original\/2015\/12\/09\/sanhacofrade.jpg\" alt=\" sanha\u00e7u-frade (Stephanophorus diadematus) (Foto: Rudimar Narciso Cipriani)\" width=\"640\" height=\"480\" \/><\/a><strong>Sanha\u00e7u-frade<\/strong><\/div>\n<p><a href=\"http:\/\/g1.globo.com\/sp\/campinas-regiao\/terra-da-gente\/especiais\/noticia\/2015\/12\/sanhacu-frade-tem-plumagem-vistosa-e-e-visto-no-sul-e-sudeste.html\">SANHA\u00c7U-FRADE<\/a><br \/>\nO macho tem vistosa colora\u00e7\u00e3o azulada e f\u00eamea \u00e9 mais opaca. A ave constr\u00f3i ninho em formato de ta\u00e7a.<\/p>\n<div class=\"foto componente_materia midia-largura-300\"><a href=\"http:\/\/g1.globo.com\/sp\/campinas-regiao\/terra-da-gente\/especiais\/noticia\/2015\/12\/sanhacu-papa-laranja-se-alimenta-de-folhas-de-mamao-e-tambem-chuchu.html\"><img loading=\"lazy\" class=\"\" title=\"sanha\u00e7u-papa-laranja (Pipraeidea bonariensis) (Foto: Rudimar Narciso Cipriani)\" src=\"http:\/\/s2.glbimg.com\/8we7coSDAlI2ZPJCPeFduXK0w9Q=\/300x225\/s.glbimg.com\/jo\/g1\/f\/original\/2015\/12\/09\/sanhacopapalaranja.jpg\" alt=\"sanha\u00e7u-papa-laranja (Pipraeidea bonariensis) (Foto: Rudimar Narciso Cipriani)\" width=\"640\" height=\"480\" \/><\/a><strong>Sanha\u00e7u-papa-laranja<\/strong><\/div>\n<p><a href=\"http:\/\/g1.globo.com\/sp\/campinas-regiao\/terra-da-gente\/especiais\/noticia\/2015\/12\/sanhacu-papa-laranja-se-alimenta-de-folhas-de-mamao-e-tambem-chuchu.html\">SANHA\u00c7U-PAPA-LARANJA<\/a><br \/>\nEsp\u00e9cie mede 18 cent\u00edmetros de comprimento. Ocorre em matas de galeria do sul de S\u00e3o Paulo at\u00e9 a Argentina.<\/p>\n<div class=\"foto componente_materia midia-largura-300\"><a href=\"http:\/\/g1.globo.com\/sp\/campinas-regiao\/terra-da-gente\/especiais\/noticia\/2015\/12\/tangaras-se-revelam-excelentes-dancarinos-para-conquistar-femea.html\"><img loading=\"lazy\" class=\"\" title=\" tangar\u00e1 (Chiroxiphia caudata) (Foto: Rudimar Narciso Cipriani)\" src=\"http:\/\/s2.glbimg.com\/NpWcDi_mRI7GL_Ma5GIeblsHlqA=\/300x225\/s.glbimg.com\/jo\/g1\/f\/original\/2015\/12\/09\/tangara.jpg\" alt=\" tangar\u00e1 (Chiroxiphia caudata) (Foto: Rudimar Narciso Cipriani)\" width=\"639\" height=\"479\" \/><\/a><strong>Tangar\u00e1<\/strong><\/div>\n<p><a href=\"http:\/\/g1.globo.com\/sp\/campinas-regiao\/terra-da-gente\/especiais\/noticia\/2015\/12\/tangaras-se-revelam-excelentes-dancarinos-para-conquistar-femea.html\">TANGAR\u00c1<\/a><br \/>\nNa \u00e9poca de reprodu\u00e7\u00e3o, cerca de quatro machos se re\u00fanem no alto de um poleiro para disputar a aten\u00e7\u00e3o da f\u00eamea.<\/p>\n<div class=\"foto componente_materia midia-largura-300\"><a href=\"http:\/\/g1.globo.com\/sp\/campinas-regiao\/terra-da-gente\/especiais\/noticia\/2015\/12\/tie-sangue-e-ave-simbolo-da-mata-atlantica-e-tem-canto-melodioso.html\"><img loading=\"lazy\" class=\"\" title=\"ti\u00ea-sangue (Ramphocelus bresilius) (Foto: Rudimar Narciso Cipriani)\" src=\"http:\/\/s2.glbimg.com\/F88zoTIypRsBExeLLtS5ibCKyvg=\/300x225\/s.glbimg.com\/jo\/g1\/f\/original\/2015\/12\/09\/tiesangue.jpg\" alt=\"ti\u00ea-sangue (Ramphocelus bresilius) (Foto: Rudimar Narciso Cipriani)\" width=\"639\" height=\"479\" \/><\/a><strong>Ti\u00ea-sangue<\/strong><\/div>\n<p><a href=\"http:\/\/g1.globo.com\/sp\/campinas-regiao\/terra-da-gente\/especiais\/noticia\/2015\/12\/tie-sangue-e-ave-simbolo-da-mata-atlantica-e-tem-canto-melodioso.html\">TI\u00ca-SANGUE<\/a><br \/>\nA esp\u00e9cie \u00e9 exclusiva do Brasil. Ocorre em matas baixas, bordas de florestas e at\u00e9 no ambiente urbano.<\/p>\n<div class=\"foto componente_materia midia-largura-300\"><a href=\"http:\/\/g1.globo.com\/sp\/campinas-regiao\/terra-da-gente\/especiais\/noticia\/2015\/12\/sanhacu-cinzento-intimida-os-adversarios-com-o-canto-rouco.html\"><img loading=\"lazy\" class=\"\" title=\" sanha\u00e7u-cinzento (Tangara sayaca) (Foto: Rudimar Narciso Cipriani)\" src=\"http:\/\/s2.glbimg.com\/wLKrfQtq9y-s3JEUrzCS1ltbymc=\/300x225\/s.glbimg.com\/jo\/g1\/f\/original\/2015\/11\/30\/sanhacu-cinzento-tangara-sayaca.jpg\" alt=\" sanha\u00e7u-cinzento (Tangara sayaca) (Foto: Rudimar Narciso Cipriani)\" width=\"640\" height=\"480\" \/><\/a><strong>Sanha\u00e7u-cinzento<\/strong><\/div>\n<p><a href=\"http:\/\/g1.globo.com\/sp\/campinas-regiao\/terra-da-gente\/especiais\/noticia\/2015\/12\/sanhacu-cinzento-intimida-os-adversarios-com-o-canto-rouco.html\">SANHA\u00c7U-CINZENTO<\/a><br \/>\nEsp\u00e9cie de corpo cinzento, ligeiramente azulado, \u00e9 uma das aves mais avistadas no territ\u00f3rio nacional.<\/p>\n<div class=\"foto componente_materia midia-largura-300\"><a href=\"http:\/\/g1.globo.com\/sp\/campinas-regiao\/terra-da-gente\/especiais\/noticia\/2015\/12\/sanhacu-de-encontro-amarelo-constroi-ninho-bem-elaborado.html\"><img loading=\"lazy\" class=\"\" title=\" sanha\u00e7u-de-encontro-amarelo (Tangara ornata) (Foto: Rudimar Narciso Cipriani)\" src=\"http:\/\/s2.glbimg.com\/oAJi3Ls2fbf-4N-t_spPUNPsWxI=\/300x225\/s.glbimg.com\/jo\/g1\/f\/original\/2015\/11\/30\/sanhaco-de-encontro-amarelo2.jpg\" alt=\" sanha\u00e7u-de-encontro-amarelo (Tangara ornata) (Foto: Rudimar Narciso Cipriani)\" width=\"640\" height=\"480\" \/><\/a><strong>Sanha\u00e7u-de-encontro-amarelo<\/strong><\/div>\n<p><a href=\"http:\/\/g1.globo.com\/sp\/campinas-regiao\/terra-da-gente\/especiais\/noticia\/2015\/12\/sanhacu-de-encontro-amarelo-constroi-ninho-bem-elaborado.html\">SANHA\u00c7U-DE-ENCONTRO-AMARELO<\/a><br \/>\nO ninho tem formato de cesto aberto e \u00e9 feito, geralmente, em grandes brom\u00e9lias. Esp\u00e9cie ocorre no Sul e no Sudeste do Pa\u00eds.<\/p>\n<div class=\"foto componente_materia midia-largura-300\"><a href=\"http:\/\/g1.globo.com\/sp\/campinas-regiao\/terra-da-gente\/especiais\/noticia\/2015\/12\/sanhacu-de-fogo-tambem-cria-os-filhotes-de-outras-especies-de-aves.html\"><img loading=\"lazy\" class=\"\" title=\"sanha\u00e7u-de-fogo (Piranga flava) (Foto: Rudimar Narciso Cipriani)\" src=\"http:\/\/s2.glbimg.com\/5hNefR9VBFRegnQrBg1hxzcVdZs=\/300x225\/s.glbimg.com\/jo\/g1\/f\/original\/2015\/11\/30\/sanhacu-de-fogo-piranga-flava.jpg\" alt=\"sanha\u00e7u-de-fogo (Piranga flava) (Foto: Rudimar Narciso Cipriani)\" width=\"640\" height=\"480\" \/><\/a><strong>Sanha\u00e7u-de-fogo<\/strong><\/div>\n<p><a href=\"http:\/\/g1.globo.com\/sp\/campinas-regiao\/terra-da-gente\/especiais\/noticia\/2015\/12\/sanhacu-de-fogo-tambem-cria-os-filhotes-de-outras-especies-de-aves.html\">SANHA\u00c7U-DE-FOGO<\/a><br \/>\nNa \u00e9poca de reprodu\u00e7\u00e3o, f\u00eamea aproveita o ninho da rolinha-roxa para colocar os ovos, verde-azulados com pintas pretas ou avermelhadas.<\/p>\n<div class=\"foto componente_materia midia-largura-300\"><a href=\"http:\/\/g1.globo.com\/sp\/campinas-regiao\/terra-da-gente\/especiais\/noticia\/2015\/12\/sanhacu-do-coqueiro-aprecia-especialmente-frutos-da-embauba.html\"><img loading=\"lazy\" class=\"\" title=\"sanha\u00e7u-do-coqueiro (Tangara palmarum) (Foto: Rudimar Narciso Cipriani)\" src=\"http:\/\/s2.glbimg.com\/_wQ3LnEkz2r6whJpVlqM-vJwghk=\/300x225\/s.glbimg.com\/jo\/g1\/f\/original\/2015\/11\/30\/sanhacu-do-coqueiro-tangara-palmarum.jpg\" alt=\"sanha\u00e7u-do-coqueiro (Tangara palmarum) (Foto: Rudimar Narciso Cipriani)\" width=\"640\" height=\"480\" \/><\/a><strong>Sanha\u00e7u-do-coqueiro<\/strong><\/div>\n<p><a href=\"http:\/\/g1.globo.com\/sp\/campinas-regiao\/terra-da-gente\/especiais\/noticia\/2015\/12\/sanhacu-do-coqueiro-aprecia-especialmente-frutos-da-embauba.html\">SANHA\u00c7U-DO-COQUEIRO<\/a><br \/>\nEsp\u00e9cie costuma viver em casais e em pequenos grupos. Apresenta plumagem esverdeada e mede cerca de 18 cent\u00edmetros.<\/p>\n<div class=\"foto componente_materia midia-largura-300\">\n<ul>\n<li><\/li>\n<\/ul>\n<p><a href=\"http:\/\/g1.globo.com\/sp\/campinas-regiao\/terra-da-gente\/especiais\/noticia\/2015\/11\/saira-mascarada-se-alimenta-de-frutos-e-faz-ninho-em-forma-de-xicara.html\"><img loading=\"lazy\" class=\"\" title=\"Sa\u00edra-mascarada (Tangara nigrocincta) (Foto: Rudimar Narciso Cipriani)\" src=\"http:\/\/s2.glbimg.com\/eVi6PSS1t53yDIud67bXZ4XHk6g=\/300x225\/s.glbimg.com\/jo\/g1\/f\/original\/2015\/11\/24\/saira-mascarada-tangara-nigrocincta.jpg\" alt=\"Sa\u00edra-mascarada (Tangara nigrocincta) (Foto: Rudimar Narciso Cipriani)\" width=\"640\" height=\"480\" \/><\/a><strong>Sa\u00edra-mascarada<\/strong><\/p>\n<\/div>\n<p><a href=\"http:\/\/g1.globo.com\/sp\/campinas-regiao\/terra-da-gente\/especiais\/noticia\/2015\/11\/saira-mascarada-se-alimenta-de-frutos-e-faz-ninho-em-forma-de-xicara.html\">SA\u00cdRA-MASCARADA<\/a><br \/>\nA esp\u00e9cie de plumagem colorida ocorre em capoeiras e cerrados no Par\u00e1, em Goi\u00e1s e no estado de Mato Grosso.<\/p>\n<div class=\"foto componente_materia midia-largura-300\"><a href=\"http:\/\/g1.globo.com\/sp\/campinas-regiao\/terra-da-gente\/especiais\/noticia\/2015\/11\/saira-militar-chama-atencao-na-mata-pela-plumagem-multicolorida.html\"><img loading=\"lazy\" class=\"\" title=\"Sa\u00edra-militar (Tangara cyanocephala) (Foto: Rudimar Narciso Cipriani)\" src=\"http:\/\/s2.glbimg.com\/qa1KgRLi3K-WSnbkPtcB5HRUT7Y=\/300x225\/s.glbimg.com\/jo\/g1\/f\/original\/2015\/11\/24\/saira-militar-tangara-cyanocephala.jpg\" alt=\"Sa\u00edra-militar (Tangara cyanocephala) (Foto: Rudimar Narciso Cipriani)\" width=\"640\" height=\"480\" \/><\/a><strong>Sa\u00edra-militar<\/strong><\/div>\n<p><a href=\"http:\/\/g1.globo.com\/sp\/campinas-regiao\/terra-da-gente\/especiais\/noticia\/2015\/11\/saira-militar-chama-atencao-na-mata-pela-plumagem-multicolorida.html\">SA\u00cdRA-MILITAR<\/a><br \/>\nTamb\u00e9m conhecida como soldadinho, a esp\u00e9cie apresenta tamanho maior no Sul e menor no Nordeste.<\/p>\n<div class=\"foto componente_materia midia-largura-300\"><a href=\"http:\/\/g1.globo.com\/sp\/campinas-regiao\/terra-da-gente\/especiais\/noticia\/2015\/11\/saira-preciosa-se-destaca-pela-combinacao-perfeita-das-cores.html\"><img loading=\"lazy\" class=\"\" title=\"Sa\u00edra-preciosa (Tangara preciosa) (Foto: Rudimar Narciso Cipriani)\" src=\"http:\/\/s2.glbimg.com\/uCAo7TH1LqJPuMk1HHK2aAygfd8=\/300x225\/s.glbimg.com\/jo\/g1\/f\/original\/2015\/11\/24\/saira-preciosa-tangara-preciosa.jpg\" alt=\"Sa\u00edra-preciosa (Tangara preciosa) (Foto: Rudimar Narciso Cipriani)\" width=\"639\" height=\"479\" \/><\/a><strong>Sa\u00edra-preciosa<\/strong><\/div>\n<p><a href=\"http:\/\/g1.globo.com\/sp\/campinas-regiao\/terra-da-gente\/especiais\/noticia\/2015\/11\/saira-preciosa-se-destaca-pela-combinacao-perfeita-das-cores.html\">SA\u00cdRA-PRECIOSA<\/a><br \/>\nA plumagem \u00e9 composta por tons de verde, marrom e azul. F\u00eamea da esp\u00e9cie \u00e9 menos colorida que o macho.<\/p>\n<div class=\"foto componente_materia midia-largura-300\"><a href=\"http:\/\/g1.globo.com\/sp\/campinas-regiao\/terra-da-gente\/especiais\/noticia\/2015\/11\/saira-sete-cores-esconde-o-ninho-para-manter-os-filhotes-protegidos.html\"><img loading=\"lazy\" class=\"\" title=\"Sa\u00edra-sete-cores (Tangara seledon (Foto: Rudimar Narciso Cipriani)\" src=\"http:\/\/s2.glbimg.com\/VryNJkdSAiYhcgd0TwLEaqytr5E=\/300x225\/s.glbimg.com\/jo\/g1\/f\/original\/2015\/11\/24\/saira-sete-cores_tangara-seledon.jpg\" alt=\"Sa\u00edra-sete-cores (Tangara seledon (Foto: Rudimar Narciso Cipriani)\" width=\"639\" height=\"479\" \/><\/a><strong>Sa\u00edra-sete-cores<\/strong><\/div>\n<p><a href=\"http:\/\/g1.globo.com\/sp\/campinas-regiao\/terra-da-gente\/especiais\/noticia\/2015\/11\/saira-sete-cores-esconde-o-ninho-para-manter-os-filhotes-protegidos.html\">SA\u00cdRA-SETE-CORES<\/a><br \/>\nAve \u00e9 ativa durante o forrageio. Na \u00e9poca da reprodu\u00e7\u00e3o, macho e f\u00eamea constroem o ninho e escondem na vegeta\u00e7\u00e3o.<\/p>\n<div class=\"foto componente_materia midia-largura-300\"><a href=\"http:\/\/g1.globo.com\/sp\/campinas-regiao\/terra-da-gente\/especiais\/noticia\/2015\/11\/saira-viuva-e-capaz-de-capturar-borboletas-em-pleno-voo.html\"><img loading=\"lazy\" class=\"\" title=\" sa\u00edra-vi\u00fava (Pipraeidea melanonota) (Foto: Rudimar Narciso Cipriani)\" src=\"http:\/\/s2.glbimg.com\/6c0Bo9cEc0PLGavhEAIXKo_sVnA=\/300x225\/s.glbimg.com\/jo\/g1\/f\/original\/2015\/11\/24\/saira-viuva-pipraeidea-melanonota.jpg\" alt=\" sa\u00edra-vi\u00fava (Pipraeidea melanonota) (Foto: Rudimar Narciso Cipriani)\" width=\"640\" height=\"480\" \/><\/a><strong>Sa\u00edra-vi\u00fava<\/strong><\/div>\n<p><a href=\"http:\/\/g1.globo.com\/sp\/campinas-regiao\/terra-da-gente\/especiais\/noticia\/2015\/11\/saira-viuva-e-capaz-de-capturar-borboletas-em-pleno-voo.html\">SA\u00cdRA-VI\u00daVA<\/a><br \/>\nAlimenta\u00e7\u00e3o da ave \u00e9 composta de frutos, insetos, incluindo borboletas, sementes e alguns tipos de ervas daninhas.<\/p>\n<div class=\"foto componente_materia midia-largura-300\"><a href=\"http:\/\/g1.globo.com\/sp\/campinas-regiao\/terra-da-gente\/especiais\/noticia\/2015\/11\/saira-amarela-faz-o-ninho-em-formato-de-taca-usando-folhas-e-capim.html\"><img loading=\"lazy\" class=\"\" title=\"sa\u00edra-amarela (Tangara cayana) (Foto: Rudimar Narciso Cipriani)\" src=\"http:\/\/s2.glbimg.com\/F3KXwHg5CnN4Ao8FGgbHus_BRnY=\/300x225\/s.glbimg.com\/jo\/g1\/f\/original\/2015\/11\/16\/saira-amarela-tangara-cayana.jpg\" alt=\"sa\u00edra-amarela (Tangara cayana) (Foto: Rudimar Narciso Cipriani)\" width=\"640\" height=\"480\" \/><\/a><strong>Sa\u00edra-amarela (Rudimar Narciso Cipriani)<\/strong><\/div>\n<p><a href=\"http:\/\/g1.globo.com\/sp\/campinas-regiao\/terra-da-gente\/especiais\/noticia\/2015\/11\/saira-amarela-faz-o-ninho-em-formato-de-taca-usando-folhas-e-capim.html\">SA\u00cdRA-AMARELA<\/a><br \/>\nO macho da esp\u00e9cie se distingue pela colora\u00e7\u00e3o amarelo-dourada. A f\u00eamea \u00e9 mais p\u00e1lida e n\u00e3o tem m\u00e1scara no rosto.<\/p>\n<div class=\"foto componente_materia midia-largura-300\"><a href=\"http:\/\/g1.globo.com\/sp\/campinas-regiao\/terra-da-gente\/especiais\/noticia\/2015\/11\/saira-beija-flor-muda-cor-das-penas-apos-o-periodo-de-reproducao.html\"><img loading=\"lazy\" class=\"\" title=\" sa\u00edra-beija-flor (Cyanerpes cyaneus) (Foto: Jos\u00e9 Vantini J\u00fanior\/TG)\" src=\"http:\/\/s2.glbimg.com\/cb9318kAJr__cQSIElhDqqNAvdU=\/300x225\/s.glbimg.com\/jo\/g1\/f\/original\/2015\/11\/16\/saira-beija-flor_cyanerpes-cyaneus_jose-vantini-junior_1.jpg\" alt=\" sa\u00edra-beija-flor (Cyanerpes cyaneus) (Foto: Jos\u00e9 Vantini J\u00fanior\/TG)\" width=\"640\" height=\"480\" \/><\/a><strong>Sa\u00edra-beija-flor ( Jos\u00e9 Vantini J\u00fanior\/TG)<\/strong><\/div>\n<p><a href=\"http:\/\/g1.globo.com\/sp\/campinas-regiao\/terra-da-gente\/especiais\/noticia\/2015\/11\/saira-beija-flor-muda-cor-das-penas-apos-o-periodo-de-reproducao.html\">SA\u00cdRA-BEIJA-FLOR<\/a><br \/>\nMacho da esp\u00e9cie \u00e9 azul, amarelo, verde e preto no per\u00edodo reprodutivo, mas depois volta a ter o tom esverdeado das f\u00eameas.<\/p>\n<div class=\"foto componente_materia midia-largura-300\"><a href=\"http:\/\/g1.globo.com\/sp\/campinas-regiao\/terra-da-gente\/especiais\/noticia\/2015\/11\/saira-de-papo-preto-faz-o-ninho-em-formato-de-um-cesto-aberto.html\"><img loading=\"lazy\" class=\"\" title=\" sa\u00edra-de-papo-preto (Hemithraupis guira) (Foto: Rudimar Narciso Cipriani)\" src=\"http:\/\/s2.glbimg.com\/3BPxDL73e-AxhqaiDlMyr7eyHxE=\/300x225\/s.glbimg.com\/jo\/g1\/f\/original\/2015\/11\/16\/saira-de-papo-preto-2.jpg\" alt=\" sa\u00edra-de-papo-preto (Hemithraupis guira) (Foto: Rudimar Narciso Cipriani)\" width=\"640\" height=\"480\" \/><\/a><strong>Sa\u00edra-de-papo-preto ( Rudimar Narciso Cipriani)<\/strong><\/div>\n<p><a href=\"http:\/\/g1.globo.com\/sp\/campinas-regiao\/terra-da-gente\/especiais\/noticia\/2015\/11\/saira-de-papo-preto-faz-o-ninho-em-formato-de-um-cesto-aberto.html\">SA\u00cdRA-DE-PAPO-PRETO<\/a><br \/>\nNo per\u00edodo reprodutivo, tanto macho quanto f\u00eamea exibem plumagens de cores vibrantes. F\u00eamea tem a cabe\u00e7a verde-oliva.<\/p>\n<div class=\"foto componente_materia midia-largura-300\"><a href=\"http:\/\/g1.globo.com\/sp\/campinas-regiao\/terra-da-gente\/especiais\/noticia\/2015\/11\/saira-douradinha-e-plantadora-de-arvores-por-dispersar-sementes.html\"><img loading=\"lazy\" class=\"\" title=\" sa\u00edra-douradinha (Tangara cyanoventris) (Foto: Rudimar Narciso Cipriani)\" src=\"http:\/\/s2.glbimg.com\/XPSUe5Vw49HguC_xUg8NTx-RgRs=\/300x225\/s.glbimg.com\/jo\/g1\/f\/original\/2015\/11\/16\/saira-douradinha-tangara-cyanoventris.jpg\" alt=\" sa\u00edra-douradinha (Tangara cyanoventris) (Foto: Rudimar Narciso Cipriani)\" width=\"640\" height=\"480\" \/><\/a><strong>Sa\u00edra-douradinha ( Rudimar Narciso Cipriani)<\/strong><\/div>\n<p><a href=\"http:\/\/g1.globo.com\/sp\/campinas-regiao\/terra-da-gente\/especiais\/noticia\/2015\/11\/saira-douradinha-e-plantadora-de-arvores-por-dispersar-sementes.html\">SA\u00cdRA-DOURADINHA<\/a><br \/>\nA ave \u00e9 conhecida tamb\u00e9m como douradinha e se destaca pela beleza da plumagem, que se sobressai na mata.<\/p>\n<div class=\"foto componente_materia midia-largura-300\"><a href=\"http:\/\/g1.globo.com\/sp\/campinas-regiao\/terra-da-gente\/especiais\/noticia\/2015\/11\/saira-lagarta-se-destaca-nas-matas-pela-vocalizacao-curta-e-aguda.html\"><img loading=\"lazy\" class=\"\" title=\"sa\u00edra-lagarta (Tangara desmaresti) (Foto: Rudimar Narciso Cipriani)\" src=\"http:\/\/s2.glbimg.com\/kLbkWXpm3QW6H6FpTuvggCph2lQ=\/300x225\/s.glbimg.com\/jo\/g1\/f\/original\/2015\/11\/16\/saira-lagarta.jpg\" alt=\"sa\u00edra-lagarta (Tangara desmaresti) (Foto: Rudimar Narciso Cipriani)\" width=\"640\" height=\"480\" \/><\/a><strong>Sa\u00edra-lagarta (Rudimar Narciso Cipriani)<\/strong><\/div>\n<p><a href=\"http:\/\/g1.globo.com\/sp\/campinas-regiao\/terra-da-gente\/especiais\/noticia\/2015\/11\/saira-lagarta-se-destaca-nas-matas-pela-vocalizacao-curta-e-aguda.html\">SA\u00cdRA-LAGARTA<\/a><br \/>\nEsp\u00e9cie ocorre em alturas elevadas, em grupos de 8 a 10 indiv\u00edduos, no Sul e Sudeste do Brasil. Frutas e insetos comp\u00f5em dieta.<\/p>\n<div class=\"foto componente_materia midia-largura-300\"><a href=\"http:\/\/g1.globo.com\/sp\/campinas-regiao\/terra-da-gente\/especiais\/noticia\/2015\/11\/sai-andorinha-e-capaz-de-apanhar-varios-frutos-durante-o-voo.html\"><img loading=\"lazy\" class=\"\" title=\" sa\u00ed-andorinha (Tersina viridis) (Foto: Rudimar Narciso Cipriani)\" src=\"http:\/\/s2.glbimg.com\/6ZNhulg__0G1bS7co_99h65gCBw=\/300x225\/s.glbimg.com\/jo\/g1\/f\/original\/2015\/11\/10\/sai-andorinha.jpg\" alt=\" sa\u00ed-andorinha (Tersina viridis) (Foto: Rudimar Narciso Cipriani)\" width=\"640\" height=\"480\" \/><\/a><strong>Sa\u00ed-andorinha (Rudimar Narciso Cipriani)<\/strong><a href=\"http:\/\/g1.globo.com\/sp\/campinas-regiao\/terra-da-gente\/especiais\/noticia\/2015\/11\/sai-andorinha-e-capaz-de-apanhar-varios-frutos-durante-o-voo.html\">SA\u00cd-ANDORINHA<\/a><br \/>\nO bico curto e a boca grande e larga permitem \u00e0 ave capturar v\u00e1rios frutos de uma s\u00f3 vez, inclusive aqueles com grandes caro\u00e7os.<\/div>\n<div class=\"foto componente_materia midia-largura-300\"><a href=\"http:\/\/g1.globo.com\/sp\/campinas-regiao\/terra-da-gente\/especiais\/noticia\/2015\/11\/sai-azul-monta-estrategia-de-defesa-enquanto-constroi-o-ninho.html\"><img loading=\"lazy\" class=\"\" title=\"sa\u00ed-azul (Dacnis cayana) (Foto: Rudimar Narciso Cipriani)\" src=\"http:\/\/s2.glbimg.com\/dKcYWTFrCTrQheb-4UMpakCkoHg=\/300x225\/s.glbimg.com\/jo\/g1\/f\/original\/2015\/11\/10\/sai-azul-monta-estrategia-de-defesa-enquanto-constroi-o-ninho.jpg\" alt=\"sa\u00ed-azul (Dacnis cayana) (Foto: Rudimar Narciso Cipriani)\" width=\"640\" height=\"480\" \/><\/a><strong>Sa\u00ed-azul (Rudimar Narciso Cipriani)<\/strong><\/div>\n<p><a href=\"http:\/\/g1.globo.com\/sp\/campinas-regiao\/terra-da-gente\/especiais\/noticia\/2015\/11\/sai-azul-monta-estrategia-de-defesa-enquanto-constroi-o-ninho.html\">SA\u00cd-AZUL<\/a><br \/>\nA ave, que nidifica entre a primavera e o ver\u00e3o, ocorre em bordas de florestas e campos por todo Brasil.<\/p>\n<div class=\"foto componente_materia midia-largura-300\"><a href=\"http:\/\/g1.globo.com\/sp\/campinas-regiao\/terra-da-gente\/especiais\/noticia\/2015\/11\/sai-de-perna-amarela-tem-uma-ninhada-cada-estacao-do-ano.html\"><img loading=\"lazy\" class=\"\" title=\" Sa\u00ed-de-perna-amarela (Cyanerpes caeruleus) (Foto: Rudimar Narciso Cipriani)\" src=\"http:\/\/s2.glbimg.com\/aV4AyjPsDk6Sfxt_via3_gZT7KM=\/300x225\/s.glbimg.com\/jo\/g1\/f\/original\/2015\/11\/10\/sai-de-perna-amarela-cyanerpes-caeruleus-rudimar-narciso-cipriani.jpg\" alt=\" Sa\u00ed-de-perna-amarela (Cyanerpes caeruleus) (Foto: Rudimar Narciso Cipriani)\" width=\"639\" height=\"479\" \/><\/a><strong>Sa\u00ed-de-perna-amarela (Rudimar Narciso Cipriani)<\/strong><\/div>\n<p><a href=\"http:\/\/g1.globo.com\/sp\/campinas-regiao\/terra-da-gente\/especiais\/noticia\/2015\/11\/sai-de-perna-amarela-tem-uma-ninhada-cada-estacao-do-ano.html\">SA\u00cd-DE-PERNA-AMARELA<\/a><br \/>\nA esp\u00e9cie \u00e9 conhecida tamb\u00e9m como tem-tem-do-esp\u00edrito-santo e ocorre nas regi\u00f5es Norte e Centro-Oeste do Brasil.<\/p>\n<div class=\"foto componente_materia midia-largura-300\"><a href=\"http:\/\/g1.globo.com\/sp\/campinas-regiao\/terra-da-gente\/especiais\/noticia\/2015\/11\/sai-verde-e-ave-calada-que-fixa-o-ninho-com-teias-de-aranha.html\"><img loading=\"lazy\" class=\"\" title=\" sa\u00ed-verde (Chlorophanes spiza) (Foto: Rudimar Narciso Cipriani)\" src=\"http:\/\/s2.glbimg.com\/UrRqxTK-f3wlyIOTa5FmceBJRa8=\/300x225\/s.glbimg.com\/jo\/g1\/f\/original\/2015\/11\/10\/sai-verde_chlorophanes-spiza_rudimar_1.jpg\" alt=\" sa\u00ed-verde (Chlorophanes spiza) (Foto: Rudimar Narciso Cipriani)\" width=\"639\" height=\"479\" \/><\/a><strong>Sa\u00ed-verde (Rudimar Narciso Cipriani)<\/strong><\/div>\n<p><a href=\"http:\/\/g1.globo.com\/sp\/campinas-regiao\/terra-da-gente\/especiais\/noticia\/2015\/11\/sai-verde-e-ave-calada-que-fixa-o-ninho-com-teias-de-aranha.html\">SA\u00cd-VERDE<\/a><br \/>\nEsp\u00e9cie ocorre em bordas de florestas \u00famidas por toda a Amaz\u00f4nia e do Estado de Pernambuco at\u00e9 Santa Catarina.<\/p>\n","protected":false},"excerpt":{"rendered":"<p>Sa\u00eds, sa\u00edras, sanha\u00e7os, tangar\u00e1s&#8230; O que estas aves t\u00eam em comum? Algumas esp\u00e9cies ocorrem em<\/p>\n","protected":false},"author":2,"featured_media":133702,"comment_status":"open","ping_status":"open","sticky":false,"template":"","format":"standard","meta":[],"categories":[],"tags":[],"uagb_featured_image_src":{"full":["https:\/\/espacoecologico.com.br\/arquivo\/wp-content\/uploads\/2020\/09\/Sanhacu-frade.jpg",415,265,false],"thumbnail":["https:\/\/espacoecologico.com.br\/arquivo\/wp-content\/uploads\/2020\/09\/Sanhacu-frade-150x150.jpg",150,150,true],"medium":["https:\/\/espacoecologico.com.br\/arquivo\/wp-content\/uploads\/2020\/09\/Sanhacu-frade-300x192.jpg",300,192,true],"medium_large":["https:\/\/espacoecologico.com.br\/arquivo\/wp-content\/uploads\/2020\/09\/Sanhacu-frade.jpg",415,265,false],"large":["https:\/\/espacoecologico.com.br\/arquivo\/wp-content\/uploads\/2020\/09\/Sanhacu-frade.jpg",415,265,false],"1536x1536":["https:\/\/espacoecologico.com.br\/arquivo\/wp-content\/uploads\/2020\/09\/Sanhacu-frade.jpg",415,265,false],"2048x2048":["https:\/\/espacoecologico.com.br\/arquivo\/wp-content\/uploads\/2020\/09\/Sanhacu-frade.jpg",415,265,false],"cream-magazine-thumbnail-2":["https:\/\/espacoecologico.com.br\/arquivo\/wp-content\/uploads\/2020\/09\/Sanhacu-frade.jpg",415,265,false],"cream-magazine-thumbnail-3":["https:\/\/espacoecologico.com.br\/arquivo\/wp-content\/uploads\/2020\/09\/Sanhacu-frade.jpg",415,265,false],"cream-magazine-thumbnail-4":["https:\/\/espacoecologico.com.br\/arquivo\/wp-content\/uploads\/2020\/09\/Sanhacu-frade.jpg",415,265,false]},"uagb_author_info":{"display_name":"","author_link":"https:\/\/espacoecologico.com.br\/arquivo\/author\/"},"uagb_comment_info":0,"uagb_excerpt":"Sa\u00eds, sa\u00edras, sanha\u00e7os, tangar\u00e1s&#8230; O que estas aves t\u00eam em comum? Algumas esp\u00e9cies ocorrem em","_links":{"self":[{"href":"https:\/\/espacoecologico.com.br\/arquivo\/wp-json\/wp\/v2\/posts\/133701"}],"collection":[{"href":"https:\/\/espacoecologico.com.br\/arquivo\/wp-json\/wp\/v2\/posts"}],"about":[{"href":"https:\/\/espacoecologico.com.br\/arquivo\/wp-json\/wp\/v2\/types\/post"}],"author":[{"embeddable":true,"href":"https:\/\/espacoecologico.com.br\/arquivo\/wp-json\/wp\/v2\/users\/2"}],"replies":[{"embeddable":true,"href":"https:\/\/espacoecologico.com.br\/arquivo\/wp-json\/wp\/v2\/comments?post=133701"}],"version-history":[{"count":0,"href":"https:\/\/espacoecologico.com.br\/arquivo\/wp-json\/wp\/v2\/posts\/133701\/revisions"}],"wp:featuredmedia":[{"embeddable":true,"href":"https:\/\/espacoecologico.com.br\/arquivo\/wp-json\/wp\/v2\/media\/133702"}],"wp:attachment":[{"href":"https:\/\/espacoecologico.com.br\/arquivo\/wp-json\/wp\/v2\/media?parent=133701"}],"wp:term":[{"taxonomy":"category","embeddable":true,"href":"https:\/\/espacoecologico.com.br\/arquivo\/wp-json\/wp\/v2\/categories?post=133701"},{"taxonomy":"post_tag","embeddable":true,"href":"https:\/\/espacoecologico.com.br\/arquivo\/wp-json\/wp\/v2\/tags?post=133701"}],"curies":[{"name":"wp","href":"https:\/\/api.w.org\/{rel}","templated":true}]}}