{"id":133696,"date":"2020-09-13T13:00:10","date_gmt":"2020-09-13T16:00:10","guid":{"rendered":"https:\/\/espacoecologico.com.br\/arquivo\/?p=133696"},"modified":"2020-09-13T09:47:06","modified_gmt":"2020-09-13T12:47:06","slug":"cerrado-brincar-na-natureza-traz-beneficios-para-a-saude-das-criancas","status":"publish","type":"post","link":"https:\/\/espacoecologico.com.br\/arquivo\/cerrado-brincar-na-natureza-traz-beneficios-para-a-saude-das-criancas\/","title":{"rendered":"Cerrado: brincar na natureza traz benef\u00edcios para a sa\u00fade das crian\u00e7as"},"content":{"rendered":"<div class=\"post-item-wrap\">\n<p><a href=\"https:\/\/espacoecologico.com.br\/arquivo\/wp-content\/uploads\/2020\/09\/acerola.jpg\"><img loading=\"lazy\" class=\"alignleft size-medium wp-image-133697\" src=\"https:\/\/espacoecologico.com.br\/arquivo\/wp-content\/uploads\/2020\/09\/acerola-300x192.jpg\" alt=\"\" width=\"300\" height=\"192\" srcset=\"https:\/\/espacoecologico.com.br\/arquivo\/wp-content\/uploads\/2020\/09\/acerola-300x192.jpg 300w, https:\/\/espacoecologico.com.br\/arquivo\/wp-content\/uploads\/2020\/09\/acerola.jpg 415w\" sizes=\"(max-width: 300px) 100vw, 300px\" \/><\/a>No dia 11 de setembro foi comemorado o Dia Nacional do Cerrado. O bioma abriga cerca de 200 esp\u00e9cies de mam\u00edferos, 800 esp\u00e9cies de aves, 180 de r\u00e9pteis, 150 de anf\u00edbios e 1200 esp\u00e9cies de peixes.<img src=\"https:\/\/agenciabrasil.ebc.com.br\/ebc.png?id=1387260&amp;o=node\" \/><img src=\"https:\/\/agenciabrasil.ebc.com.br\/ebc.gif?id=1387260&amp;o=node\" \/><\/p>\n<p>Para marcar a data, a\u00a0<strong>Ag\u00eancia Brasil<\/strong> publicou a pen\u00faltima reportagem, de uma s\u00e9rie de quatro, em homenagem ao bioma. O tema da terceira mat\u00e9ria \u00e9 a intera\u00e7\u00e3o da crian\u00e7a com o Cerrado por meio do brincar l\u00fadico e natural.<\/p>\n<p>\u00c9 comum as fam\u00edlias estipularem um limite di\u00e1rio para a\u00a0crian\u00e7a ter contato com telas de celulares,<em>\u00a0tablets<\/em>, computadores e televisores. Mas quanto tempo as fam\u00edlias proporcionam de contato da crian\u00e7a com a natureza em sua rotina?<\/p>\n<p>A Sociedade Brasileira de Pediatria recomenda que crian\u00e7as e adolescentes interajam com a natureza uma hora por dia para que desenvolvam sa\u00fade f\u00edsica, mental, emocional e social.<\/p>\n<p>Diversos estudos mostram os benef\u00edcios que o contato com a natureza proporciona. O\u00a0<a href=\"https:\/\/www.sbp.com.br\/fileadmin\/user_upload\/manual_orientacao_sbp_cen_.pdf\" target=\"_blank\" rel=\"noopener noreferrer\">manual de orienta\u00e7\u00e3o<\/a>\u00a0do programa Crian\u00e7a e Natureza, elaborado em parceria com a Sociedade Brasileira de Pediatria, mostra que o conv\u00edvio com a natureza melhora o controle de doen\u00e7as cr\u00f4nicas como diabetes, asma e\u00a0obesidade, al\u00e9m de favorecer o desenvolvimento neuropsicomotor, reduzir problemas de comportamento, proporcionar bem-estar mental e\u00a0melhorar os n\u00edveis de vitamina D.<\/p>\n<p>O contato com natureza tamb\u00e9m colabora para a criatividade, autoconfian\u00e7a, capacidade de tomar decis\u00f5es e resolver problemas, o desenvolvimento de m\u00faltiplas linguagens, a concentra\u00e7\u00e3o, e melhora a coordena\u00e7\u00e3o motora e a qualidade do sono. Tamb\u00e9m desperta para o encantamento, a empatia e o senso de pertencimento.<\/p>\n<p>Agora com a pandemia do novo coronav\u00edrus, pediatras indicam \u00e0s fam\u00edlias que brinquem com as crian\u00e7as ao ar livre, sem aglomera\u00e7\u00e3o.<\/p>\n<div class=\"dnd-widget-wrapper context-cheio_8colunas type-image\">\n<div class=\"dnd-atom-rendered\">\n<div class=\"shadow overflow-hidden rounded-lg d-block zoom-on-hover-sm shadow-hover w-100\"><img loading=\"lazy\" class=\"flex-fill img-cover\" title=\"Liliane Farias\/Ag\u00eancia Brasil\" src=\"https:\/\/imagens.ebc.com.br\/sBzzFXWxi57OlJ-YoO6_VcIng4Y=\/754x0\/smart\/https:\/\/agenciabrasil.ebc.com.br\/sites\/default\/files\/thumbnails\/image\/edit_crianca._cerrado_natureza0809201472.jpg?itok=9IsSMZoW\" alt=\"Crian\u00e7a. Cerrado, Natureza\" width=\"639\" height=\"349\" \/><\/div>\n<\/div>\n<div class=\"dnd-caption-wrapper\">\n<h6 class=\"meta\">Estimular a observa\u00e7\u00e3o dos elementos da natureza e brincar com eles\u00a0livremente favorece o bem-estar emocional das crian\u00e7as &#8211;\u00a0<strong>Liliane Farias\/Ag\u00eancia Brasil<\/strong><\/h6>\n<\/div>\n<\/div>\n<p>Nesta \u00e9poca do ano, em plena seca, o Cerrado floresce e encanta. Em meio ao cen\u00e1rio de tons alaranjados, os ip\u00eas, cagaitas, caliandras e\u00a0pequizeiros surpreendem e colorem a paisagem,\u00a0instigando\u00a0os mais curiosos a colherem flores, sementes e galhos. Esses elementos podem ser apenas o primeiro passo para uma nova brincadeira.<\/p>\n<p>A contempla\u00e7\u00e3o \u00e9 outra op\u00e7\u00e3o para se entreter no Cerrado. Observar o \u201cc\u00e9u azul de nuvens doidas\u201d, ver aves como o carcar\u00e1, o tucanu\u00e7u, a coruja-buraqueira. Contar as varia\u00e7\u00f5es dos tons de verde, amarelo e marrom. Apreciar as nascentes e as in\u00fameras cachoeiras que ainda brotam no bioma mais amea\u00e7ado do Brasil. Fazer trilhas. Encontrar pedras. Identificar e catalogar as \u00e1rvores.<\/p>\n<h2>Quintal brincante<\/h2>\n<div class=\"dnd-widget-wrapper context-medio_4colunas type-image atom-align-left\">\n<div class=\"dnd-atom-rendered\">\n<div class=\"shadow overflow-hidden rounded-lg d-block zoom-on-hover-sm shadow-hover w-100\"><img class=\"flex-fill img-cover\" title=\"Acervo Pessoal \/ Kelma Oliveira\" src=\"https:\/\/imagens.ebc.com.br\/pWcBJ-mPblebNx_nD6P68xG2tQk=\/365x0\/smart\/https:\/\/agenciabrasil.ebc.com.br\/sites\/default\/files\/thumbnails\/image\/whatsapp_image_2020-09-07_at_23.12.49.jpeg?itok=JMfbUSW5\" alt=\"Kelma Oliveira, fundadora e criadora do Fava de Bolota\" \/><\/div>\n<\/div>\n<div class=\"dnd-caption-wrapper\">\n<h6 class=\"meta\">Kelma Oliveira, fundadora e criadora da escola\u00a0Fava de Bolota &#8211;\u00a0<strong>Acervo Pessoal\u00a0<\/strong><\/h6>\n<\/div>\n<\/div>\n<p>Em 2018, Kelma Oliveira largou 20 anos dedicados ao mundo\u00a0corporativo e fundou a\u00a0<a href=\"https:\/\/www.instagram.com\/favadebolota\/?hl=pt-br\" target=\"_blank\" rel=\"noopener noreferrer\">Fava de Bolota<\/a>, um quintal brincante l\u00fadico e natural em Palmas, capital do Tocantins.\u00a0A escola de educa\u00e7\u00e3o complementar\u00a0atende crian\u00e7as de 2 a 9 anos e prop\u00f5e o livre brincar com a natureza.<\/p>\n<p>\u201cNo come\u00e7o, o p\u00fablico-alvo\u00a0eram filhos de fam\u00edlias que se conectam com o universo natural, muitas pessoas veganas e vegetarianas. O tempo foi passando e outras pessoas foram nos procurando. Pessoas indicadas por pediatras e psic\u00f3logos que dizem que essas crian\u00e7as precisam\u00a0brincar livres com o ambiente natural. E tamb\u00e9m nos procuram pais de crian\u00e7as que est\u00e3o altamente intoxicadas pela tecnologia, que n\u00e3o vivem sem o celular, que jogam o tempo inteiro. Tem fam\u00edlias que nos ligam pedindo socorro, para que elas passem por uma desintoxica\u00e7\u00e3o\u201d, revela Kelma.<\/p>\n<blockquote><p>\u201cAs crian\u00e7as que se conectam com a natureza s\u00e3o potenciais transformadores. As crian\u00e7as conseguem levar pra casa a simplicidade da natureza. E proporcionam o encantamento da natureza. O eco est\u00e1 checando na fam\u00edlia. As fam\u00edlias v\u00e3o sendo impactadas e v\u00e3o mudando os programas familiares.\u201d<\/p><\/blockquote>\n<p>Ou\u00e7a o depoimento de Kelma Oliveira sobre os benef\u00edcios de brincar com a natureza para a sa\u00fade e o comportamento das crian\u00e7as.<\/p>\n<div class=\"dnd-widget-wrapper context-medio_4colunas type-image atom-align-left\">\n<div class=\"dnd-atom-rendered\">\n<div class=\"shadow overflow-hidden rounded-lg d-block zoom-on-hover-sm shadow-hover w-100\"><img class=\"flex-fill img-cover\" title=\"Acervo Pessoal\/ Ana Carol Thom\u00e9\" src=\"https:\/\/imagens.ebc.com.br\/r00ITitTSFOC4TsCjSVLWy9BhWs=\/365x0\/smart\/https:\/\/agenciabrasil.ebc.com.br\/sites\/default\/files\/thumbnails\/image\/whatsapp_image_2020-08-28_at_18.31.35.jpeg?itok=ljPk7gO4\" alt=\"Ana Carol Thom\u00e9, pedagoga e idealizadora do Ser Crian\u00e7a \u00e9 Natural\" \/><\/div>\n<\/div>\n<div class=\"dnd-caption-wrapper\">\n<h6 class=\"meta\">Ana Carol Thom\u00e9, pedagoga e idealizadora do Ser Crian\u00e7a \u00e9 Natural &#8211;\u00a0<strong>Acervo Pessoal<\/strong><\/h6>\n<\/div>\n<\/div>\n<p>Ana Carol Thom\u00e9, pedagoga e idealizadora do\u00a0<a href=\"http:\/\/%28https\/\/www.sercriancaenatural.com\/)\" target=\"_blank\" rel=\"noopener noreferrer\">Ser Crian\u00e7a \u00e9 Natural<\/a>, ressalta que brincar ao ar livre cria uma conex\u00e3o, cria v\u00ednculos para preserva\u00e7\u00e3o do meio ambiente.<\/p>\n<p>&#8220;Brincar do lado de fora, brincar com a natureza, brincar ao ar livre, nos permite entrar em contato com o ecossistema em\u00a0 que a gente vive. Como \u00e9 que eu percebo esse bioma? Quando estou do lado de fora, eu recebo uma s\u00e9rie de informa\u00e7\u00f5es\u00a0da vegeta\u00e7\u00e3o, da temperatura, da umidade, as cores do c\u00e9u, os formatos das nuvens que s\u00e3o caracter\u00edsticas desse Cerrado. \u00c9 perceber o Cerrado brincando. E ajudar na preserva\u00e7\u00e3o \u00e9 justamente viver essa conex\u00e3o, com esse v\u00ednculo. Quando eu brinco todos os dias, quando estou nessa imers\u00e3o, nessa conex\u00e3o com esse espa\u00e7o que eu habito de fato, eu crio um v\u00ednculo. E, como diz Caetano Veloso: &#8216;Quando a gente gosta \u00e9 claro que a gente cuida&#8217;\u201d.<\/p>\n<p>Ana explica que os pais e a escola s\u00e3o essenciais para criar oportunidades para que as crian\u00e7as se conectem com a natureza.<\/p>\n<blockquote><p>\u201cA melhor forma de intera\u00e7\u00e3o \u00e9 o brincar livre. A gente n\u00e3o est\u00e1 acostumado \u00e0 ir ao\u00a0parque nacional. A gente acha que s\u00f3 deve levar crian\u00e7as onde tem espa\u00e7o kids. A gente acha que fazer trilha n\u00e3o \u00e9 para crian\u00e7a. Mas as crian\u00e7as precisam se relacionar com esses espa\u00e7os, com as miudezas e com a imensid\u00e3o, e viver de corpo inteiro a natureza.\u201d<\/p><\/blockquote>\n<p>Durante a pandemia, para as fam\u00edlias que est\u00e3o seguindo rigorosamente o isolamento social, o Ser Crian\u00e7a \u00e9 Natural indica aos respons\u00e1veis que abram\u00a0as janelas de suas\u00a0casas e permitam\u00a0que as crian\u00e7as observem\u00a0e percebam\u00a0o mundo a partir da janela;\u00a0que plantem\u00a0sementes encontradas\u00a0nos alimentos; que tenham\u00a0mais plantas em casa e\u00a0acompanhem\u00a0seus ciclos; que observem\u00a0o vento.<\/p>\n<h2>Para ler<\/h2>\n<p>Veja a indica\u00e7\u00e3o de tr\u00eas livros sobre o Cerrado para crian\u00e7as:<\/p>\n<p><em>O Cerrado<\/em>\u00a0\u2013 de Rubens Matuck<\/p>\n<p><em>L\u00e1 no meu quintal\u00a0<\/em>\u2013 Gabriela Romeu &amp; Marlene Peret<\/p>\n<p><em>O sumi\u00e7o do tatu\u00a0<\/em>\u2013 Jos\u00e9 Wrigell<\/p>\n<div class=\"dnd-widget-wrapper context-medio_4colunas type-image atom-align-right\">\n<div class=\"dnd-atom-rendered\">\n<div class=\"shadow overflow-hidden rounded-lg d-block zoom-on-hover-sm shadow-hover w-100\"><img class=\"flex-fill img-cover\" title=\"Liliane Farias\/Ag\u00eancia Brasil\" src=\"https:\/\/imagens.ebc.com.br\/2tEVBlmLPQ5Xk1YuxOeoIILKh64=\/365x0\/smart\/https:\/\/agenciabrasil.ebc.com.br\/sites\/default\/files\/thumbnails\/image\/crianca._cerrado_natureza_2501201020.jpg?itok=d2fMHQkP\" alt=\"Crian\u00e7a. Cerrado, Natureza\" \/><\/div>\n<\/div>\n<div class=\"dnd-caption-wrapper\">\n<h6 class=\"meta\">Ao brincar do lado de fora de casa, as crian\u00e7as se apropriam do espa\u00e7o onde vivem e aprendem a conserv\u00e1-lo\u00a0<strong>Liliane Farias\/Ag\u00eancia Brasil<\/strong><\/h6>\n<\/div>\n<\/div>\n<h2>Para brincar<\/h2>\n<p>A publica\u00e7\u00e3o\u00a0<em>Cerrado Dobrado<\/em>, elaborada pelo Instituto Bras\u00edlia Ambiental, ensina a fazer\u00a0<a href=\"http:\/\/www.ibram.df.gov.br\/wp-content\/uploads\/2019\/12\/cerrado-dobrado05dez2019-_web.pdf\" target=\"_blank\" rel=\"noopener noreferrer\">origami de 11 animais amea\u00e7ados de extin\u00e7\u00e3o<\/a>: borboleta-ribeirinha, bugio, cachorro-vinagre, lobo-guar\u00e1, morceguinho-do-cerrado, on\u00e7a-pintada, pato-mergulh\u00e3o, pir\u00e1-bras\u00edlia, perereca-de-folhagem-com-perna-reticulada, tamandu\u00e1-bandeira e galito.<\/p>\n<h2>Para ouvir<\/h2>\n<p>Conhe\u00e7a m\u00fasicas inspiradas na natureza selecionadas pelo Ser Crian\u00e7a \u00e9 Natural. Ou\u00e7a no\u00a0<a href=\"https:\/\/open.spotify.com\/playlist\/0v1S1U1FoYTpHMQqjJsqkX?si=o4cr35Of\" target=\"_blank\" rel=\"noopener noreferrer\">Spotify<\/a>.<\/p>\n<h2>Para assistir<\/h2>\n<p>Grazielle Alarc\u00e3o, diretora de Museologia do Zool\u00f3gico de Bras\u00edlia, fala sobre o tamandu\u00e1-bandeira, um animal do Cerrado. Veja como confeccionar um tamandu\u00e1-bandeira de papel para brincar com as crian\u00e7as.<\/p>\n<p>Col\u00f4nia de Feras Virtual do Zool\u00f3gico de Bras\u00edlia.\u00a0<a href=\"https:\/\/www.youtube.com\/watch?v=zWkTIPSW9sA\" target=\"_blank\" rel=\"noopener noreferrer\">Epis\u00f3dio: tamandu\u00e1-bandeira<\/a><\/p>\n<div class=\"embed-responsive embed-responsive-16by9\"><iframe loading=\"lazy\" class=\"embed-responsive-item\" src=\"https:\/\/www.youtube.com\/embed\/zWkTIPSW9sA\" width=\"560\" height=\"315\" frameborder=\"0\" allowfullscreen=\"allowfullscreen\" data-mce-fragment=\"1\"><\/iframe><\/div>\n<\/div>\n<p class=\"alt-font font-italic my-2 small text-info\">Edi\u00e7\u00e3o: Denise Griesinger<\/p>\n","protected":false},"excerpt":{"rendered":"<p>No dia 11 de setembro foi comemorado o Dia Nacional do Cerrado. O bioma abriga<\/p>\n","protected":false},"author":2,"featured_media":133697,"comment_status":"open","ping_status":"open","sticky":false,"template":"","format":"standard","meta":[],"categories":[],"tags":[],"uagb_featured_image_src":{"full":["https:\/\/espacoecologico.com.br\/arquivo\/wp-content\/uploads\/2020\/09\/acerola.jpg",415,265,false],"thumbnail":["https:\/\/espacoecologico.com.br\/arquivo\/wp-content\/uploads\/2020\/09\/acerola-150x150.jpg",150,150,true],"medium":["https:\/\/espacoecologico.com.br\/arquivo\/wp-content\/uploads\/2020\/09\/acerola-300x192.jpg",300,192,true],"medium_large":["https:\/\/espacoecologico.com.br\/arquivo\/wp-content\/uploads\/2020\/09\/acerola.jpg",415,265,false],"large":["https:\/\/espacoecologico.com.br\/arquivo\/wp-content\/uploads\/2020\/09\/acerola.jpg",415,265,false],"1536x1536":["https:\/\/espacoecologico.com.br\/arquivo\/wp-content\/uploads\/2020\/09\/acerola.jpg",415,265,false],"2048x2048":["https:\/\/espacoecologico.com.br\/arquivo\/wp-content\/uploads\/2020\/09\/acerola.jpg",415,265,false],"cream-magazine-thumbnail-2":["https:\/\/espacoecologico.com.br\/arquivo\/wp-content\/uploads\/2020\/09\/acerola.jpg",415,265,false],"cream-magazine-thumbnail-3":["https:\/\/espacoecologico.com.br\/arquivo\/wp-content\/uploads\/2020\/09\/acerola.jpg",415,265,false],"cream-magazine-thumbnail-4":["https:\/\/espacoecologico.com.br\/arquivo\/wp-content\/uploads\/2020\/09\/acerola.jpg",415,265,false]},"uagb_author_info":{"display_name":"","author_link":"https:\/\/espacoecologico.com.br\/arquivo\/author\/"},"uagb_comment_info":0,"uagb_excerpt":"No dia 11 de setembro foi comemorado o Dia Nacional do Cerrado. O bioma abriga","_links":{"self":[{"href":"https:\/\/espacoecologico.com.br\/arquivo\/wp-json\/wp\/v2\/posts\/133696"}],"collection":[{"href":"https:\/\/espacoecologico.com.br\/arquivo\/wp-json\/wp\/v2\/posts"}],"about":[{"href":"https:\/\/espacoecologico.com.br\/arquivo\/wp-json\/wp\/v2\/types\/post"}],"author":[{"embeddable":true,"href":"https:\/\/espacoecologico.com.br\/arquivo\/wp-json\/wp\/v2\/users\/2"}],"replies":[{"embeddable":true,"href":"https:\/\/espacoecologico.com.br\/arquivo\/wp-json\/wp\/v2\/comments?post=133696"}],"version-history":[{"count":0,"href":"https:\/\/espacoecologico.com.br\/arquivo\/wp-json\/wp\/v2\/posts\/133696\/revisions"}],"wp:featuredmedia":[{"embeddable":true,"href":"https:\/\/espacoecologico.com.br\/arquivo\/wp-json\/wp\/v2\/media\/133697"}],"wp:attachment":[{"href":"https:\/\/espacoecologico.com.br\/arquivo\/wp-json\/wp\/v2\/media?parent=133696"}],"wp:term":[{"taxonomy":"category","embeddable":true,"href":"https:\/\/espacoecologico.com.br\/arquivo\/wp-json\/wp\/v2\/categories?post=133696"},{"taxonomy":"post_tag","embeddable":true,"href":"https:\/\/espacoecologico.com.br\/arquivo\/wp-json\/wp\/v2\/tags?post=133696"}],"curies":[{"name":"wp","href":"https:\/\/api.w.org\/{rel}","templated":true}]}}