{"id":133692,"date":"2020-09-13T12:30:15","date_gmt":"2020-09-13T15:30:15","guid":{"rendered":"https:\/\/espacoecologico.com.br\/arquivo\/?p=133692"},"modified":"2020-09-13T09:40:27","modified_gmt":"2020-09-13T12:40:27","slug":"bebes-nascidos-durante-a-pandemia-poderao-conviver-com-traumas-a-longo-prazo","status":"publish","type":"post","link":"https:\/\/espacoecologico.com.br\/arquivo\/bebes-nascidos-durante-a-pandemia-poderao-conviver-com-traumas-a-longo-prazo\/","title":{"rendered":"Beb\u00eas nascidos durante a pandemia poder\u00e3o conviver com traumas a longo prazo?"},"content":{"rendered":"<p><a href=\"https:\/\/espacoecologico.com.br\/arquivo\/wp-content\/uploads\/2020\/09\/gravida.jpg\"><img loading=\"lazy\" class=\"alignleft size-medium wp-image-133693\" src=\"https:\/\/espacoecologico.com.br\/arquivo\/wp-content\/uploads\/2020\/09\/gravida-300x192.jpg\" alt=\"\" width=\"300\" height=\"192\" srcset=\"https:\/\/espacoecologico.com.br\/arquivo\/wp-content\/uploads\/2020\/09\/gravida-300x192.jpg 300w, https:\/\/espacoecologico.com.br\/arquivo\/wp-content\/uploads\/2020\/09\/gravida.jpg 415w\" sizes=\"(max-width: 300px) 100vw, 300px\" \/><\/a>O estresse coletivo desencadeado pela pandemia atual se tornou t\u00e3o abrangente que deu in\u00edcio a um debate cient\u00edfico sobre a possibilidade de os beb\u00eas nascidos durante os per\u00edodos de isolamento sofrerem de problemas de sa\u00fade pelo resto de suas vidas. Se voc\u00ea estiver se perguntando por que isso pode acontecer, basta pesquisar sobre a tempestade de gelo da Am\u00e9rica do Norte de 1998.<\/p>\n<p>Por at\u00e9 seis semanas depois que a tempestade provocou corte de energia no leste de Ont\u00e1rio e no sul de Quebec, as mulheres gr\u00e1vidas tiveram que enfrentar as g\u00e9lidas temperaturas em suas casas \u2014 e isso deixou uma marca biol\u00f3gica em seus beb\u00eas, segundo a radiologista Catherine Lebel da Universidade de Calgary. O\u00a0<a href=\"https:\/\/pubmed.ncbi.nlm.nih.gov\/18665002\/\">estudo do Projeto Tempestade de Gelo<\/a>\u00a0realizou tomografias nos cr\u00e2nios de 35 meninos e 33 meninas nascidos de m\u00e3es que estavam gr\u00e1vidas durante o acontecimento, a fim de analisar se a tempestade teve alguma influ\u00eancia na am\u00edgdala cerebelosa, uma\u00a0<a href=\"https:\/\/nba.uth.tmc.edu\/neuroscience\/m\/s4\/chapter06.html\" target=\"_blank\" rel=\"noopener noreferrer\">parte do c\u00e9rebro<\/a>\u00a0que atua no controle das emo\u00e7\u00f5es.<\/p>\n<p>A pesquisa constatou que os beb\u00eas nascidos durante o desastre\u00a0<a href=\"https:\/\/www.frontiersin.org\/articles\/10.3389\/fnhum.2019.00144\/full#B57\">tinham am\u00edgdalas maiores uma d\u00e9cada mais tarde<\/a>. Esse aumento de tamanho tamb\u00e9m estava relacionado a comportamentos agressivos frequentes, principalmente em meninas. Acredita-se que o estresse pr\u00e9-natal influencie o crescimento inicial da am\u00edgdala, tanto em\u00a0<a href=\"https:\/\/www.ncbi.nlm.nih.gov\/pmc\/articles\/PMC3356611\/\">humanos<\/a>\u00a0quanto em\u00a0<a href=\"https:\/\/pubmed.ncbi.nlm.nih.gov\/16895832\/\">roedores<\/a>, e seu tamanho pode influenciar se uma pessoa pode vir a desenvolver\u00a0<a href=\"https:\/\/pubmed.ncbi.nlm.nih.gov\/15607296\/\">depress\u00e3o<\/a>,\u00a0<a href=\"https:\/\/pubmed.ncbi.nlm.nih.gov\/20820793\/\">ansiedade<\/a>\u00a0ou\u00a0<a href=\"https:\/\/www.ncbi.nlm.nih.gov\/pmc\/articles\/PMC3751993\/\">agressividade<\/a>.<\/p>\n<p>Agora, Lebel est\u00e1\u00a0<a href=\"https:\/\/www.ucalgary.ca\/research\/participate\/study\/14387\/pregnancy-during-covid-19-pandemic\">liderando um estudo em longo prazo<\/a>\u00a0que monitorar\u00e1 mulheres gr\u00e1vidas do Canad\u00e1 mensalmente e acompanhar\u00e1 os beb\u00eas ap\u00f3s o nascimento para observar se o isolamento causar\u00e1 efeitos semelhantes nos beb\u00eas nascidos na era do coronav\u00edrus. \u201c\u00c9 tolice desconsiderar o per\u00edodo pr\u00e9-natal\u201d, afirma Lebel.<\/p>\n<p>Lebel e outros pesquisadores dizem que a tens\u00e3o e o isolamento excessivos pelo qual essas mulheres est\u00e3o passando podem estar afetando seus fetos, o que, de acordo com eles, pode estabelecer uma base que desenvolva na \u201cGera\u00e7\u00e3o C\u201d diversos problemas cognitivos, mentais, emocionais e f\u00edsicos.<\/p>\n<p>Em maio, Sam Schoenmakers do Centro M\u00e9dico da Universidade Erasmo de Roterd\u00e3, na Holanda, e quatro outros obstetras, neonatologistas e especialistas em \u00e9tica m\u00e9dica publicaram uma mat\u00e9ria\u00a0 na\u00a0<a href=\"https:\/\/www.bmj.com\/content\/369\/bmj.m1672\/rr\">revista m\u00e9dica\u00a0<em>British Medical Journal<\/em><\/a>\u00a0sobre os \u201cefeitos colaterais\u201d que os beb\u00eas nascidos durante a pandemia podem enfrentar. Eles observaram que alguns relat\u00f3rios mencionam taxas mais altas de\u00a0<a href=\"https:\/\/jamanetwork.com\/journals\/jama\/fullarticle\/190990\">dist\u00farbio de personalidade antissocial<\/a>\u00a0e\u00a0<a href=\"https:\/\/api.semanticscholar.org\/CorpusID:2804978\">menor expectativa de vida<\/a>\u00a0para crian\u00e7as nascidas durante o per\u00edodo de fome causado pelas ocupa\u00e7\u00f5es nazistas na parte ocidental da Holanda na d\u00e9cada de 1940. De forma semelhante, estudos sobre as consequ\u00eancias da supertempestade Sandy de 2012\u00a0<a href=\"http:\/\/sipstudy.com\/publications\/peer-reviewed-publications\/\">descrevem mudan\u00e7as no temperamento dos filhos<\/a>\u00a0de mulheres que estavam gr\u00e1vidas quando o desastre ocorreu: essas crian\u00e7as eram mais assustadas e tristes, e tamb\u00e9m menos carinhosas e se divertiam menos.<\/p>\n<p>O projeto de Lebel\u00a0sobre a covid-19\u00a0<a href=\"https:\/\/psyarxiv.com\/gdhkt\/\" target=\"_blank\" rel=\"noopener noreferrer\">j\u00e1 apresentou<\/a>\u00a0alguns resultados preocupantes. Em abril, a equipe recrutou cerca de duas mil participantes gr\u00e1vidas para o preenchimento de question\u00e1rios psicol\u00f3gicos. Entre as pessoas que participaram da pesquisa, 37% relataram sintomas clinicamente relevantes de depress\u00e3o e 57% expressaram sinais de ansiedade. Com base em evid\u00eancias passadas, essa tens\u00e3o observada em mulheres gr\u00e1vidas pode estar provocando altera\u00e7\u00f5es fisiol\u00f3gicas em seus beb\u00eas em desenvolvimento.<\/p>\n<p>Mas nem todos acreditam que os beb\u00eas nascidos durante a pandemia estejam, necessariamente, destinados a passar por dificuldades. A psic\u00f3loga cl\u00ednica e autora do livro\u00a0<em>Trauma and Madness in Mental Health Services\u00a0<\/em>(\u201cTrauma e loucura na \u00e1rea da sa\u00fade mental\u201d, em tradu\u00e7\u00e3o livre) Noel Hunter diz que o conceito de efeitos colaterais \u00e9 amplamente generalizado e se baseia em um escasso n\u00famero de dados estat\u00edsticos.<\/p>\n<p>\u201cPesquisas anteriores mostraram apenas uma correla\u00e7\u00e3o entre problemas posteriores apresentados na sa\u00fade f\u00edsica e mental dos beb\u00eas, e n\u00e3o uma causalidade\u201d, alega Hunter. Para ela, essas correla\u00e7\u00f5es n\u00e3o consideram a forma como situa\u00e7\u00f5es estressantes (como uma pandemia em curso) podem influenciar os comportamentos de adultos em rela\u00e7\u00e3o \u00e0s crian\u00e7as. Em vez de culpar os organismos das m\u00e3es e o per\u00edodo pr\u00e9-natal, Hunter diz que o foco deve ser ampliado para o estudo de traumas persistentes que podem influenciar as crian\u00e7as ap\u00f3s o nascimento, como o\u00a0<a href=\"http:\/\/www.jneuropsychiatry.org\/peer-review\/the-traumagenic-neurodevelopmental-model-of-psychosis-revisited-neuropsychiatry.pdf\">comportamento abusivo dos pais e estresse durante a inf\u00e2ncia<\/a>, que\u00a0<a href=\"https:\/\/pubmed.ncbi.nlm.nih.gov\/26383785\/\">tamb\u00e9m foram associados<\/a>\u00a0a consequ\u00eancias em longo prazo para a sa\u00fade.<\/p>\n<p>Outros especialistas argumentam que qualquer pesquisa deve considerar a rela\u00e7\u00e3o da covid-19 com as vulnerabilidades j\u00e1 existentes devido ao racismo sist\u00eamico ou \u00e0 desigualdade de renda. A psic\u00f3loga Alisha Ali, da Universidade de Nova York, sinaliza grandes problemas institucionais que agora ficaram ainda mais evidentes, desde cuidados de sa\u00fade prec\u00e1rios para pessoas negras at\u00e9 desertos alimentares em \u00e1reas urbanas e ilhas de calor criadas, em grande parte, por pol\u00edticas com vi\u00e9s racista.<\/p>\n<p>\u201cAs pessoas que j\u00e1 enfrentavam o risco de ter filhos sem o direito de acesso a programas de alimenta\u00e7\u00e3o, atendimento m\u00e9dico e recursos relacionados, agora enfrentam um risco ainda maior\u201d, diz Ali.<\/p>\n<p>Lebel adota uma postura moderada quando se trata de utilizar termos mais pol\u00eamicos, como \u201cefeitos colaterais,\u201d embora ela acredite que os beb\u00eas nascidos durante a pandemia possam apresentar algum tipo de problema de sa\u00fade.<\/p>\n<p>\u201cEu n\u00e3o diria uma gera\u00e7\u00e3o prejudicada\u201d, diz Lebel. \u201cMas daqui 20 anos veremos taxas mais altas de depress\u00e3o e ansiedade do que as observadas nas gera\u00e7\u00f5es anteriores.\u201d<\/p>\n<h3><strong>Rede de apoio da sa\u00fade<\/strong><\/h3>\n<p>Entender se a pandemia ir\u00e1 influenciar os beb\u00eas nascidos durante esse per\u00edodo levar\u00e1 algum tempo, mas enquanto isso, os pais podem tomar algumas provid\u00eancias para minimizar os efeitos. Por exemplo, os\u00a0<a href=\"https:\/\/psyarxiv.com\/gdhkt\/\">resultados iniciais do estudo de Lebel<\/a>\u00a0sobre a covid-19 mostraram que ter uma rede de apoio e realizar mais atividades f\u00edsicas foram associados a um menor n\u00famero de sintomas de ansiedade e depress\u00e3o entre as mulheres gr\u00e1vidas que participaram da pesquisa.<\/p>\n<p>Nutrir rela\u00e7\u00f5es \u2014 mesmo que sejam virtuais ou com distanciamento f\u00edsico \u2014 pode ajudar a lidar com as experi\u00eancias duplas do isolamento em casa e da sensa\u00e7\u00e3o de sobrecarga causada pelas novas responsabilidades na cria\u00e7\u00e3o de um filho. Para pais de todos os tipos, a import\u00e2ncia de uma forte rede de apoio \u00e9 imensur\u00e1vel, diz Ali.<\/p>\n<p>\u201cIsso deve fazer parte do plano de uma gestante desde o in\u00edcio da gravidez\u201d, diz. \u201cContar com o apoio de pelo menos uma pessoa em quem voc\u00ea confia \u2014 seja um parceiro, uma m\u00e3e ou um pai ou um amigo \u00edntimo \u2014 pode ter um papel preventivo quando se trata de problemas de sa\u00fade f\u00edsicos e mentais e nada impede que esse apoio seja virtual.\u201d<\/p>\n<p>Dito isso, pais que lidam com situa\u00e7\u00f5es de vulnerabilidade social podem precisar de assist\u00eancia adicional. Al\u00e9m de se certificarem de que esses pais tenham melhor alimenta\u00e7\u00e3o para si e para seus beb\u00eas rec\u00e9m-nascidos, os assistentes sociais tamb\u00e9m devem garantir que essas fam\u00edlias recebam apoio social cont\u00ednuo, segundo Ali. Ter uma enfermeira ou assistente social que entre em contato regularmente ap\u00f3s o nascimento do beb\u00ea, e n\u00e3o apenas nos primeiros dias ap\u00f3s o parto, pode evitar problemas de sa\u00fade mental e f\u00edsica.<\/p>\n<p>Hunter recomenda praticar atividades divertidas, como jogos de tabuleiro, cantar no karaok\u00ea, fazer um v\u00eddeo no TikTok ou uma brincadeira de ca\u00e7a ao tesouro. Da mesma forma, os pais podem se beneficiar ao aprender uma nova habilidade, de ter tempo para rir ou para se lamentar caso tenham perdido um ente querido. Sono e boa alimenta\u00e7\u00e3o continuam sendo importantes como sempre para uma gravidez e per\u00edodo de p\u00f3s-parto saud\u00e1veis.<\/p>\n<p>\u201cDe modo geral, as crian\u00e7as ficar\u00e3o bem se seus pais cuidarem de si mesmos e se preocuparem com aquilo que \u00e9 mais importante na vida\u201d, diz Hunter. \u201cQuando trabalhamos juntos e apoiamos uns aos outros, podemos superar praticamente qualquer coisa.\u201d<\/p>\n","protected":false},"excerpt":{"rendered":"<p>O estresse coletivo desencadeado pela pandemia atual se tornou t\u00e3o abrangente que deu in\u00edcio a<\/p>\n","protected":false},"author":2,"featured_media":133693,"comment_status":"open","ping_status":"open","sticky":false,"template":"","format":"standard","meta":[],"categories":[],"tags":[],"uagb_featured_image_src":{"full":["https:\/\/espacoecologico.com.br\/arquivo\/wp-content\/uploads\/2020\/09\/gravida.jpg",415,265,false],"thumbnail":["https:\/\/espacoecologico.com.br\/arquivo\/wp-content\/uploads\/2020\/09\/gravida-150x150.jpg",150,150,true],"medium":["https:\/\/espacoecologico.com.br\/arquivo\/wp-content\/uploads\/2020\/09\/gravida-300x192.jpg",300,192,true],"medium_large":["https:\/\/espacoecologico.com.br\/arquivo\/wp-content\/uploads\/2020\/09\/gravida.jpg",415,265,false],"large":["https:\/\/espacoecologico.com.br\/arquivo\/wp-content\/uploads\/2020\/09\/gravida.jpg",415,265,false],"1536x1536":["https:\/\/espacoecologico.com.br\/arquivo\/wp-content\/uploads\/2020\/09\/gravida.jpg",415,265,false],"2048x2048":["https:\/\/espacoecologico.com.br\/arquivo\/wp-content\/uploads\/2020\/09\/gravida.jpg",415,265,false],"cream-magazine-thumbnail-2":["https:\/\/espacoecologico.com.br\/arquivo\/wp-content\/uploads\/2020\/09\/gravida.jpg",415,265,false],"cream-magazine-thumbnail-3":["https:\/\/espacoecologico.com.br\/arquivo\/wp-content\/uploads\/2020\/09\/gravida.jpg",415,265,false],"cream-magazine-thumbnail-4":["https:\/\/espacoecologico.com.br\/arquivo\/wp-content\/uploads\/2020\/09\/gravida.jpg",415,265,false]},"uagb_author_info":{"display_name":"","author_link":"https:\/\/espacoecologico.com.br\/arquivo\/author\/"},"uagb_comment_info":19,"uagb_excerpt":"O estresse coletivo desencadeado pela pandemia atual se tornou t\u00e3o abrangente que deu in\u00edcio a","_links":{"self":[{"href":"https:\/\/espacoecologico.com.br\/arquivo\/wp-json\/wp\/v2\/posts\/133692"}],"collection":[{"href":"https:\/\/espacoecologico.com.br\/arquivo\/wp-json\/wp\/v2\/posts"}],"about":[{"href":"https:\/\/espacoecologico.com.br\/arquivo\/wp-json\/wp\/v2\/types\/post"}],"author":[{"embeddable":true,"href":"https:\/\/espacoecologico.com.br\/arquivo\/wp-json\/wp\/v2\/users\/2"}],"replies":[{"embeddable":true,"href":"https:\/\/espacoecologico.com.br\/arquivo\/wp-json\/wp\/v2\/comments?post=133692"}],"version-history":[{"count":0,"href":"https:\/\/espacoecologico.com.br\/arquivo\/wp-json\/wp\/v2\/posts\/133692\/revisions"}],"wp:featuredmedia":[{"embeddable":true,"href":"https:\/\/espacoecologico.com.br\/arquivo\/wp-json\/wp\/v2\/media\/133693"}],"wp:attachment":[{"href":"https:\/\/espacoecologico.com.br\/arquivo\/wp-json\/wp\/v2\/media?parent=133692"}],"wp:term":[{"taxonomy":"category","embeddable":true,"href":"https:\/\/espacoecologico.com.br\/arquivo\/wp-json\/wp\/v2\/categories?post=133692"},{"taxonomy":"post_tag","embeddable":true,"href":"https:\/\/espacoecologico.com.br\/arquivo\/wp-json\/wp\/v2\/tags?post=133692"}],"curies":[{"name":"wp","href":"https:\/\/api.w.org\/{rel}","templated":true}]}}