{"id":133688,"date":"2020-09-13T12:00:04","date_gmt":"2020-09-13T15:00:04","guid":{"rendered":"https:\/\/espacoecologico.com.br\/arquivo\/?p=133688"},"modified":"2020-09-13T09:36:05","modified_gmt":"2020-09-13T12:36:05","slug":"terra-pode-ter-criado-agua-suficiente-para-encher-oceanos-tres-vezes","status":"publish","type":"post","link":"https:\/\/espacoecologico.com.br\/arquivo\/terra-pode-ter-criado-agua-suficiente-para-encher-oceanos-tres-vezes\/","title":{"rendered":"Terra pode ter criado \u00e1gua suficiente para encher oceanos tr\u00eas vezes"},"content":{"rendered":"<p><a href=\"https:\/\/espacoecologico.com.br\/arquivo\/wp-content\/uploads\/2020\/09\/aguaPlaneta.jpg\"><img loading=\"lazy\" class=\"alignleft size-medium wp-image-133689\" src=\"https:\/\/espacoecologico.com.br\/arquivo\/wp-content\/uploads\/2020\/09\/aguaPlaneta-300x192.jpg\" alt=\"\" width=\"300\" height=\"192\" srcset=\"https:\/\/espacoecologico.com.br\/arquivo\/wp-content\/uploads\/2020\/09\/aguaPlaneta-300x192.jpg 300w, https:\/\/espacoecologico.com.br\/arquivo\/wp-content\/uploads\/2020\/09\/aguaPlaneta.jpg 415w\" sizes=\"(max-width: 300px) 100vw, 300px\" \/><\/a>Talvez n\u00e3o precisemos descobrir\u00a0<a href=\"https:\/\/www.inovacaotecnologica.com.br\/pesquisar.php?keyword=%22origem%20da%20%C3%A1gua%22\">como a \u00e1gua veio parar na Terra<\/a>: Ela pode ter estado aqui desde o nascimento do planeta.<\/p>\n<p>Embora j\u00e1 tenha sido chamado de &#8220;planeta \u00e1gua&#8221;, o fato \u00e9 que a\u00a0<a href=\"https:\/\/www.inovacaotecnologica.com.br\/noticias\/noticia.php?artigo=origem-da-agua-terra&amp;id=010130200430\">ci\u00eancia n\u00e3o tem ideia de como surgiu a \u00e1gua em nosso planeta<\/a>\u00a0&#8211; e ainda n\u00e3o encontramos outro com \u00e1gua l\u00edquida como o nosso, para podermos comparar e ter alguma ideia.<\/p>\n<p>Ocorre que, indicam as teorias, a Terra foi formada em uma regi\u00e3o do Sistema Solar onde as temperaturas eram altas demais para a \u00e1gua condensar e se agrupar com outros s\u00f3lidos na forma de gelo.<\/p>\n<p>Isso levou os cientistas a levantarem a hip\u00f3tese de uma adi\u00e7\u00e3o tardia de \u00e1gua, que teria vindo a bordo de cometas ou asteroides. Mas n\u00e3o existem dados razo\u00e1veis para corroborar essa hip\u00f3tese &#8211; mesmo os cometas, que se acreditava serem &#8220;bolas de gelo sujas&#8221;, mostraram-se at\u00e9 agora absolutamente secos.<\/p>\n<p>Agora, Laurette Piani e seus colegas da Universidade de Lorraine, na Fran\u00e7a, acreditam ter encontrado motivos para abandonar de vez essa hip\u00f3tese: Para eles, a \u00e1gua n\u00e3o veio para a Terra, ela sempre esteve aqui, surgindo junto com o planeta.<\/p>\n<div class=\"imgMeioC\"><img loading=\"lazy\" class=\"pure-img\" src=\"https:\/\/www.inovacaotecnologica.com.br\/noticias\/imagens\/010130200828-agua-terra-sempre-esteve-aqui.jpg\" alt=\"\u00c1gua da Terra pode ter sido feita junto com o planeta\" width=\"640\" height=\"480\" \/><\/p>\n<div class=\"legenda\">Meteorito Sahara 97096, com 10 cent\u00edmetros de comprimento, um dos esp\u00e9cimes estudados pela equipe, cujos c\u00e1lculos apontam at\u00e9 0,5% de \u00e1gua.<span class=\"creditoimg\"><br \/>\n[Imagem:\u00a0Christine Fieni\/Laurette Piani]<\/span><\/div>\n<\/div>\n<p><strong>\u00c1gua criada junto com a Terra<\/strong><\/p>\n<p>A equipe estudou uma classe de meteoritos chamados condritos de enstatita, pedras muito raras, constituindo menos de 2% dos meteoritos conhecidos. E um pequeno n\u00famero deles tem a vantagem de terem sofrido pouco aquecimento ao longo de sua vida, apresentando uma composi\u00e7\u00e3o primitiva.<\/p>\n<p>Usando o\u00a0<a href=\"https:\/\/www.inovacaotecnologica.com.br\/noticias\/meta.php?meta=hidrogenio\">hidrog\u00eanio<\/a>\u00a0presente na pedra espacial como um\u00a0<i>proxy<\/i>\u00a0da \u00e1gua, a equipe demonstrou que as rochas primitivas da Terra podem ter contido \u00e1gua suficiente para encher todos os oceanos pelo menos tr\u00eas vezes.<\/p>\n<p>Al\u00e9m disso, o hidrog\u00eanio presente nesses meteoritos tem a mesma composi\u00e7\u00e3o isot\u00f3pica que a da \u00e1gua armazenada no manto terrestre, enquanto a composi\u00e7\u00e3o isot\u00f3pica dos oceanos \u00e9 consistente com uma mistura contendo 95% de \u00e1gua dos condritos enstat\u00edticos e 5% de \u00e1gua que pode ter sido trazida de outros pontos &#8211; eventualmente atrav\u00e9s de cometas ou asteroides ricos em \u00e1gua, e n\u00e3o em hidrog\u00eanio, ainda que n\u00e3o tenhamos encontrado nenhum at\u00e9 agora.<\/p>\n<p>Assim, se for mesmo v\u00e1lido tomar o conte\u00fado de hidrog\u00eanio na rocha espacial como uma aproxima\u00e7\u00e3o da \u00e1gua, a Terra parece enchido seus oceanos, rios e lagos com a \u00e1gua dos seus pr\u00f3prios materiais constituintes.<\/p>\n<div class=\"biblio\"><b>Bibliografia:<\/b><\/p>\n<p>Artigo:\u00a0<i>Earth\u2019s water may have been inherited from material similar to enstatite chondrite meteorites<\/i><br \/>\nAutores: Laurette Piani, Yves Marrocchi, Thomas Rigaudier, Lionel G. Vacher, Dorian Thomassin, Bernard Marty<br \/>\nRevista: Science<br \/>\nVol.: 369, Issue 6507, pp. 1110-1113<br \/>\nDOI: 10.1126\/science.aba1948<\/div>\n<div id=\"colPosN\" class=\"pure-g conteudo\">\n<div id=\"colCanto\" class=\"pure-u-1 pure-u-md-3-5 conteudo\"><\/div>\n<\/div>\n","protected":false},"excerpt":{"rendered":"<p>Talvez n\u00e3o precisemos descobrir\u00a0como a \u00e1gua veio parar na Terra: Ela pode ter estado aqui<\/p>\n","protected":false},"author":2,"featured_media":133689,"comment_status":"open","ping_status":"open","sticky":false,"template":"","format":"standard","meta":[],"categories":[],"tags":[],"uagb_featured_image_src":{"full":["https:\/\/espacoecologico.com.br\/arquivo\/wp-content\/uploads\/2020\/09\/aguaPlaneta.jpg",415,265,false],"thumbnail":["https:\/\/espacoecologico.com.br\/arquivo\/wp-content\/uploads\/2020\/09\/aguaPlaneta-150x150.jpg",150,150,true],"medium":["https:\/\/espacoecologico.com.br\/arquivo\/wp-content\/uploads\/2020\/09\/aguaPlaneta-300x192.jpg",300,192,true],"medium_large":["https:\/\/espacoecologico.com.br\/arquivo\/wp-content\/uploads\/2020\/09\/aguaPlaneta.jpg",415,265,false],"large":["https:\/\/espacoecologico.com.br\/arquivo\/wp-content\/uploads\/2020\/09\/aguaPlaneta.jpg",415,265,false],"1536x1536":["https:\/\/espacoecologico.com.br\/arquivo\/wp-content\/uploads\/2020\/09\/aguaPlaneta.jpg",415,265,false],"2048x2048":["https:\/\/espacoecologico.com.br\/arquivo\/wp-content\/uploads\/2020\/09\/aguaPlaneta.jpg",415,265,false],"cream-magazine-thumbnail-2":["https:\/\/espacoecologico.com.br\/arquivo\/wp-content\/uploads\/2020\/09\/aguaPlaneta.jpg",415,265,false],"cream-magazine-thumbnail-3":["https:\/\/espacoecologico.com.br\/arquivo\/wp-content\/uploads\/2020\/09\/aguaPlaneta.jpg",415,265,false],"cream-magazine-thumbnail-4":["https:\/\/espacoecologico.com.br\/arquivo\/wp-content\/uploads\/2020\/09\/aguaPlaneta.jpg",415,265,false]},"uagb_author_info":{"display_name":"","author_link":"https:\/\/espacoecologico.com.br\/arquivo\/author\/"},"uagb_comment_info":0,"uagb_excerpt":"Talvez n\u00e3o precisemos descobrir\u00a0como a \u00e1gua veio parar na Terra: Ela pode ter estado aqui","_links":{"self":[{"href":"https:\/\/espacoecologico.com.br\/arquivo\/wp-json\/wp\/v2\/posts\/133688"}],"collection":[{"href":"https:\/\/espacoecologico.com.br\/arquivo\/wp-json\/wp\/v2\/posts"}],"about":[{"href":"https:\/\/espacoecologico.com.br\/arquivo\/wp-json\/wp\/v2\/types\/post"}],"author":[{"embeddable":true,"href":"https:\/\/espacoecologico.com.br\/arquivo\/wp-json\/wp\/v2\/users\/2"}],"replies":[{"embeddable":true,"href":"https:\/\/espacoecologico.com.br\/arquivo\/wp-json\/wp\/v2\/comments?post=133688"}],"version-history":[{"count":0,"href":"https:\/\/espacoecologico.com.br\/arquivo\/wp-json\/wp\/v2\/posts\/133688\/revisions"}],"wp:featuredmedia":[{"embeddable":true,"href":"https:\/\/espacoecologico.com.br\/arquivo\/wp-json\/wp\/v2\/media\/133689"}],"wp:attachment":[{"href":"https:\/\/espacoecologico.com.br\/arquivo\/wp-json\/wp\/v2\/media?parent=133688"}],"wp:term":[{"taxonomy":"category","embeddable":true,"href":"https:\/\/espacoecologico.com.br\/arquivo\/wp-json\/wp\/v2\/categories?post=133688"},{"taxonomy":"post_tag","embeddable":true,"href":"https:\/\/espacoecologico.com.br\/arquivo\/wp-json\/wp\/v2\/tags?post=133688"}],"curies":[{"name":"wp","href":"https:\/\/api.w.org\/{rel}","templated":true}]}}