{"id":133676,"date":"2020-09-13T08:29:26","date_gmt":"2020-09-13T11:29:26","guid":{"rendered":"https:\/\/espacoecologico.com.br\/arquivo\/?p=133676"},"modified":"2020-09-13T08:29:26","modified_gmt":"2020-09-13T11:29:26","slug":"cobra-piton-de-62-anos-bota-ovos-mesmo-sem-ter-contato-com-machos-ha-mais-de-15-anos","status":"publish","type":"post","link":"https:\/\/espacoecologico.com.br\/arquivo\/cobra-piton-de-62-anos-bota-ovos-mesmo-sem-ter-contato-com-machos-ha-mais-de-15-anos\/","title":{"rendered":"Cobra p\u00edton de 62 anos bota ovos mesmo sem ter contato com machos h\u00e1 mais de 15 anos"},"content":{"rendered":"<div class=\"mc-column content-text active-extra-styles \" data-block-type=\"unstyled\" data-block-weight=\"33\" data-block-id=\"2\">\n<p class=\"content-text__container \" data-track-category=\"Link no Texto\" data-track-links=\"\"><span class=\"highlight highlighted\"><a href=\"https:\/\/espacoecologico.com.br\/arquivo\/wp-content\/uploads\/2020\/09\/piton.jpg\"><img loading=\"lazy\" class=\"alignleft size-medium wp-image-133677\" src=\"https:\/\/espacoecologico.com.br\/arquivo\/wp-content\/uploads\/2020\/09\/piton-300x192.jpg\" alt=\"\" width=\"300\" height=\"192\" srcset=\"https:\/\/espacoecologico.com.br\/arquivo\/wp-content\/uploads\/2020\/09\/piton-300x192.jpg 300w, https:\/\/espacoecologico.com.br\/arquivo\/wp-content\/uploads\/2020\/09\/piton.jpg 415w\" sizes=\"(max-width: 300px) 100vw, 300px\" \/><\/a>Mesmo sem contato com machos h\u00e1 mais de 15 anos, uma cobra p\u00edton-real, de 62 anos, botou sete ovos\u00a0<\/span>no fim de julho no no Zool\u00f3gico de St. Lous, no Missouri (<a href=\"https:\/\/g1.globo.com\/tudo-sobre\/estados-unidos\/\">EUA<\/a>).<\/p>\n<\/div>\n<div class=\"wall protected-content\">\n<div class=\"mc-column content-text active-extra-styles \" data-block-type=\"unstyled\" data-block-weight=\"31\" data-block-id=\"3\">\n<p class=\"content-text__container \" data-track-category=\"Link no Texto\" data-track-links=\"\">De acordo com o zool\u00f3gico, a reprodu\u00e7\u00e3o assexuada da esp\u00e9cie \u00e9 incomum, embora n\u00e3o rara. As f\u00eameas tamb\u00e9m t\u00eam capacidade de armazenar esperma dos machos para utilizar no futuro.<\/p>\n<\/div>\n<div class=\"mc-column\" data-block-type=\"embed-social-facebook\" data-block-id=\"4\">\n<div class=\"fb-post fb_iframe_widget\" data-href=\"https:\/\/www.facebook.com\/watch\/?v=238406800803891\" data-width=\"500\" data-show-text=\"true\"><iframe loading=\"lazy\" class=\"\" title=\"fb:post Facebook Social Plugin\" src=\"https:\/\/www.facebook.com\/v3.2\/plugins\/post.php?app_id=489487254593334&amp;channel=https%3A%2F%2Fstaticxx.facebook.com%2Fx%2Fconnect%2Fxd_arbiter%2F%3Fversion%3D46%23cb%3Df34ea7847cdfdd8%26domain%3Dg1.globo.com%26origin%3Dhttps%253A%252F%252Fg1.globo.com%252Ff71bc03fdf9e44%26relation%3Dparent.parent&amp;container_width=648&amp;href=https%3A%2F%2Fwww.facebook.com%2Fwatch%2F%3Fv%3D238406800803891&amp;locale=pt_BR&amp;sdk=joey&amp;show_text=true&amp;width=500\" name=\"f8487f7e3b7f4c\" width=\"500px\" height=\"1000px\" frameborder=\"0\" scrolling=\"no\" allowfullscreen=\"allowfullscreen\" data-testid=\"fb:post Facebook Social Plugin\" data-mce-fragment=\"1\"><\/iframe><\/div>\n<\/div>\n<div class=\"mc-column content-text active-extra-styles \" data-block-type=\"unstyled\" data-block-weight=\"28\" data-block-id=\"5\">\n<p class=\"content-text__container \" data-track-category=\"Link no Texto\" data-track-links=\"\">&#8220;Qual das duas explica\u00e7\u00f5es \u00e9 a raz\u00e3o dos ovos? Enquanto nossa equipe continua incubando os ovos, amostras ser\u00e3o enviadas para testes gen\u00e9ticos&#8221;, informou o zool\u00f3gico, nas redes sociais.<\/p>\n<\/div>\n<div class=\"mc-column content-text active-extra-styles \" data-block-type=\"unstyled\" data-block-weight=\"31\" data-block-id=\"6\">\n<p class=\"content-text__container \" data-track-category=\"Link no Texto\" data-track-links=\"\">Dos sete ovos da p\u00edton, considerada a cobra mais velha do mundo documentada em um zool\u00f3gico, dois n\u00e3o vingaram, tr\u00eas est\u00e3o em uma incubadora e dois foram levados para pesquisa gen\u00e9tica.<\/p>\n<\/div>\n<div class=\"content-ads content-ads--reveal\" data-block-type=\"ads\" data-block-id=\"7\"><\/div>\n<div data-track-category=\"multicontent\" data-track-action=\"ultimo chunk conteudo\" data-track-noninteraction=\"false\" data-track-scroll=\"view\">\n<div class=\"mc-column content-media content-video\" data-block-type=\"backstage-video\" data-block-id=\"8\">\n<div class=\"content-media__container\">\n<div class=\"content-video__bigger-player-description-fixer\">\n<article class=\"content-video\">\n<section class=\"content-video__video-container\">\n<div class=\"content-video__video\">\n<div class=\"content-video__placeholder\" data-video-id=\"8849478\"><\/div>\n<\/div>\n<\/section>\n<\/article>\n<\/div>\n<\/div>\n<\/div>\n<\/div>\n<\/div>\n","protected":false},"excerpt":{"rendered":"<p>Mesmo sem contato com machos h\u00e1 mais de 15 anos, uma cobra p\u00edton-real, de 62<\/p>\n","protected":false},"author":2,"featured_media":133677,"comment_status":"open","ping_status":"open","sticky":false,"template":"","format":"standard","meta":[],"categories":[],"tags":[],"uagb_featured_image_src":{"full":["https:\/\/espacoecologico.com.br\/arquivo\/wp-content\/uploads\/2020\/09\/piton.jpg",415,265,false],"thumbnail":["https:\/\/espacoecologico.com.br\/arquivo\/wp-content\/uploads\/2020\/09\/piton-150x150.jpg",150,150,true],"medium":["https:\/\/espacoecologico.com.br\/arquivo\/wp-content\/uploads\/2020\/09\/piton-300x192.jpg",300,192,true],"medium_large":["https:\/\/espacoecologico.com.br\/arquivo\/wp-content\/uploads\/2020\/09\/piton.jpg",415,265,false],"large":["https:\/\/espacoecologico.com.br\/arquivo\/wp-content\/uploads\/2020\/09\/piton.jpg",415,265,false],"1536x1536":["https:\/\/espacoecologico.com.br\/arquivo\/wp-content\/uploads\/2020\/09\/piton.jpg",415,265,false],"2048x2048":["https:\/\/espacoecologico.com.br\/arquivo\/wp-content\/uploads\/2020\/09\/piton.jpg",415,265,false],"cream-magazine-thumbnail-2":["https:\/\/espacoecologico.com.br\/arquivo\/wp-content\/uploads\/2020\/09\/piton.jpg",415,265,false],"cream-magazine-thumbnail-3":["https:\/\/espacoecologico.com.br\/arquivo\/wp-content\/uploads\/2020\/09\/piton.jpg",415,265,false],"cream-magazine-thumbnail-4":["https:\/\/espacoecologico.com.br\/arquivo\/wp-content\/uploads\/2020\/09\/piton.jpg",415,265,false]},"uagb_author_info":{"display_name":"","author_link":"https:\/\/espacoecologico.com.br\/arquivo\/author\/"},"uagb_comment_info":0,"uagb_excerpt":"Mesmo sem contato com machos h\u00e1 mais de 15 anos, uma cobra p\u00edton-real, de 62","_links":{"self":[{"href":"https:\/\/espacoecologico.com.br\/arquivo\/wp-json\/wp\/v2\/posts\/133676"}],"collection":[{"href":"https:\/\/espacoecologico.com.br\/arquivo\/wp-json\/wp\/v2\/posts"}],"about":[{"href":"https:\/\/espacoecologico.com.br\/arquivo\/wp-json\/wp\/v2\/types\/post"}],"author":[{"embeddable":true,"href":"https:\/\/espacoecologico.com.br\/arquivo\/wp-json\/wp\/v2\/users\/2"}],"replies":[{"embeddable":true,"href":"https:\/\/espacoecologico.com.br\/arquivo\/wp-json\/wp\/v2\/comments?post=133676"}],"version-history":[{"count":0,"href":"https:\/\/espacoecologico.com.br\/arquivo\/wp-json\/wp\/v2\/posts\/133676\/revisions"}],"wp:featuredmedia":[{"embeddable":true,"href":"https:\/\/espacoecologico.com.br\/arquivo\/wp-json\/wp\/v2\/media\/133677"}],"wp:attachment":[{"href":"https:\/\/espacoecologico.com.br\/arquivo\/wp-json\/wp\/v2\/media?parent=133676"}],"wp:term":[{"taxonomy":"category","embeddable":true,"href":"https:\/\/espacoecologico.com.br\/arquivo\/wp-json\/wp\/v2\/categories?post=133676"},{"taxonomy":"post_tag","embeddable":true,"href":"https:\/\/espacoecologico.com.br\/arquivo\/wp-json\/wp\/v2\/tags?post=133676"}],"curies":[{"name":"wp","href":"https:\/\/api.w.org\/{rel}","templated":true}]}}