{"id":133673,"date":"2020-09-13T08:17:11","date_gmt":"2020-09-13T11:17:11","guid":{"rendered":"https:\/\/espacoecologico.com.br\/arquivo\/?p=133673"},"modified":"2020-09-13T08:17:11","modified_gmt":"2020-09-13T11:17:11","slug":"ambientalistas-tentam-salvar-animais-em-santuario-ecologico-em-chamas-em-mato-grosso","status":"publish","type":"post","link":"https:\/\/espacoecologico.com.br\/arquivo\/ambientalistas-tentam-salvar-animais-em-santuario-ecologico-em-chamas-em-mato-grosso\/","title":{"rendered":"Ambientalistas tentam salvar animais em santu\u00e1rio ecol\u00f3gico em chamas em Mato Grosso"},"content":{"rendered":"<div class=\"mc-column content-text active-extra-styles \" data-block-type=\"unstyled\" data-block-weight=\"21\" data-block-id=\"2\">\n<p class=\"content-text__container \" data-track-category=\"Link no Texto\" data-track-links=\"\"><a href=\"https:\/\/espacoecologico.com.br\/arquivo\/wp-content\/uploads\/2020\/09\/onca.jpg\"><img loading=\"lazy\" class=\"alignleft size-medium wp-image-133674\" src=\"https:\/\/espacoecologico.com.br\/arquivo\/wp-content\/uploads\/2020\/09\/onca-300x192.jpg\" alt=\"\" width=\"300\" height=\"192\" srcset=\"https:\/\/espacoecologico.com.br\/arquivo\/wp-content\/uploads\/2020\/09\/onca-300x192.jpg 300w, https:\/\/espacoecologico.com.br\/arquivo\/wp-content\/uploads\/2020\/09\/onca.jpg 415w\" sizes=\"(max-width: 300px) 100vw, 300px\" \/><\/a>Ambientalistas est\u00e3o resgatando animais em um santu\u00e1rio ecol\u00f3gico do Pantanal, que est\u00e1 queimando h\u00e1 mais de uma semana em Mato Grosso.<\/p>\n<\/div>\n<div class=\"wall protected-content\">\n<div class=\"mc-column content-text active-extra-styles \" data-block-type=\"unstyled\" data-block-weight=\"24\" data-block-id=\"3\">\n<p class=\"content-text__container \" data-track-category=\"Link no Texto\" data-track-links=\"\">O Tuiui\u00fa, p\u00e1ssaro s\u00edmbolo do Pantanal, se refresca em mais um dia de calor acima dos 40\u00baC. Pr\u00f3ximo ao rio, a on\u00e7a se arrasta.<\/p>\n<\/div>\n<div class=\"mc-column content-text active-extra-styles \" data-block-type=\"unstyled\" data-block-weight=\"41\" data-block-id=\"4\">\n<p class=\"content-text__container \" data-track-category=\"Link no Texto\" data-track-links=\"\">Uma for\u00e7a-tarefa foi montada para resgatar o animal. E acabou encontrando uma outra on\u00e7a com ferimentos provocados pelo fogo. Ela foi levada no helic\u00f3ptero da Marinha at\u00e9 o aeroporto de Cuiab\u00e1 e transferida para a Universidade Federal de Mato Grosso.<\/p>\n<\/div>\n<div class=\"mc-column content-text active-extra-styles \" data-block-type=\"unstyled\" data-block-weight=\"33\" data-block-id=\"5\">\n<p class=\"content-text__container \" data-track-category=\"Link no Texto\" data-track-links=\"\">O Parque do Encontro das \u00c1guas, onde a on\u00e7a foi resgatada, tem 110 mil hectares. Metade j\u00e1 foi atingido pelo fogo. Agora, os bombeiros lutam para criar uma zona livre das chamas.<\/p>\n<\/div>\n<div class=\"mc-column content-text active-extra-styles \" data-block-type=\"unstyled\" data-block-weight=\"59\" data-block-id=\"6\">\n<p class=\"content-text__container \" data-track-category=\"Link no Texto\" data-track-links=\"\">\u201cN\u00f3s estamos construindo um aceiro, que vai estabelecer uma \u00e1rea em torno de 20 quil\u00f4metros quadrados para que se torne uma ilha para que os animais possam fugir para esse local. Vamos ficar no entorno dessa ilha defendendo toda e qualquer frente de fogo que possa amea\u00e7ar esse local\u201d, destaca o coronel Paulo Barroso, Corpo de Bombeiros- Mato Grosso.<\/p>\n<\/div>\n<div class=\"mc-column content-text active-extra-styles \" data-block-type=\"unstyled\" data-block-weight=\"37\" data-block-id=\"7\">\n<p class=\"content-text__container \" data-track-category=\"Link no Texto\" data-track-links=\"\">Quanto mais se navega e avan\u00e7a pelo Rio Cuiab\u00e1 Porto Jofre, se percebe que a fuma\u00e7a fica cada vez mais densa. Mesmo de m\u00e1scara, \u00e9 muito dif\u00edcil de respirar e ficar com os olhos abertos.<\/p>\n<\/div>\n<div class=\"mc-column content-text active-extra-styles \" data-block-type=\"unstyled\" data-block-weight=\"17\" data-block-id=\"9\">\n<p class=\"content-text__container \" data-track-category=\"Link no Texto\" data-track-links=\"\">Segundo estimativa do Ibama, 25% do Pantanal j\u00e1 foram consumidos pelo fogo em Mato Grosso.<\/p>\n<\/div>\n<div data-track-category=\"multicontent\" data-track-action=\"ultimo chunk conteudo\" data-track-noninteraction=\"false\" data-track-scroll=\"view\">\n<div class=\"mc-column content-text active-extra-styles \" data-block-type=\"unstyled\" data-block-weight=\"32\" data-block-id=\"10\">\n<p class=\"content-text__container \" data-track-category=\"Link no Texto\" data-track-links=\"\">\u201cH\u00e1 volunt\u00e1rios, h\u00e1 ONGs, e o pr\u00f3prio estado, setores para poder acolher e tentar resgatar e cuidar desses animais atingidos nem que seja com \u00e1gua ou alimenta\u00e7\u00e3o\u201d, diz Felipe Saboia, bombeiro.<\/p>\n<\/div>\n<\/div>\n<\/div>\n","protected":false},"excerpt":{"rendered":"<p>Ambientalistas est\u00e3o resgatando animais em um santu\u00e1rio ecol\u00f3gico do Pantanal, que est\u00e1 queimando h\u00e1 mais<\/p>\n","protected":false},"author":2,"featured_media":133674,"comment_status":"open","ping_status":"open","sticky":false,"template":"","format":"standard","meta":[],"categories":[],"tags":[],"uagb_featured_image_src":{"full":["https:\/\/espacoecologico.com.br\/arquivo\/wp-content\/uploads\/2020\/09\/onca.jpg",415,265,false],"thumbnail":["https:\/\/espacoecologico.com.br\/arquivo\/wp-content\/uploads\/2020\/09\/onca-150x150.jpg",150,150,true],"medium":["https:\/\/espacoecologico.com.br\/arquivo\/wp-content\/uploads\/2020\/09\/onca-300x192.jpg",300,192,true],"medium_large":["https:\/\/espacoecologico.com.br\/arquivo\/wp-content\/uploads\/2020\/09\/onca.jpg",415,265,false],"large":["https:\/\/espacoecologico.com.br\/arquivo\/wp-content\/uploads\/2020\/09\/onca.jpg",415,265,false],"1536x1536":["https:\/\/espacoecologico.com.br\/arquivo\/wp-content\/uploads\/2020\/09\/onca.jpg",415,265,false],"2048x2048":["https:\/\/espacoecologico.com.br\/arquivo\/wp-content\/uploads\/2020\/09\/onca.jpg",415,265,false],"cream-magazine-thumbnail-2":["https:\/\/espacoecologico.com.br\/arquivo\/wp-content\/uploads\/2020\/09\/onca.jpg",415,265,false],"cream-magazine-thumbnail-3":["https:\/\/espacoecologico.com.br\/arquivo\/wp-content\/uploads\/2020\/09\/onca.jpg",415,265,false],"cream-magazine-thumbnail-4":["https:\/\/espacoecologico.com.br\/arquivo\/wp-content\/uploads\/2020\/09\/onca.jpg",415,265,false]},"uagb_author_info":{"display_name":"","author_link":"https:\/\/espacoecologico.com.br\/arquivo\/author\/"},"uagb_comment_info":0,"uagb_excerpt":"Ambientalistas est\u00e3o resgatando animais em um santu\u00e1rio ecol\u00f3gico do Pantanal, que est\u00e1 queimando h\u00e1 mais","_links":{"self":[{"href":"https:\/\/espacoecologico.com.br\/arquivo\/wp-json\/wp\/v2\/posts\/133673"}],"collection":[{"href":"https:\/\/espacoecologico.com.br\/arquivo\/wp-json\/wp\/v2\/posts"}],"about":[{"href":"https:\/\/espacoecologico.com.br\/arquivo\/wp-json\/wp\/v2\/types\/post"}],"author":[{"embeddable":true,"href":"https:\/\/espacoecologico.com.br\/arquivo\/wp-json\/wp\/v2\/users\/2"}],"replies":[{"embeddable":true,"href":"https:\/\/espacoecologico.com.br\/arquivo\/wp-json\/wp\/v2\/comments?post=133673"}],"version-history":[{"count":0,"href":"https:\/\/espacoecologico.com.br\/arquivo\/wp-json\/wp\/v2\/posts\/133673\/revisions"}],"wp:featuredmedia":[{"embeddable":true,"href":"https:\/\/espacoecologico.com.br\/arquivo\/wp-json\/wp\/v2\/media\/133674"}],"wp:attachment":[{"href":"https:\/\/espacoecologico.com.br\/arquivo\/wp-json\/wp\/v2\/media?parent=133673"}],"wp:term":[{"taxonomy":"category","embeddable":true,"href":"https:\/\/espacoecologico.com.br\/arquivo\/wp-json\/wp\/v2\/categories?post=133673"},{"taxonomy":"post_tag","embeddable":true,"href":"https:\/\/espacoecologico.com.br\/arquivo\/wp-json\/wp\/v2\/tags?post=133673"}],"curies":[{"name":"wp","href":"https:\/\/api.w.org\/{rel}","templated":true}]}}