{"id":133670,"date":"2020-09-13T08:05:30","date_gmt":"2020-09-13T11:05:30","guid":{"rendered":"https:\/\/espacoecologico.com.br\/arquivo\/?p=133670"},"modified":"2020-09-13T08:05:30","modified_gmt":"2020-09-13T11:05:30","slug":"gatos-podem-comer-racao-de-cachorro-se-tem-necessidades-nutricionais-diferentes","status":"publish","type":"post","link":"https:\/\/espacoecologico.com.br\/arquivo\/gatos-podem-comer-racao-de-cachorro-se-tem-necessidades-nutricionais-diferentes\/","title":{"rendered":"Gatos podem comer ra\u00e7\u00e3o de cachorro se t\u00eam necessidades nutricionais diferentes?"},"content":{"rendered":"<p><a href=\"https:\/\/espacoecologico.com.br\/arquivo\/wp-content\/uploads\/2020\/09\/caes_gatos.jpg\"><img loading=\"lazy\" class=\"alignleft size-medium wp-image-133671\" src=\"https:\/\/espacoecologico.com.br\/arquivo\/wp-content\/uploads\/2020\/09\/caes_gatos-300x192.jpg\" alt=\"\" width=\"300\" height=\"192\" srcset=\"https:\/\/espacoecologico.com.br\/arquivo\/wp-content\/uploads\/2020\/09\/caes_gatos-300x192.jpg 300w, https:\/\/espacoecologico.com.br\/arquivo\/wp-content\/uploads\/2020\/09\/caes_gatos.jpg 415w\" sizes=\"(max-width: 300px) 100vw, 300px\" \/><\/a>Se voc\u00ea possui um gato ou um cachorro de estima\u00e7\u00e3o (e, especialmente, se tem os dois), \u00e9 bem prov\u00e1vel que essa pergunta j\u00e1 tenha passado pela sua cabe\u00e7a. Ainda mais se os bichinhos s\u00e3o curiosos e gostam de xeretar a comida um do outro.<\/p>\n<p>Aqui vai a resposta curta: n\u00e3o, gatos n\u00e3o podem comer ra\u00e7\u00e3o de cachorro. \u00c9 claro que, caso ele experimente a comida vez ou outra, n\u00e3o haver\u00e1 problemas. Mas isso n\u00e3o deve virar h\u00e1bito, ou seu bichano pode acabar com problemas de sa\u00fade.<\/p>\n<p>Apesar de disputarem a aten\u00e7\u00e3o de n\u00f3s, humanos, e morarem sob o mesmo teto, c\u00e3es e gatos t\u00eam necessidades nutricionais bastante diferentes. Gatos s\u00e3o carn\u00edvoros \u2013 precisam de uma dieta \u00e0 base de carne. J\u00e1 os cachorros s\u00e3o on\u00edvoros, ou seja, possuem uma dieta mais flex\u00edvel, que comporta alimentos de origem animal e vegetal.<\/p>\n<p>As ra\u00e7\u00f5es, portanto, s\u00e3o pensadas para suprir as dietas de cada tipo de animal. Caso um gato seja submetido \u00e0 comida de cachorro, ficaria sem diversos nutrientes que seu corpinho felpudo precisaria para funcionar adequadamente \u2013 em especial, a quantidade de prote\u00ednas, que ficaria aqu\u00e9m do necess\u00e1rio.<\/p>\n<p>A veterin\u00e1ria Megan Keller escreveu um\u00a0<a href=\"https:\/\/www.petmd.com\/cat\/nutrition\/can-cats-eat-dog-food\" target=\"_blank\" rel=\"noopener noreferrer\">artigo<\/a>\u00a0sobre o tema para o site PetMD, no qual ela lista algumas dessas subst\u00e2ncias \u2013 e o problema que a falta delas causaria:<\/p>\n<p><strong>Taurina<\/strong>: o amino\u00e1cido que voc\u00ea encontra em energ\u00e9ticos \u00e9 importante para\u00a0<a href=\"https:\/\/super.abril.com.br\/blog\/oraculo\/de-onde-a-industria-de-energeticos-obtem-taurina\/\" target=\"_blank\" rel=\"noopener noreferrer\">fun\u00e7\u00f5es cardiovasculares, musculares, neurol\u00f3gicas e visuais<\/a>\u00a0dos gatos. Mas, ao contr\u00e1rio dos humanos, que a produzem no p\u00e2ncreas, os felinos precisam ingeri-la \u2013 \u00e9 por isso que suas ra\u00e7\u00f5es cont\u00eam uma vers\u00e3o sint\u00e9tica da subst\u00e2ncia. A falta de taurina pode provocar problemas no cora\u00e7\u00e3o, nos olhos e na digest\u00e3o.<\/p>\n<p><strong>\u00c1cido araquid\u00f4nico<\/strong>: os gatos tamb\u00e9m n\u00e3o produzem esse \u00e1cido graxo, cuja falta pode causar problemas de pele, nos rins e no f\u00edgado. A subst\u00e2ncia raramente aparece em ra\u00e7\u00f5es de cachorro, j\u00e1 que os melhores amigos do homem conseguem produzi-la.<\/p>\n<p><strong>Vitamina A<\/strong>: ajuda na vis\u00e3o e no sistema imunol\u00f3gico, al\u00e9m de combater radicais livres. Ela at\u00e9 est\u00e1 presente na comida de cachorro \u2013 mas em quantidades insuficientes para os gatos. A falta dela pode provocar fraqueza (e deteriora\u00e7\u00e3o) muscular e a chamada cegueira noturna (maior dificuldade em enxergar \u00e0 noite).<\/p>\n<p><strong>Niacina<\/strong>: \u00e9 o outro nome para a Vitamina B3, que ajuda no funcionamento do sistema digestivo, na produ\u00e7\u00e3o de col\u00e1geno, dentre outras fun\u00e7\u00f5es. Ela pode ser obtida em carnes magras e cereais integrais.<\/p>\n<div class=\"block related-posts\"><\/div>\n","protected":false},"excerpt":{"rendered":"<p>Se voc\u00ea possui um gato ou um cachorro de estima\u00e7\u00e3o (e, especialmente, se tem os<\/p>\n","protected":false},"author":2,"featured_media":133671,"comment_status":"open","ping_status":"open","sticky":false,"template":"","format":"standard","meta":[],"categories":[],"tags":[],"uagb_featured_image_src":{"full":["https:\/\/espacoecologico.com.br\/arquivo\/wp-content\/uploads\/2020\/09\/caes_gatos.jpg",415,265,false],"thumbnail":["https:\/\/espacoecologico.com.br\/arquivo\/wp-content\/uploads\/2020\/09\/caes_gatos-150x150.jpg",150,150,true],"medium":["https:\/\/espacoecologico.com.br\/arquivo\/wp-content\/uploads\/2020\/09\/caes_gatos-300x192.jpg",300,192,true],"medium_large":["https:\/\/espacoecologico.com.br\/arquivo\/wp-content\/uploads\/2020\/09\/caes_gatos.jpg",415,265,false],"large":["https:\/\/espacoecologico.com.br\/arquivo\/wp-content\/uploads\/2020\/09\/caes_gatos.jpg",415,265,false],"1536x1536":["https:\/\/espacoecologico.com.br\/arquivo\/wp-content\/uploads\/2020\/09\/caes_gatos.jpg",415,265,false],"2048x2048":["https:\/\/espacoecologico.com.br\/arquivo\/wp-content\/uploads\/2020\/09\/caes_gatos.jpg",415,265,false],"cream-magazine-thumbnail-2":["https:\/\/espacoecologico.com.br\/arquivo\/wp-content\/uploads\/2020\/09\/caes_gatos.jpg",415,265,false],"cream-magazine-thumbnail-3":["https:\/\/espacoecologico.com.br\/arquivo\/wp-content\/uploads\/2020\/09\/caes_gatos.jpg",415,265,false],"cream-magazine-thumbnail-4":["https:\/\/espacoecologico.com.br\/arquivo\/wp-content\/uploads\/2020\/09\/caes_gatos.jpg",415,265,false]},"uagb_author_info":{"display_name":"","author_link":"https:\/\/espacoecologico.com.br\/arquivo\/author\/"},"uagb_comment_info":0,"uagb_excerpt":"Se voc\u00ea possui um gato ou um cachorro de estima\u00e7\u00e3o (e, especialmente, se tem os","_links":{"self":[{"href":"https:\/\/espacoecologico.com.br\/arquivo\/wp-json\/wp\/v2\/posts\/133670"}],"collection":[{"href":"https:\/\/espacoecologico.com.br\/arquivo\/wp-json\/wp\/v2\/posts"}],"about":[{"href":"https:\/\/espacoecologico.com.br\/arquivo\/wp-json\/wp\/v2\/types\/post"}],"author":[{"embeddable":true,"href":"https:\/\/espacoecologico.com.br\/arquivo\/wp-json\/wp\/v2\/users\/2"}],"replies":[{"embeddable":true,"href":"https:\/\/espacoecologico.com.br\/arquivo\/wp-json\/wp\/v2\/comments?post=133670"}],"version-history":[{"count":0,"href":"https:\/\/espacoecologico.com.br\/arquivo\/wp-json\/wp\/v2\/posts\/133670\/revisions"}],"wp:featuredmedia":[{"embeddable":true,"href":"https:\/\/espacoecologico.com.br\/arquivo\/wp-json\/wp\/v2\/media\/133671"}],"wp:attachment":[{"href":"https:\/\/espacoecologico.com.br\/arquivo\/wp-json\/wp\/v2\/media?parent=133670"}],"wp:term":[{"taxonomy":"category","embeddable":true,"href":"https:\/\/espacoecologico.com.br\/arquivo\/wp-json\/wp\/v2\/categories?post=133670"},{"taxonomy":"post_tag","embeddable":true,"href":"https:\/\/espacoecologico.com.br\/arquivo\/wp-json\/wp\/v2\/tags?post=133670"}],"curies":[{"name":"wp","href":"https:\/\/api.w.org\/{rel}","templated":true}]}}