{"id":132459,"date":"2020-08-22T08:38:34","date_gmt":"2020-08-22T11:38:34","guid":{"rendered":"https:\/\/espacoecologico.com.br\/arquivo\/?p=132459"},"modified":"2020-08-22T08:38:34","modified_gmt":"2020-08-22T11:38:34","slug":"explosao-de-estrela-distante-pode-ter-desencadeado-extincao-em-massa-na-terra","status":"publish","type":"post","link":"https:\/\/espacoecologico.com.br\/arquivo\/explosao-de-estrela-distante-pode-ter-desencadeado-extincao-em-massa-na-terra\/","title":{"rendered":"Explos\u00e3o de estrela distante pode ter desencadeado extin\u00e7\u00e3o em massa na Terra"},"content":{"rendered":"<p><a href=\"https:\/\/espacoecologico.com.br\/arquivo\/wp-content\/uploads\/2020\/08\/estrela-2.jpg\"><img loading=\"lazy\" class=\"alignleft size-medium wp-image-132460\" src=\"https:\/\/espacoecologico.com.br\/arquivo\/wp-content\/uploads\/2020\/08\/estrela-2-300x192.jpg\" alt=\"\" width=\"300\" height=\"192\" srcset=\"https:\/\/espacoecologico.com.br\/arquivo\/wp-content\/uploads\/2020\/08\/estrela-2-300x192.jpg 300w, https:\/\/espacoecologico.com.br\/arquivo\/wp-content\/uploads\/2020\/08\/estrela-2.jpg 415w\" sizes=\"(max-width: 300px) 100vw, 300px\" \/><\/a>Ao longo da hist\u00f3ria da Terra, cinco eventos de extin\u00e7\u00e3o em massa eliminaram, em um curto espa\u00e7o de tempo, a maioria de todos os seres vivos que existiam no planeta \u2013 abrindo espa\u00e7o para novas esp\u00e9cies evolu\u00edrem e ocuparem os nichos ecol\u00f3gicos esvaziados.<\/p>\n<p>Destes eventos, o mais conhecido ocorreu h\u00e1 65 milh\u00f5es de anos, quando a colis\u00e3o de um asteroide de 10 km de di\u00e2metro com a Terra extinguiu mais de 70% das esp\u00e9cies existentes \u2013 entre elas, todos os dinossauros n\u00e3o-avi\u00e1rios.<\/p>\n<p>Outro, bem menos conhecido, aconteceu h\u00e1 359 milh\u00f5es de anos, em um per\u00edodo chamado Devoniano Superior. Mas, neste caso, ningu\u00e9m sabe ao certo o que causou a matan\u00e7a em massa. Agora, uma nova pesquisa identificou uma in\u00e9dita (e intrigante) suspeita: a explos\u00e3o de uma estrela muito distante da Terra.<\/p>\n<p>Extin\u00e7\u00f5es em massa geralmente s\u00e3o desencadeadas por desastres naturais, como vulcanismo, mudan\u00e7as clim\u00e1ticas ou colis\u00e3o com corpos celestes. O resultado desses eventos \u00e9 uma Terra menos prop\u00edcia para vida (com temperatura m\u00e9dia ou concentra\u00e7\u00e3o de oxig\u00eanio na atmosfera muito an\u00f4malos, por exemplo). A extin\u00e7\u00e3o de uma \u00fanica planta, animal ou fungo \u00e9 capaz de desequilibrar cadeias alimentares inteiras e mergulhar ecossistemas no caos.<\/p>\n<p>Por causa disso, a maioria das esp\u00e9cies n\u00e3o aguenta o tranco e desaparece completamente em um per\u00edodo de dezenas ou centenas de milhares de anos \u2013 o que, na escala geol\u00f3gica, \u00e9 muito pouco.<\/p>\n<p>Os motivos por tr\u00e1s da extin\u00e7\u00e3o do Devoniano Superior n\u00e3o s\u00e3o claros. O que se sabe \u00e9 que entre 70 a 80% de toda a vida foi extinta, sendo que as esp\u00e9cies marinhas foram especialmente afetadas. H\u00e1 quem teorize que impactos de asteroides, uma era de glacia\u00e7\u00e3o e outros fatores possam ter agido em conjunto para causar o fen\u00f4meno. Mas uma nova pesquisa sugere que uma supernova \u2013 isto \u00e9, a explos\u00e3o de uma estrela de grande massa, que esgotou todo seu combust\u00edvel \u2013 possa ser a respons\u00e1vel pela trag\u00e9dia.<\/p>\n<p>Rochas do fim do Devoniano e in\u00edcio do per\u00edodo seguinte, o Carbon\u00edfero, sugerem uma alta incid\u00eancia de raios ultravioletas emitidos pelo Sol alcan\u00e7ando a superf\u00edcie terrestre. Isso, em conjunto com outras evid\u00eancias, indica que, na \u00e9poca, houve um enfraquecimento not\u00e1vel da camada de oz\u00f4nio do nosso planeta.<\/p>\n<p>A camada, voc\u00ea j\u00e1 sabe, \u00e9 uma esp\u00e9cie de \u201cmanto\u201d formado por mol\u00e9culas de O<sub>3<\/sub>\u00a0\u2013 que nos protege da maior parte da radia\u00e7\u00e3o eletromagn\u00e9tica nociva que nossa estrela emite, tornando a Terra um lugar amig\u00e1vel \u00e0 vida. Tudo indica que, sem esse escudo, a vida pereceu \u00e0 radia\u00e7\u00e3o solar no fim do Denoviano.<\/p>\n<p>Mas por que a camada de oz\u00f4nio \u201cfurou\u201d? (Afinal, o ser humano nem estava por aqui para poluir a atmosfera com CFC.) \u00c9 a\u00ed que entra a supernova. Cientistas da Universidade de Illinois em Urbana-Champaign levantaram a hip\u00f3tese de que a radia\u00e7\u00e3o intensa e a enorme quantidade de mat\u00e9ria liberados durante o colapso violento de uma estrela moribunda podem ter algo a ver com a hist\u00f3ria.<\/p>\n<p>Segundo os autores, uma supernova (ou v\u00e1rias delas) que ocorreu a 65 anos-luz da Terra pode ter sido respons\u00e1vel por destruir parte da nossa camada de oz\u00f4nio e deixado o planeta vulner\u00e1vel \u00e0 radia\u00e7\u00e3o. \u00c9 a primeira vez que cientistas sugerem que a morte de uma estrela possa ter tido influ\u00eancia direta na vida na Terra, especialmente em um evento de extin\u00e7\u00e3o em massa.<\/p>\n<p>H\u00e1 bons motivos, por\u00e9m, para acreditar no potencial dessas trag\u00e9dias c\u00f3smicas em afetar as nossas vidas. Sabemos, gra\u00e7as a c\u00e1lculos consensuais entre os astrof\u00edsicos, que se uma estrela muito pr\u00f3xima de n\u00f3s explodir, estamos mortos \u2013 e, por \u201cmuito pr\u00f3ximo\u201d, leia-se 25 anos-luz, o per\u00edmetro de seguran\u00e7a m\u00ednimo em torno de uma supernova.<\/p>\n<p>A dist\u00e2ncia calculada pelos cientistas a supernova de 359 milh\u00f5es de anos atr\u00e1s est\u00e1 al\u00e9m desse n\u00famero. Mas isso n\u00e3o \u00e9 um impedimento. Mesmo que o\u00a0<em>boom<\/em>\u00a0n\u00e3o fosse capaz de dizimar a vida na Terra por conta pr\u00f3pria, uma supernova dessas traria radia\u00e7\u00e3o o suficiente para danificar a camada de oz\u00f4nio, tornando o planeta vulner\u00e1vel. O estudo foi publicado no peri\u00f3dico\u00a0<em><a href=\"https:\/\/www.pnas.org\/content\/early\/2020\/08\/17\/2013774117\">Proceedings of the National Academy of Sciences<\/a>.<\/em><\/p>\n<p>\u201cCat\u00e1strofes com origem na Terra, como vulcanismo de grande escala ou aquecimento global, tamb\u00e9m podem destruir a camada de oz\u00f4nio, mas n\u00e3o h\u00e1 evid\u00eancias conclusivas para o acontecimento desses fen\u00f4menos no intervalo de tempo em quest\u00e3o\u201d, explicou\u00a0<a href=\"https:\/\/news.illinois.edu\/view\/6367\/750171228\">em comunicado<\/a>\u00a0Brian Fields, autor do estudo.<\/p>\n","protected":false},"excerpt":{"rendered":"<p>Ao longo da hist\u00f3ria da Terra, cinco eventos de extin\u00e7\u00e3o em massa eliminaram, em um<\/p>\n","protected":false},"author":2,"featured_media":132460,"comment_status":"open","ping_status":"open","sticky":false,"template":"","format":"standard","meta":[],"categories":[],"tags":[],"uagb_featured_image_src":{"full":["https:\/\/espacoecologico.com.br\/arquivo\/wp-content\/uploads\/2020\/08\/estrela-2.jpg",415,265,false],"thumbnail":["https:\/\/espacoecologico.com.br\/arquivo\/wp-content\/uploads\/2020\/08\/estrela-2-150x150.jpg",150,150,true],"medium":["https:\/\/espacoecologico.com.br\/arquivo\/wp-content\/uploads\/2020\/08\/estrela-2-300x192.jpg",300,192,true],"medium_large":["https:\/\/espacoecologico.com.br\/arquivo\/wp-content\/uploads\/2020\/08\/estrela-2.jpg",415,265,false],"large":["https:\/\/espacoecologico.com.br\/arquivo\/wp-content\/uploads\/2020\/08\/estrela-2.jpg",415,265,false],"1536x1536":["https:\/\/espacoecologico.com.br\/arquivo\/wp-content\/uploads\/2020\/08\/estrela-2.jpg",415,265,false],"2048x2048":["https:\/\/espacoecologico.com.br\/arquivo\/wp-content\/uploads\/2020\/08\/estrela-2.jpg",415,265,false],"cream-magazine-thumbnail-2":["https:\/\/espacoecologico.com.br\/arquivo\/wp-content\/uploads\/2020\/08\/estrela-2.jpg",415,265,false],"cream-magazine-thumbnail-3":["https:\/\/espacoecologico.com.br\/arquivo\/wp-content\/uploads\/2020\/08\/estrela-2.jpg",415,265,false],"cream-magazine-thumbnail-4":["https:\/\/espacoecologico.com.br\/arquivo\/wp-content\/uploads\/2020\/08\/estrela-2.jpg",415,265,false]},"uagb_author_info":{"display_name":"","author_link":"https:\/\/espacoecologico.com.br\/arquivo\/author\/"},"uagb_comment_info":0,"uagb_excerpt":"Ao longo da hist\u00f3ria da Terra, cinco eventos de extin\u00e7\u00e3o em massa eliminaram, em um","_links":{"self":[{"href":"https:\/\/espacoecologico.com.br\/arquivo\/wp-json\/wp\/v2\/posts\/132459"}],"collection":[{"href":"https:\/\/espacoecologico.com.br\/arquivo\/wp-json\/wp\/v2\/posts"}],"about":[{"href":"https:\/\/espacoecologico.com.br\/arquivo\/wp-json\/wp\/v2\/types\/post"}],"author":[{"embeddable":true,"href":"https:\/\/espacoecologico.com.br\/arquivo\/wp-json\/wp\/v2\/users\/2"}],"replies":[{"embeddable":true,"href":"https:\/\/espacoecologico.com.br\/arquivo\/wp-json\/wp\/v2\/comments?post=132459"}],"version-history":[{"count":0,"href":"https:\/\/espacoecologico.com.br\/arquivo\/wp-json\/wp\/v2\/posts\/132459\/revisions"}],"wp:featuredmedia":[{"embeddable":true,"href":"https:\/\/espacoecologico.com.br\/arquivo\/wp-json\/wp\/v2\/media\/132460"}],"wp:attachment":[{"href":"https:\/\/espacoecologico.com.br\/arquivo\/wp-json\/wp\/v2\/media?parent=132459"}],"wp:term":[{"taxonomy":"category","embeddable":true,"href":"https:\/\/espacoecologico.com.br\/arquivo\/wp-json\/wp\/v2\/categories?post=132459"},{"taxonomy":"post_tag","embeddable":true,"href":"https:\/\/espacoecologico.com.br\/arquivo\/wp-json\/wp\/v2\/tags?post=132459"}],"curies":[{"name":"wp","href":"https:\/\/api.w.org\/{rel}","templated":true}]}}