{"id":132453,"date":"2020-08-21T14:00:49","date_gmt":"2020-08-21T17:00:49","guid":{"rendered":"https:\/\/espacoecologico.com.br\/arquivo\/?p=132453"},"modified":"2020-08-21T16:32:20","modified_gmt":"2020-08-21T19:32:20","slug":"uva-preta-tem-resveratrol-saiba-mais-sobre-a-substancia-e-todos-seus-beneficios","status":"publish","type":"post","link":"https:\/\/espacoecologico.com.br\/arquivo\/uva-preta-tem-resveratrol-saiba-mais-sobre-a-substancia-e-todos-seus-beneficios\/","title":{"rendered":"Uva preta tem resveratrol; saiba mais sobre a subst\u00e2ncia e todos seus benef\u00edcios"},"content":{"rendered":"<blockquote><p><a href=\"https:\/\/espacoecologico.com.br\/arquivo\/wp-content\/uploads\/2020\/08\/uva.jpg\"><img loading=\"lazy\" class=\"alignleft size-medium wp-image-132454\" src=\"https:\/\/espacoecologico.com.br\/arquivo\/wp-content\/uploads\/2020\/08\/uva-300x192.jpg\" alt=\"\" width=\"300\" height=\"192\" srcset=\"https:\/\/espacoecologico.com.br\/arquivo\/wp-content\/uploads\/2020\/08\/uva-300x192.jpg 300w, https:\/\/espacoecologico.com.br\/arquivo\/wp-content\/uploads\/2020\/08\/uva.jpg 415w\" sizes=\"(max-width: 300px) 100vw, 300px\" \/><\/a>A uva preta que produz o suco de uva integral e o vinho tinto faz bem ao cora\u00e7\u00e3o. A uva \u00e9 fonte de carboidratos, importantes para o fornecimento de energia para o corpo. Cont\u00e9m vitamina C, vitaminas do complexo B e sais minerais como ferro, c\u00e1lcio e pot\u00e1ssio. A uva, principalmente as escuras, possui a\u00e7\u00e3o antioxidante, ou seja, combate os radicais livres e tamb\u00e9m \u00e9 anticancer\u00edgena. A casca da uva rosada possui uma subst\u00e2ncia cardioprotetora chamada resveratrol, que ajuda no controle do colesterol, na diminui\u00e7\u00e3o da forma\u00e7\u00e3o de co\u00e1gulos sangu\u00edneos e na preven\u00e7\u00e3o da trombose. O suco de uva integral \u00e9 cal\u00f3rico, por isso deve ser utilizado com modera\u00e7\u00e3o no m\u00e1ximo 200 ml por dia. O vinho tem \u00e1lcool e deve ser consumido tamb\u00e9m com modera\u00e7\u00e3o: uma ta\u00e7a por dia. Quem optar em consumir a fruta: m\u00e1ximo 10 uvas por dia. Quem est\u00e1 em processo de emagrecimento n\u00e3o \u00e9 recomendado tomar \u00e1lcool, como j\u00e1 tratamos aqui na coluna.<\/p><\/blockquote>\n<p><strong>Benef\u00edcios do Resveratrol:<\/strong><\/p>\n<p>Melhora a apar\u00eancia da pele (envelhecimento precoce)<\/p>\n<p>Ajuda a purificar e desintoxicar o organismo, al\u00e9m de combater inflama\u00e7\u00f5es<\/p>\n<p>Proteger o organismo contra doen\u00e7as cardiovasculares<\/p>\n<p>Ajudar a reduzir o colesterol LDL<\/p>\n<p><strong>Aten\u00e7\u00e3o:<\/strong><\/p>\n<p>O excesso de resveratrol pode causar diarreias, n\u00e1useas e v\u00f4mitos. O resveratrol em c\u00e1psulas ou manipulado deve ser consumido com orienta\u00e7\u00e3o m\u00e9dica, em especial por gr\u00e1vidas, durante a amamenta\u00e7\u00e3o ou por crian\u00e7as.<\/p>\n<p>Busque a sua melhor vers\u00e3o!<\/p>\n<p><strong>P\u00edlulas<\/strong><\/p>\n<p><strong>Autismo &#8211;\u00a0<\/strong>Instituto do Autismo \u00e9 o novo empreendimento do Instituto do Movimento de Kadu Lins. Novos colaboradores est\u00e3o sendo selecionados: fonoterapeuta, psic\u00f3logos, terapeutas ocupacionais, nutricionistas, todos precisam ter especializa\u00e7\u00e3o em atendimento aos portadores de Autismo. Informa\u00e7\u00f5es:\u00a0marketing@institutodomovimento.com<\/p>\n<p><strong>Colesterol e Sa\u00fade Ocular &#8211;<\/strong>\u00a0No Dia Nacional de Combate ao Colesterol, comemorado no \u00faltimo s\u00e1bado (08), a oftalmologista Luciana Valen\u00e7a, do Instituto de Olhos do Recife, fez uma alerta sobre a import\u00e2ncia de controlar o colesterol alto no sangue, para evitar danos irrevers\u00edveis na vis\u00e3o. Al\u00e9m de piorar condi\u00e7\u00f5es relacionadas a diabetes e hipertens\u00e3o, o colesterol elevado, do tipo LDL, pode agravar doen\u00e7as retinianas e gerar oclus\u00f5es de veias ou art\u00e9rias, causando perda visual muitas vezes severa. Outras consequ\u00eancias negativas podem ser o aparecimento de manchas de cor amarelada nas p\u00e1lpebras, chamadas de xantelasmas, bem como o arco senil, que consiste na descolora\u00e7\u00e3o branca ou cinzenta da c\u00f3rnea perif\u00e9rica. Tamb\u00e9m pode ocorrer a deposi\u00e7\u00e3o de cristais de colesterol no v\u00edtreo, condi\u00e7\u00e3o denominada de s\u00ednquise cintilante. Medidas de controle, como uma alimenta\u00e7\u00e3o balanceada e a pr\u00e1tica regular de exerc\u00edcios f\u00edsicos, devem aliar-se ao acompanhamento peri\u00f3dico com o oftalmologista.<\/p>\n<p><strong>Mamografia &#8211;<\/strong>\u00a0O Portal Sul Cons\u00f3rcio retomou os atendimentos com a Unidade M\u00f3vel de Mamografia nos munic\u00edpios de Rio Formoso, S\u00e3o Jos\u00e9 da Coroa Grande, Sirinha\u00e9m e Tamandar\u00e9. As marca\u00e7\u00f5es dos exames de mamografia bilateral para rastreamento acontecem nas Secretarias Municipais de Sa\u00fade. Uma vez por m\u00eas a Unidade M\u00f3vel estaciona nos munic\u00edpios consorciados para realizar 50 exames\/dia, das 8h \u00e0s 15h. O servi\u00e7o de diagn\u00f3stico por imagem de mamografia m\u00f3vel digital \u00e9 realizado em parceria com o Portal Sul Cons\u00f3rcio atrav\u00e9s do Programa Portal Sa\u00fade (NiS) e da empresa Central da Mama.<\/p>\n<p><strong>Imunidade &#8211;\u00a0<\/strong>Nos \u00faltimos quatro meses cresceu a procura por medicamentos que aumentam a imunidade devido \u00e0 pandemia do Coronav\u00edrus. O medo de adoecer levou as pessoas a refor\u00e7arem o uso de multivitam\u00ednicos, al\u00e9m das vitaminas C, D, E, Zinco e Sel\u00eanio. Houve um incremento superior a 200% na produ\u00e7\u00e3o desses produtos, segundo dados da Pharmapele. De acordo com Fab\u00edola Lima, Farmac\u00eautica e Nutricionista da Pharmapele, refor\u00e7ar a imunidade n\u00e3o impede o cont\u00e1gio e tamb\u00e9m n\u00e3o cura a doen\u00e7a, mas auxilia o sistema imunol\u00f3gico a estar forte para enfrentar o v\u00edrus. \u201cDiante desse cen\u00e1rio, as vendas de medicamentos e vitaminas que ajudam no fortalecimento da imunidade v\u00eam sinalizando um aumento consider\u00e1vel ao longo da pandemia. A melhora da imunidade foi a principal justificativa para o aumento do consumo de multivitam\u00ednicos, desde o in\u00edcio da pandemia\u201d, frisou.<\/p>\n<div class=\"dn_imagemComLegenda full\"><img loading=\"lazy\" class=\"\" src=\"https:\/\/cdn.folhape.com.br\/upload\/dn_arquivo\/2020\/08\/oftalmologista-adriana-gois-foto-divulgacao.jpg\" alt=\"Oftalomologista Adriana Gois\" width=\"644\" height=\"965\" \/>OOftalmologista Adriana Gois (Foto: Divulga\u00e7\u00e3o)<\/div>\n<div><\/div>\n<div class=\"dn_imagemComLegenda full\"><strong>Palavra do Especialista<\/strong><\/div>\n<p>Estresse e doen\u00e7as oculares: aumento do horm\u00f4nio cortisol pode levar a perda parcial da vis\u00e3o<\/p>\n<p>\u201cA Serosa Central tem cura na grande maioria dos casos\u201d \u2013 Oftalmologista Adriana Gois<\/p>\n<p>Emo\u00e7\u00f5es s\u00e3o fatores importantes para todas as doen\u00e7as que atingem o corpo humano. Os estressores, sejam eles externos ou internos, estimulam in\u00fameras rea\u00e7\u00f5es do sistema neuroend\u00f3crino, que responde promovendo baixas ao sistema imunol\u00f3gico. Nesse contexto, a Coroidopatia Central Serosa, tamb\u00e9m chamada de Retinopatia Serosa Central ou apenas Central Serosa, \u00e9 uma das patologias mais comuns. Pacientes comumente afetados, entre 25 a 50 anos, queixam-se de perdas parciais da vis\u00e3o, mediante a uma mancha escura no centro do olho. Por meio do aumento de um horm\u00f4nio chamado cortisol, produzido em situa\u00e7\u00f5es de esgotamento f\u00edsico e\/ou mental, a doen\u00e7a provoca um descolamento na regi\u00e3o da retina, causado por um tipo de vazamento de l\u00edquido oriundo dos vasos sangu\u00edneos. O resultado disso \u00e9 o surgimento de um bols\u00e3o de l\u00edquido respons\u00e1vel por elevar as camadas da retina e provocar o deslocamento do foco da regi\u00e3o central do olho, local onde est\u00e1 localizada a m\u00e1cula. A Serosa Central tem cura, na grande maioria dos casos, ademais, trata-se de uma anomalia que desaparece sem deixar sequelas no paciente. Seu diagn\u00f3stico pode ser feito atrav\u00e9s de exames espec\u00edficos e existem algumas modalidades de tratamento, a depender do caso.<\/p>\n<p>Adriana Gois \u00e9 oftalmologista do Hospital de Olhos de Pernambuco<br \/>\nCRM\/PE: CRM 17829<br \/>\n<strong><a href=\"https:\/\/instagram.com\/hopereferencia\" target=\"_blank\" rel=\"noopener noreferrer\">@hopereferencia<\/a><\/strong><\/p>\n<p>Rafael Coelho (M\u00e9dico \u2013 CRM\/PE: 23.943)<br \/>\nSite:\u00a0<a href=\"https:\/\/www.rafaelcoelho.med.br\/\" target=\"_blank\" rel=\"noopener noreferrer\">https:\/\/www.rafaelcoelho.med.br\/<\/a><br \/>\nInstagram:\u00a0<a href=\"https:\/\/instagram.com\/drrafaelcoelho\" target=\"_blank\" rel=\"noopener noreferrer\">@drrafaelcoelho<\/a><\/p>\n","protected":false},"excerpt":{"rendered":"<p>A uva preta que produz o suco de uva integral e o vinho tinto faz<\/p>\n","protected":false},"author":2,"featured_media":132454,"comment_status":"open","ping_status":"open","sticky":false,"template":"","format":"standard","meta":[],"categories":[],"tags":[],"uagb_featured_image_src":{"full":["https:\/\/espacoecologico.com.br\/arquivo\/wp-content\/uploads\/2020\/08\/uva.jpg",415,265,false],"thumbnail":["https:\/\/espacoecologico.com.br\/arquivo\/wp-content\/uploads\/2020\/08\/uva-150x150.jpg",150,150,true],"medium":["https:\/\/espacoecologico.com.br\/arquivo\/wp-content\/uploads\/2020\/08\/uva-300x192.jpg",300,192,true],"medium_large":["https:\/\/espacoecologico.com.br\/arquivo\/wp-content\/uploads\/2020\/08\/uva.jpg",415,265,false],"large":["https:\/\/espacoecologico.com.br\/arquivo\/wp-content\/uploads\/2020\/08\/uva.jpg",415,265,false],"1536x1536":["https:\/\/espacoecologico.com.br\/arquivo\/wp-content\/uploads\/2020\/08\/uva.jpg",415,265,false],"2048x2048":["https:\/\/espacoecologico.com.br\/arquivo\/wp-content\/uploads\/2020\/08\/uva.jpg",415,265,false],"cream-magazine-thumbnail-2":["https:\/\/espacoecologico.com.br\/arquivo\/wp-content\/uploads\/2020\/08\/uva.jpg",415,265,false],"cream-magazine-thumbnail-3":["https:\/\/espacoecologico.com.br\/arquivo\/wp-content\/uploads\/2020\/08\/uva.jpg",415,265,false],"cream-magazine-thumbnail-4":["https:\/\/espacoecologico.com.br\/arquivo\/wp-content\/uploads\/2020\/08\/uva.jpg",415,265,false]},"uagb_author_info":{"display_name":"","author_link":"https:\/\/espacoecologico.com.br\/arquivo\/author\/"},"uagb_comment_info":0,"uagb_excerpt":"A uva preta que produz o suco de uva integral e o vinho tinto faz","_links":{"self":[{"href":"https:\/\/espacoecologico.com.br\/arquivo\/wp-json\/wp\/v2\/posts\/132453"}],"collection":[{"href":"https:\/\/espacoecologico.com.br\/arquivo\/wp-json\/wp\/v2\/posts"}],"about":[{"href":"https:\/\/espacoecologico.com.br\/arquivo\/wp-json\/wp\/v2\/types\/post"}],"author":[{"embeddable":true,"href":"https:\/\/espacoecologico.com.br\/arquivo\/wp-json\/wp\/v2\/users\/2"}],"replies":[{"embeddable":true,"href":"https:\/\/espacoecologico.com.br\/arquivo\/wp-json\/wp\/v2\/comments?post=132453"}],"version-history":[{"count":0,"href":"https:\/\/espacoecologico.com.br\/arquivo\/wp-json\/wp\/v2\/posts\/132453\/revisions"}],"wp:featuredmedia":[{"embeddable":true,"href":"https:\/\/espacoecologico.com.br\/arquivo\/wp-json\/wp\/v2\/media\/132454"}],"wp:attachment":[{"href":"https:\/\/espacoecologico.com.br\/arquivo\/wp-json\/wp\/v2\/media?parent=132453"}],"wp:term":[{"taxonomy":"category","embeddable":true,"href":"https:\/\/espacoecologico.com.br\/arquivo\/wp-json\/wp\/v2\/categories?post=132453"},{"taxonomy":"post_tag","embeddable":true,"href":"https:\/\/espacoecologico.com.br\/arquivo\/wp-json\/wp\/v2\/tags?post=132453"}],"curies":[{"name":"wp","href":"https:\/\/api.w.org\/{rel}","templated":true}]}}