{"id":132449,"date":"2020-08-21T13:30:59","date_gmt":"2020-08-21T16:30:59","guid":{"rendered":"https:\/\/espacoecologico.com.br\/arquivo\/?p=132449"},"modified":"2020-08-21T08:45:50","modified_gmt":"2020-08-21T11:45:50","slug":"aprenda-como-perder-ate-8kg-em-um-mes-com-o-poderoso-suco-rosa","status":"publish","type":"post","link":"https:\/\/espacoecologico.com.br\/arquivo\/aprenda-como-perder-ate-8kg-em-um-mes-com-o-poderoso-suco-rosa\/","title":{"rendered":"Aprenda como perder at\u00e9 8kg em um m\u00eas com o poderoso suco rosa"},"content":{"rendered":"<header class=\"single-header\">\n<section class=\"ads-news ads-inline ads-news-single picture--ads ads-single-content\">\n<div id=\"paszonecont_388901\" class=\"paszone_container paszone-container-388901   \">\n<div id=\"388901\" class=\"wppaszone paszone-388901 \">\n<div class=\"wppasrotate   paszoneholder-388901\">\n<div class=\"pasli pasli-550579 \" data-duration=\"5000\"><a href=\"https:\/\/espacoecologico.com.br\/arquivo\/wp-content\/uploads\/2020\/08\/suco_rosa.jpg\"><img loading=\"lazy\" class=\"alignleft size-medium wp-image-132450\" src=\"https:\/\/espacoecologico.com.br\/arquivo\/wp-content\/uploads\/2020\/08\/suco_rosa-300x192.jpg\" alt=\"\" width=\"300\" height=\"192\" srcset=\"https:\/\/espacoecologico.com.br\/arquivo\/wp-content\/uploads\/2020\/08\/suco_rosa-300x192.jpg 300w, https:\/\/espacoecologico.com.br\/arquivo\/wp-content\/uploads\/2020\/08\/suco_rosa.jpg 415w\" sizes=\"(max-width: 300px) 100vw, 300px\" \/><\/a>Quem n\u00e3o quer se livrar dos quilinhos extras e arrasar por a\u00ed, n\u00e3o \u00e9 mesmo? A nutricionista Greice Caroline Baggio elaborou um card\u00e1pio que vai ajudar nessa miss\u00e3o. Esse plano alimentar cont\u00e9m carboidratos e prote\u00ednas balanceadas, al\u00e9m da estrela do momento: o poderoso suco rosa.<\/div>\n<\/div>\n<\/div>\n<\/div>\n<\/section>\n<\/header>\n<section class=\"entry-content\">A dieta indicada pela profissional \u00e9 de sete dias, ou seja, estabelece direitinho o que voc\u00ea deve consumir em uma semana para sentir efeitos maravilhosos no corpo. Aten\u00e7\u00e3o: vale ter o aval do seu nutricionista antes de embarcar em qualquer nova restri\u00e7\u00e3o alimentar.<\/p>\n<p><strong>Segunda-feira<\/strong><\/p>\n<div data-automation-section-type=\"mediaSection\">\n<div class=\"pb-media-viewer\">\n<div class=\"viewport-monitor\">\n<div class=\"media-container-wrapper\">\n<div class=\"media-container\">\n<div class=\"pb-image-viewer show-overlay in-view\" aria-label=\"\">\n<div class=\"viewport-monitor\"><img loading=\"lazy\" class=\"img-responsive full-width aligncenter\" src=\"https:\/\/i0.wp.com\/img.playbuzz.com\/image\/upload\/q_auto:good,f_auto,fl_lossy,w_640,c_limit,e_sharpen\/v1536753663\/urjjqgzcxx4umvu33m5v.jpg?ssl=1\" alt=\"Caf\u00e9 da manh\u00e3 \u2022 1 fatia de p\u00e3o integral torrado com 1 colher (sopa) rasa de requeij\u00e3o light \u2022 1 copo (200ml) de suco rosa feito com 1 colher (sopa) de linha\u00e7a, 1 copo (200ml) de \u00e1gua de coco, 6 morangos, 1 folha de alface, suco de 1 lim\u00e3o, 1 talo de sals\u00e3o, 1\/2 beterraba, raspas de gengibre e ado\u00e7ante diet\u00e9tico com modera\u00e7\u00e3o Lanche da manh\u00e3 \u2022 1 colher (sopa) de am\u00eandoas \u2022 1 pote (170g) de iogurte probi\u00f3tico Almo\u00e7o \u2022 Salada de alface, r\u00facula, tomate e pepino \u00e0 vontade temperada com 1 colher (sobremesa) de azeite de oliva extravirgem e vinagre bals\u00e2mico de ma\u00e7\u00e3 \u2022 3 colheres (sopa) de arroz integral \u2022 1 concha de gr\u00e3o-de-bico cozido \u2022 1 posta de peixe grelhado salpicado com manjeric\u00e3o e endro \u2022 1 fatia de mam\u00e3o Lanche da tarde \u2022 1 x\u00edcara (200ml) de ch\u00e1 verde em infus\u00e3o \u2022 1 fruta Jantar \u2022 Salada de folhas com 1 colher (sopa) de gergelim \u2022 1 posta de peixe grelhado salpicado com manjeric\u00e3o e coentro \u2022 1 fatia de p\u00e3o integral torrado com 1 colher (sobremesa) de geleia diet Ceia \u2022 1 fruta\" width=\"638\" height=\"425\" \/><\/p>\n<div id=\"eOI-container\" data-io=\"0\" data-iw=\"836\" data-ih=\"558\" data-uf=\"0\" data-uv=\"0\"><\/div>\n<\/div>\n<div>\n<p>Caf\u00e9 da manh\u00e3: 1 fatia de p\u00e3o integral torrado com 1 colher (sopa) rasa de requeij\u00e3o light + 1 copo (200ml) de suco rosa feito com 1 colher (sopa) de linha\u00e7a, 1 copo (200ml) de \u00e1gua de coco, 6 morangos, 1 folha de alface, suco de 1 lim\u00e3o, 1 talo de sals\u00e3o, 1\/2 beterraba, raspas de gengibre e ado\u00e7ante diet\u00e9tico com modera\u00e7\u00e3o.<\/p>\n<p>Lanche da manh\u00e3: 1 colher (sopa) de am\u00eandoas +1 pote (170g) de iogurte probi\u00f3tico.<\/p>\n<p>Almo\u00e7o: salada de alface, r\u00facula, tomate e pepino \u00e0 vontade temperada com 1 colher (sobremesa) de azeite de oliva extravirgem e vinagre bals\u00e2mico de ma\u00e7\u00e3 + 3 colheres (sopa) de arroz integral + 1 concha de gr\u00e3o-de-bico cozido + 1 posta de peixe grelhado salpicado com manjeric\u00e3o e endro + 1 fatia de mam\u00e3o.<\/p>\n<p>Lanche da tarde: 1 x\u00edcara (200ml) de ch\u00e1 verde em infus\u00e3o + 1 fruta.<\/p>\n<p>Jantar: salada de folhas com 1 colher (sopa) de gergelim + 1 posta de peixe grelhado salpicado com manjeric\u00e3o e coentro + 1 fatia de p\u00e3o integral torrado com 1 colher (sobremesa) de geleia diet.<\/p>\n<p>Ceia: 1 fruta.<\/p>\n<\/div>\n<\/div>\n<\/div>\n<\/div>\n<\/div>\n<\/div>\n<\/div>\n<div data-automation-section-type=\"mediaSection\">\n<div class=\"pb-media-viewer\">\n<div class=\"viewport-monitor\">\n<div class=\"section-title contains-list\">\n<div class=\"line-container\">\n<div class=\"viewport-monitor\">\n<p><strong>Ter\u00e7a-feira<\/strong><\/p>\n<\/div>\n<\/div>\n<\/div>\n<div class=\"media-container-wrapper\">\n<div class=\"media-container\">\n<div class=\"pb-image-viewer show-overlay\" aria-label=\"\">\n<div class=\"viewport-monitor\"><img loading=\"lazy\" class=\"img-responsive full-width aligncenter\" src=\"https:\/\/i2.wp.com\/img.playbuzz.com\/image\/upload\/q_auto:good,f_auto,fl_lossy,w_640,c_limit,e_sharpen\/v1536753694\/htxhvwa7dvkztmpz5vrz.jpg?ssl=1\" alt=\"Caf\u00e9 da manh\u00e3 \u2022 3 biscoitos de aveia \u2022 1 copo (200 ml) de suco rosa feito com 1 colher (sopa) de chia, 1 copo (200ml) de \u00e1gua, 1 pote (170g) de iogurte natural desnatado, 50g de mirtilo, suco de 1 lim\u00e3o, folhas de hortel\u00e3, 1\/2 beterraba, raspas de gengibre e ado\u00e7ante diet\u00e9tico com modera\u00e7\u00e3o Lanche da manh\u00e3 \u2022 2 castanhas-do-par\u00e1 \u2022 1 fatia m\u00e9dia de ricota ou queijo de minas light Almo\u00e7o \u2022 Salada de alface, agri\u00e3o, tomate e repolho refogado \u00e0 vontade temperada com 1 colher (sobremesa) de azeite de oliva extravirgem e vinagre bals\u00e2mico de ma\u00e7\u00e3 \u2022 3 colheres (sopa) de arroz integral \u2022 1 concha de lentilha cozida \u2022 1 fil\u00e9 de frango grelhado \u2022 1 fatia de abacaxi Lanche da tarde \u2022 1 x\u00edcara (200ml) de ch\u00e1 verde em infus\u00e3o \u2022 1 fruta de sua prefer\u00eancia Jantar \u2022 Salada de folhas com 1 colher (sopa) de semente de chia \u2022 1 fil\u00e9 de frango grelhado \u2022 1 batata-doce cozida \u2022 1 ta\u00e7a de pudim diet Ceia \u2022 1 fruta \" width=\"638\" height=\"425\" \/><\/div>\n<\/div>\n<\/div>\n<\/div>\n<div class=\"section-description\">\n<div class=\"viewport-monitor\">\n<p>Caf\u00e9 da manh\u00e3: 3 biscoitos de aveia + 1 copo (200 ml) de suco rosa feito com 1 colher (sopa) de chia, 1 copo (200ml) de \u00e1gua, 1 pote (170g) de iogurte natural desnatado, 50g de mirtilo, suco de 1 lim\u00e3o, folhas de hortel\u00e3, 1\/2 beterraba, raspas de gengibre e ado\u00e7ante diet\u00e9tico com modera\u00e7\u00e3o.<\/p>\n<p>Lanche da manh\u00e3: 2 castanhas-do-par\u00e1 + 1 fatia m\u00e9dia de ricota ou queijo de minas light<\/p>\n<p>Almo\u00e7o: Salada de alface, agri\u00e3o, tomate e repolho refogado \u00e0 vontade temperada com 1 colher (sobremesa) de azeite de oliva extravirgem e vinagre bals\u00e2mico de ma\u00e7\u00e3 + 3 colheres (sopa) de arroz integral + 1 concha de lentilha cozida + 1 fil\u00e9 de frango grelhado + 1 fatia de abacaxi<\/p>\n<p>Lanche da tarde: 1 x\u00edcara (200ml) de ch\u00e1 verde em infus\u00e3o + 1 fruta de sua prefer\u00eancia<\/p>\n<p>Jantar: Salada de folhas com 1 colher (sopa) de semente de chia + 1 fil\u00e9 de frango grelhado + 1 batata-doce cozida + 1 ta\u00e7a de pudim diet<\/p>\n<p>Ceia: 1 fruta<\/p>\n<\/div>\n<\/div>\n<\/div>\n<\/div>\n<\/div>\n<div data-automation-section-type=\"mediaSection\">\n<div class=\"pb-media-viewer\">\n<div class=\"viewport-monitor\">\n<div class=\"section-title contains-list\">\n<div class=\"line-container\">\n<div class=\"viewport-monitor\">\n<p><strong>Quarta-feira<\/strong><\/p>\n<\/div>\n<\/div>\n<\/div>\n<div class=\"media-container-wrapper\">\n<div class=\"media-container\">\n<div class=\"pb-image-viewer show-overlay\" aria-label=\"\">\n<div class=\"viewport-monitor\"><img loading=\"lazy\" class=\"img-responsive full-width aligncenter\" src=\"https:\/\/i2.wp.com\/img.playbuzz.com\/image\/upload\/q_auto:good,f_auto,fl_lossy,w_640,c_limit,e_sharpen\/v1536753812\/vrjowyoymhbunm1nabpk.jpg?ssl=1\" alt=\"Caf\u00e9 da manh\u00e3 \u2022 1 fatia de bolo integral \u2022 1 copo (200ml) de suco rosa feito com 1 folha de couve,1 folha de alface,1 fatia de beterraba, 2 ameixas sem caro\u00e7o, 1 colher (sopa) de semente de linha\u00e7a, 1 copo (200ml) de \u00e1gua, suco de 1 lim\u00e3o e ado\u00e7ante Lanche da manh\u00e3 \u2022 3 nozes \u2022 1 copo (200ml) de bebida l\u00e1ctea fermentada desnatada Almo\u00e7o \u2022 Salada de alface, moranga, tomate e chuchu cozido \u00e0 vontade temperada com 1 colher (sobremesa) de azeite de oliva extravirgem e vinagre bals\u00e2mico de ma\u00e7\u00e3 \u2022 1 pegador de macarr\u00e3o integral ao molho de tomate \u2022 1 concha de soja em gr\u00e3o cozida \u2022 1 por\u00e7\u00e3o de carne \u2022 1 fatia de mel\u00e3o Lanche da tarde \u2022 1 x\u00edcara (200ml) de ch\u00e1 verde em infus\u00e3o \u2022 1 fruta Jantar \u2022 1 copo (200ml) de leite desnatado batido com 1 banana,1 colher (sopa) de cacau em p\u00f3, 1 colher de (sopa) de quinoa, 1 colher (sopa) de linha\u00e7a e ado\u00e7ante com modera\u00e7\u00e3o \u2022 1\/4 de x\u00edcara (50ml) de granola sem a\u00e7\u00facar \u2022 1 fatia de p\u00e3o integral com 1 colher (sobremesa) de margarina sem sal Ceia \u2022 1 fruta\" width=\"639\" height=\"426\" \/><\/div>\n<\/div>\n<\/div>\n<\/div>\n<div class=\"section-description\">\n<div class=\"viewport-monitor\">\n<p>Caf\u00e9 da manh\u00e3: 1 fatia de bolo integral + 1 copo (200ml) de suco rosa feito com 1 folha de couve,1 folha de alface,1 fatia de beterraba, 2 ameixas sem caro\u00e7o, 1 colher (sopa) de semente de linha\u00e7a, 1 copo (200ml) de \u00e1gua, suco de 1 lim\u00e3o e ado\u00e7ante<\/p>\n<p>Lanche da manh\u00e3: 3 nozes +\u2022 1 copo (200ml) de bebida l\u00e1ctea fermentada desnatada<\/p>\n<p>Almo\u00e7o: Salada de alface, moranga, tomate e chuchu cozido \u00e0 vontade temperada com 1 colher (sobremesa) de azeite de oliva extravirgem e vinagre bals\u00e2mico de ma\u00e7\u00e3 + 1 pegador de macarr\u00e3o integral ao molho de tomate + 1 concha de soja em gr\u00e3o cozida + 1 por\u00e7\u00e3o de carne + 1 fatia de mel\u00e3o<\/p>\n<p>Lanche da tarde: 1 x\u00edcara (200ml) de ch\u00e1 verde em infus\u00e3o + 1 fruta<\/p>\n<p>Jantar: 1 copo (200ml) de leite desnatado batido com 1 banana,1 colher (sopa) de cacau em p\u00f3, 1 colher de (sopa) de quinoa, 1 colher (sopa) de linha\u00e7a e ado\u00e7ante com modera\u00e7\u00e3o + 1\/4 de x\u00edcara (50ml) de granola sem a\u00e7\u00facar + 1 fatia de p\u00e3o integral com 1 colher (sobremesa) de margarina sem sal<\/p>\n<p>Ceia: 1 fruta<\/p>\n<\/div>\n<\/div>\n<\/div>\n<\/div>\n<\/div>\n<div data-automation-section-type=\"mediaSection\">\n<div class=\"pb-media-viewer\">\n<div class=\"viewport-monitor\">\n<div class=\"section-title contains-list\">\n<div class=\"line-container\">\n<div class=\"viewport-monitor\">\n<p><strong>Quinta-feira<\/strong><\/p>\n<\/div>\n<\/div>\n<\/div>\n<div class=\"media-container-wrapper\">\n<div class=\"media-container\">\n<div class=\"pb-image-viewer show-overlay\" aria-label=\"\">\n<div class=\"viewport-monitor\"><img loading=\"lazy\" class=\"img-responsive full-width aligncenter\" src=\"https:\/\/i0.wp.com\/img.playbuzz.com\/image\/upload\/q_auto:good,f_auto,fl_lossy,w_640,c_limit,e_sharpen\/v1536753334\/uwao4e3tl07sz6anfj1j.jpg?ssl=1\" alt=\"Caf\u00e9 da manh\u00e3 \u2022 1 fatia de torrada com 1 fatia de queijo de minas light \u2022 1 copo (200ml) de suco rosa feito com 1 copo (200ml) de suco de uva integral, 1 colher (sopa) de sementes de linha\u00e7a, 1\/2 copo (100ml) de \u00e1gua,1 fatia de beterraba, folhas de hortel\u00e3, raspas de gengibre, suco de 1 lim\u00e3o e ado\u00e7ante diet\u00e9tico Lanche da manh\u00e3 \u2022 3 nozes \u2022 1 pote (170g) de iogurte natural desnatado com pitadas de canela Almo\u00e7o \u2022 Salada de alface, r\u00facula, vagem e tomate \u00e0 vontade temperada com 1 colher (sobremesa) de azeite de oliva extravirgem \u2022 3 colheres (sopa) de arroz integral \u2022 1 concha de prote\u00edna de soja texturizada cozida \u2022 1 concha de carne mo\u00edda ao molho \u2022 1 fatia de mam\u00e3o Lanche da tarde \u2022 1 x\u00edcara (200ml) de ch\u00e1 verde \u2022 1 fruta Jantar \u2022 1 copo (200ml) de bebida l\u00e1ctea desnatada com 1 colher (sopa) de linha\u00e7a triturada \u2022 2 fatias de p\u00e3o integral com 2 fatias de peito de peru, tomate, alface e 1 colher (sopa) de maionese light Ceia \u2022 1 fruta\" width=\"638\" height=\"425\" \/><\/div>\n<\/div>\n<\/div>\n<\/div>\n<div class=\"section-description\">\n<div class=\"viewport-monitor\">\n<p>Caf\u00e9 da manh\u00e3: 1 fatia de torrada com 1 fatia de queijo de minas light + 1 copo (200ml) de suco rosa feito com 1 copo (200ml) de suco de uva integral, 1 colher (sopa) de sementes de linha\u00e7a, 1\/2 copo (100ml) de \u00e1gua,1 fatia de beterraba, folhas de hortel\u00e3, raspas de gengibre, suco de 1 lim\u00e3o e ado\u00e7ante diet\u00e9tico<\/p>\n<p>Lanche da manh\u00e3: 3 nozes + 1 pote (170g) de iogurte natural desnatado com pitadas de canela<\/p>\n<p>Almo\u00e7o: Salada de alface, r\u00facula, vagem e tomate \u00e0 vontade temperada com 1 colher (sobremesa) de azeite de oliva extravirgem + 3 colheres (sopa) de arroz integral + 1 concha de prote\u00edna de soja texturizada cozida + 1 concha de carne mo\u00edda ao molho + 1 fatia de mam\u00e3o<\/p>\n<p>Lanche da tarde: 1 x\u00edcara (200ml) de ch\u00e1 verde + 1 fruta Jantar + 1 copo (200ml) de bebida l\u00e1ctea desnatada com 1 colher (sopa) de linha\u00e7a triturada + 2 fatias de p\u00e3o integral com 2 fatias de peito de peru, tomate, alface e 1 colher (sopa) de maionese light<\/p>\n<p>Ceia: 1 fruta<\/p>\n<\/div>\n<\/div>\n<\/div>\n<\/div>\n<\/div>\n<div data-automation-section-type=\"mediaSection\">\n<div class=\"pb-media-viewer\">\n<div class=\"viewport-monitor\">\n<div class=\"section-title contains-list\">\n<div class=\"line-container\">\n<div class=\"viewport-monitor\">\n<p><strong>Sexta-feira<\/strong><\/p>\n<\/div>\n<\/div>\n<\/div>\n<div class=\"media-container-wrapper\">\n<div class=\"media-container\">\n<div class=\"pb-image-viewer show-overlay\" aria-label=\"\">\n<div class=\"viewport-monitor\"><img loading=\"lazy\" class=\"img-responsive full-width aligncenter\" src=\"https:\/\/i1.wp.com\/img.playbuzz.com\/image\/upload\/q_auto:good,f_auto,fl_lossy,w_640,c_limit,e_sharpen\/v1536753426\/cakv8akkgiixblrpub6k.jpg?ssl=1\" alt=\"Caf\u00e9 da manh\u00e3 \u2022 1 barra de cereais \u2022 1 copo (200ml) de suco rosa feito com 1 copo (200ml) de \u00e1gua de coco, suco de 1 laranja, 1 peda\u00e7o de beterraba, 50g de mirtilo, 1 colher (sopa) de semente de ab\u00f3bora e ado\u00e7ante diet\u00e9tico Lanche da manh\u00e3 \u2022 1 colher (sopa) de am\u00eandoas \u2022 1 bebida l\u00e1ctea fermentada Almo\u00e7o \u2022 Salada de alface, br\u00f3colis, tomate e cenoura cozida \u00e0 vontade, temperada com 1 colher (sobremesa) de azeite de oliva extravirgem e vinagre bals\u00e2mico de ma\u00e7\u00e3 \u2022 3 colheres (sopa) de pur\u00ea de moranga \u2022 1 concha pequena de lentilha cozida \u2022 1 fil\u00e9 de peito de frango grelhado \u2022 1 fatia de mam\u00e3o Lanche da tarde \u2022 1 x\u00edcara (200ml) de ch\u00e1 verde \u2022 1 fruta Jantar \u2022 Salada de folhas verde-escuras, tomate e pepino \u00e0 vontade \u2022 3 colheres (sopa) de arroz integral \u2022 Omelete feita com 1 ovo, 2 claras, espinafre, cebola e tempero verde \u2022 3 colheres (sopa) de gr\u00e3o-de-bico \u2022 1 fatia de torrada integral com 2 fatias de presunto magro Ceia \u2022 1 fruta\" width=\"639\" height=\"426\" \/><\/div>\n<\/div>\n<\/div>\n<\/div>\n<div class=\"section-description\">\n<div class=\"viewport-monitor\">\n<p>Caf\u00e9 da manh\u00e3: 1 barra de cereais + 1 copo (200ml) de suco rosa feito com 1 copo (200ml) de \u00e1gua de coco, suco de 1 laranja, 1 peda\u00e7o de beterraba, 50g de mirtilo, 1 colher (sopa) de semente de ab\u00f3bora e ado\u00e7ante diet\u00e9tico<\/p>\n<p>Lanche da manh\u00e3: 1 colher (sopa) de am\u00eandoas + 1 bebida l\u00e1ctea fermentada<\/p>\n<p>Almo\u00e7o: Salada de alface, br\u00f3colis, tomate e cenoura cozida \u00e0 vontade, temperada com 1 colher (sobremesa) de azeite de oliva extravirgem e vinagre bals\u00e2mico de ma\u00e7\u00e3 + 3 colheres (sopa) de pur\u00ea de moranga + 1 concha pequena de lentilha cozida + 1 fil\u00e9 de peito de frango grelhado + 1 fatia de mam\u00e3o<\/p>\n<p>Lanche da tarde: 1 x\u00edcara (200ml) de ch\u00e1 verde + 1 fruta<\/p>\n<p>Jantar: Salada de folhas verde-escuras, tomate e pepino \u00e0 vontade + 3 colheres (sopa) de arroz integral + Omelete feita com 1 ovo, 2 claras, espinafre, cebola e tempero verde + 3 colheres (sopa) de gr\u00e3o-de-bico + 1 fatia de torrada integral com 2 fatias de presunto magro<\/p>\n<p>Ceia: 1 fruta<\/p>\n<\/div>\n<\/div>\n<\/div>\n<\/div>\n<\/div>\n<div data-automation-section-type=\"mediaSection\">\n<div class=\"pb-media-viewer\">\n<div class=\"viewport-monitor\">\n<div class=\"section-title contains-list\">\n<div class=\"line-container\">\n<div class=\"viewport-monitor\">\n<p><strong>S\u00e1bado<\/strong><\/p>\n<\/div>\n<\/div>\n<\/div>\n<div class=\"media-container-wrapper\">\n<div class=\"media-container\">\n<div class=\"pb-image-viewer show-overlay\" aria-label=\"\">\n<div class=\"viewport-monitor\"><img loading=\"lazy\" class=\"img-responsive full-width aligncenter\" src=\"https:\/\/i1.wp.com\/img.playbuzz.com\/image\/upload\/q_auto:good,f_auto,fl_lossy,w_640,c_limit,e_sharpen\/v1536753496\/nbycpyudwgke86cbobwz.jpg?ssl=1\" alt=\"Caf\u00e9 da manh\u00e3 \u2022 4 biscoitos de aveia \u2022 1 copo (200ml) de suco rosa feito com 1 copo (200ml) de iogurte desnatado, 1 copo (200ml) de bebida \u00e0 base de soja, 1 peda\u00e7o de beterraba, 8 morangos, 1 colher (sopa) de semente de chia e ado\u00e7ante diet\u00e9tico com modera\u00e7\u00e3o Lanche da manh\u00e3 \u2022 2 castanhas-do-par\u00e1 \u2022 1 potinho (90g) de bebida l\u00e1ctea fermentada Almo\u00e7o \u2022 Salada de r\u00facula, alface, tomate e beterraba cozida \u00e0 vontade, temperada com 1 colher (sobremesa) de azeite de oliva extravirgem \u2022 1 pegador de macarr\u00e3o integral ao molho de tomate \u2022 1 concha de ervilha cozida \u2022 1 posta de peixe grelhado salpicado com or\u00e9gano e endro \u2022 1 laranja Lanche da tarde \u2022 1 x\u00edcara (200ml) de ch\u00e1 verde em infus\u00e3o \u2022 1 fruta de sua prefer\u00eancia Jantar \u2022 1 copo (200ml) de suco de abacaxi, mel\u00e3o e pera \u2022 Sandu\u00edche feito com 2 fatias de p\u00e3o integral, alface, tomate, 1 fatia de peito de peru, 1 colher (sopa) de azeitonas sem caro\u00e7o, or\u00e9gano, 1 fatia de queijo de minas light e 1 colher (sobremesa) de maionese light Ceia \u2022 1 fruta\" width=\"639\" height=\"426\" \/><\/div>\n<\/div>\n<\/div>\n<\/div>\n<div class=\"section-description\">\n<div class=\"viewport-monitor\">\n<p>Caf\u00e9 da manh\u00e3: 4 biscoitos de aveia + 1 copo (200ml) de suco rosa feito com 1 copo (200ml) de iogurte desnatado, 1 copo (200ml) de bebida \u00e0 base de soja, 1 peda\u00e7o de beterraba, 8 morangos, 1 colher (sopa) de semente de chia e ado\u00e7ante diet\u00e9tico com modera\u00e7\u00e3o<\/p>\n<p>Lanche da manh\u00e3: 2 castanhas-do-par\u00e1 + 1 potinho (90g) de bebida l\u00e1ctea fermentada<\/p>\n<p>Almo\u00e7o: Salada de r\u00facula, alface, tomate e beterraba cozida \u00e0 vontade, temperada com 1 colher (sobremesa) de azeite de oliva extravirgem + 1 pegador de macarr\u00e3o integral ao molho de tomate + 1 concha de ervilha cozida + 1 posta de peixe grelhado salpicado com or\u00e9gano e endro + 1 laranja<\/p>\n<p>Lanche da tarde: 1 x\u00edcara (200ml) de ch\u00e1 verde em infus\u00e3o + 1 fruta de sua prefer\u00eancia<\/p>\n<p>Jantar: 1 copo (200ml) de suco de abacaxi, mel\u00e3o e pera + Sandu\u00edche feito com 2 fatias de p\u00e3o integral, alface, tomate, 1 fatia de peito de peru, 1 colher (sopa) de azeitonas sem caro\u00e7o, or\u00e9gano, 1 fatia de queijo de minas light e 1 colher (sobremesa) de maionese light<\/p>\n<p>Ceia: 1 fruta<\/p>\n<\/div>\n<\/div>\n<\/div>\n<\/div>\n<\/div>\n<div data-automation-section-type=\"mediaSection\">\n<div class=\"pb-media-viewer\">\n<div class=\"viewport-monitor\">\n<div class=\"section-title contains-list\">\n<div class=\"line-container\">\n<div class=\"viewport-monitor\">\n<p><strong>Domingo<\/strong><\/p>\n<\/div>\n<\/div>\n<\/div>\n<div class=\"media-container-wrapper\">\n<div class=\"media-container\">\n<div class=\"pb-image-viewer show-overlay\" aria-label=\"\">\n<div class=\"viewport-monitor\"><img loading=\"lazy\" class=\"img-responsive full-width aligncenter\" src=\"https:\/\/i1.wp.com\/img.playbuzz.com\/image\/upload\/q_auto:good,f_auto,fl_lossy,w_640,c_limit,e_sharpen\/v1536753603\/qidszp11otxm1xwiyj2n.jpg?ssl=1\" alt=\"Caf\u00e9 da manh\u00e3 \u2022 1 fatia de bolo integral \u2022 1 copo (200ml) de suco rosa feito com 1 copo (200ml) de \u00e1gua, 1 colher (sopa) de semente de linha\u00e7a, 1 colher (sopa) de semente de ab\u00f3bora, 1\/2 beterraba, 1\/2 cenoura, polpa de 1 maracuj\u00e1, raspas de gengibre, suco de 1 lim\u00e3o e ado\u00e7ante diet\u00e9tico Lanche da manh\u00e3 \u2022 3 nozes \u2022 1 pote (170g) de iogurte desnatado Almo\u00e7o \u2022 Salada de alface, tomate, repolho e chuchu cozido \u00e0 vontade, temperada com 1 colher (sobremesa) de azeite de oliva extravirgem \u2022 1 panqueca pequena recheada com frango, espinafre e ricota \u2022 1 concha pequena de feij\u00e3o-branco cozido \u2022 1 fil\u00e9 de peito de frango grelhado \u2022 1 ta\u00e7a de pudim diet Lanche da tarde \u2022 1 x\u00edcara (200ml) de ch\u00e1 de hibisco \u2022 1 fruta Jantar \u2022 1 copo (200ml) de suco de ma\u00e7\u00e3, ameixa e linha\u00e7a \u2022 2 fatias de p\u00e3o integral com alface, tomate, 1 fatia de peito de peru e 1 colher (sopa) de azeitonas sem caro\u00e7o \u2022 1 colher (sobremesa) de margarina e 1 fatia de tofu Ceia \u2022 1 fruta\" width=\"639\" height=\"426\" \/><\/div>\n<\/div>\n<\/div>\n<\/div>\n<div class=\"section-description\">\n<div class=\"viewport-monitor\">\n<p>Caf\u00e9 da manh\u00e3: 1 fatia de bolo integral + 1 copo (200ml) de suco rosa feito com 1 copo (200ml) de \u00e1gua, 1 colher (sopa) de semente de linha\u00e7a, 1 colher (sopa) de semente de ab\u00f3bora, 1\/2 beterraba, 1\/2 cenoura, polpa de 1 maracuj\u00e1, raspas de gengibre, suco de 1 lim\u00e3o e ado\u00e7ante diet\u00e9tico<\/p>\n<p>Lanche da manh\u00e3: 3 nozes + 1 pote (170g) de iogurte desnatado<\/p>\n<p>Almo\u00e7o: Salada de alface, tomate, repolho e chuchu cozido \u00e0 vontade, temperada com 1 colher (sobremesa) de azeite de oliva extravirgem + 1 panqueca pequena recheada com frango, espinafre e ricota + 1 concha pequena de feij\u00e3o-branco cozido + 1 fil\u00e9 de peito de frango grelhado + 1 ta\u00e7a de pudim diet<\/p>\n<p>Lanche da tarde: 1 x\u00edcara (200ml) de ch\u00e1 de hibisco + 1 fruta<\/p>\n<p>Jantar: 1 copo (200ml) de suco de ma\u00e7\u00e3, ameixa e linha\u00e7a + 2 fatias de p\u00e3o integral com alface, tomate, 1 fatia de peito de peru e 1 colher (sopa) de azeitonas sem caro\u00e7o + 1 colher (sobremesa) de margarina e 1 fatia de tofu<\/p>\n<p>Ceia: 1 fruta<\/p>\n<p><strong>Aten\u00e7\u00e3o!<\/strong><\/p>\n<p>Siga o card\u00e1pio com a ajuda do seu m\u00e9dico ou nutricionista! O acompanhamento individual \u00e9 fundamental, pois o estado de sa\u00fade, o peso, a idade, o g\u00eanero e o n\u00edvel de atividade f\u00edsica de cada pessoa devem ser considerados para o emagrecimento saud\u00e1vel.<\/p>\n<p>*<em>Texto: Reda\u00e7\u00e3o Alto Astral |\u00a0Consultoria: Greice Caroline Baggio, nutricionista<\/em><\/p>\n<\/div>\n<\/div>\n<\/div>\n<\/div>\n<\/div>\n<\/section>\n","protected":false},"excerpt":{"rendered":"<p>Quem n\u00e3o quer se livrar dos quilinhos extras e arrasar por a\u00ed, n\u00e3o \u00e9 mesmo?<\/p>\n","protected":false},"author":2,"featured_media":132450,"comment_status":"open","ping_status":"open","sticky":false,"template":"","format":"standard","meta":[],"categories":[],"tags":[],"uagb_featured_image_src":{"full":["https:\/\/espacoecologico.com.br\/arquivo\/wp-content\/uploads\/2020\/08\/suco_rosa.jpg",415,265,false],"thumbnail":["https:\/\/espacoecologico.com.br\/arquivo\/wp-content\/uploads\/2020\/08\/suco_rosa-150x150.jpg",150,150,true],"medium":["https:\/\/espacoecologico.com.br\/arquivo\/wp-content\/uploads\/2020\/08\/suco_rosa-300x192.jpg",300,192,true],"medium_large":["https:\/\/espacoecologico.com.br\/arquivo\/wp-content\/uploads\/2020\/08\/suco_rosa.jpg",415,265,false],"large":["https:\/\/espacoecologico.com.br\/arquivo\/wp-content\/uploads\/2020\/08\/suco_rosa.jpg",415,265,false],"1536x1536":["https:\/\/espacoecologico.com.br\/arquivo\/wp-content\/uploads\/2020\/08\/suco_rosa.jpg",415,265,false],"2048x2048":["https:\/\/espacoecologico.com.br\/arquivo\/wp-content\/uploads\/2020\/08\/suco_rosa.jpg",415,265,false],"cream-magazine-thumbnail-2":["https:\/\/espacoecologico.com.br\/arquivo\/wp-content\/uploads\/2020\/08\/suco_rosa.jpg",415,265,false],"cream-magazine-thumbnail-3":["https:\/\/espacoecologico.com.br\/arquivo\/wp-content\/uploads\/2020\/08\/suco_rosa.jpg",415,265,false],"cream-magazine-thumbnail-4":["https:\/\/espacoecologico.com.br\/arquivo\/wp-content\/uploads\/2020\/08\/suco_rosa.jpg",415,265,false]},"uagb_author_info":{"display_name":"","author_link":"https:\/\/espacoecologico.com.br\/arquivo\/author\/"},"uagb_comment_info":0,"uagb_excerpt":"Quem n\u00e3o quer se livrar dos quilinhos extras e arrasar por a\u00ed, n\u00e3o \u00e9 mesmo?","_links":{"self":[{"href":"https:\/\/espacoecologico.com.br\/arquivo\/wp-json\/wp\/v2\/posts\/132449"}],"collection":[{"href":"https:\/\/espacoecologico.com.br\/arquivo\/wp-json\/wp\/v2\/posts"}],"about":[{"href":"https:\/\/espacoecologico.com.br\/arquivo\/wp-json\/wp\/v2\/types\/post"}],"author":[{"embeddable":true,"href":"https:\/\/espacoecologico.com.br\/arquivo\/wp-json\/wp\/v2\/users\/2"}],"replies":[{"embeddable":true,"href":"https:\/\/espacoecologico.com.br\/arquivo\/wp-json\/wp\/v2\/comments?post=132449"}],"version-history":[{"count":0,"href":"https:\/\/espacoecologico.com.br\/arquivo\/wp-json\/wp\/v2\/posts\/132449\/revisions"}],"wp:featuredmedia":[{"embeddable":true,"href":"https:\/\/espacoecologico.com.br\/arquivo\/wp-json\/wp\/v2\/media\/132450"}],"wp:attachment":[{"href":"https:\/\/espacoecologico.com.br\/arquivo\/wp-json\/wp\/v2\/media?parent=132449"}],"wp:term":[{"taxonomy":"category","embeddable":true,"href":"https:\/\/espacoecologico.com.br\/arquivo\/wp-json\/wp\/v2\/categories?post=132449"},{"taxonomy":"post_tag","embeddable":true,"href":"https:\/\/espacoecologico.com.br\/arquivo\/wp-json\/wp\/v2\/tags?post=132449"}],"curies":[{"name":"wp","href":"https:\/\/api.w.org\/{rel}","templated":true}]}}