{"id":132444,"date":"2020-08-21T12:30:09","date_gmt":"2020-08-21T15:30:09","guid":{"rendered":"https:\/\/espacoecologico.com.br\/arquivo\/?p=132444"},"modified":"2020-08-21T08:33:27","modified_gmt":"2020-08-21T11:33:27","slug":"cientistas-brasileiros-descrevem-fossil-de-lagostim-pre-historico-achado-na-antartida","status":"publish","type":"post","link":"https:\/\/espacoecologico.com.br\/arquivo\/cientistas-brasileiros-descrevem-fossil-de-lagostim-pre-historico-achado-na-antartida\/","title":{"rendered":"Cientistas brasileiros descrevem f\u00f3ssil de lagostim pr\u00e9-hist\u00f3rico achado na Ant\u00e1rtida"},"content":{"rendered":"<div class=\"n--noticia__content content\">\n<p><a href=\"https:\/\/espacoecologico.com.br\/arquivo\/wp-content\/uploads\/2020\/08\/lagostin.jpg\"><img loading=\"lazy\" class=\"alignleft size-medium wp-image-132445\" src=\"https:\/\/espacoecologico.com.br\/arquivo\/wp-content\/uploads\/2020\/08\/lagostin-300x192.jpg\" alt=\"\" width=\"300\" height=\"192\" srcset=\"https:\/\/espacoecologico.com.br\/arquivo\/wp-content\/uploads\/2020\/08\/lagostin-300x192.jpg 300w, https:\/\/espacoecologico.com.br\/arquivo\/wp-content\/uploads\/2020\/08\/lagostin.jpg 415w\" sizes=\"(max-width: 300px) 100vw, 300px\" \/><\/a>Cientistas apresentaram, uma nova esp\u00e9cie de lagostim pr\u00e9-hist\u00f3rico, que viveu h\u00e1 <strong>75 milh\u00f5es de anos<\/strong>\u00a0na\u00a0<a href=\"https:\/\/arte.estadao.com.br\/ciencia\/geral\/estacao-antartica-brasileira\/\"><strong>Ant\u00e1rtica \u00a0<\/strong><\/a>&#8212; uma \u00e9poca em que n\u00e3o havia gelo por l\u00e1. Publicada na &#8220;<em><a href=\"https:\/\/polarresearch.net\/index.php\/polar\/article\/view\/3727\" rel=\"nofollow\">Polar Research<\/a><\/em>&#8220;, a pesquisa \u00e9 assinada por especialistas do<strong>\u00a0Museu de Paleontologia Pl\u00e1cido Cidade Nuvens\/URCA<\/strong>, do Museu Nacional\/UFRJ, da Universidade do Contestado e da Universidade Federal do Esp\u00edrito Santo.<\/p>\n<p>Os f\u00f3sseis foram encontrados em uma expedi\u00e7\u00e3o realizada pelo\u00a0<strong>Projeto Paleoantar<\/strong>, em 2016, na Ilha de James Ross, na Pen\u00ednsula Ant\u00e1rtica.Tratam-se de dois esp\u00e9cimes que foram classificados no g\u00eanero Hoploparia em uma nova esp\u00e9cie, H. echinata.<\/p>\n<p>\u201cApesar de n\u00e3o ter representantes atuais, f\u00f3sseis desse g\u00eanero de lagostim foram encontrados em camadas de diferentes partes do mundo, em um total de 67 esp\u00e9cies&#8221;, explicou o diretor do Museu de Paleontologia Pl\u00e1cido Cidade Nuvens\/URCA, Allysson Pinheiro. &#8220;Entretanto, no continente Ant\u00e1rtico, eram conhecidas, at\u00e9 o momento, apenas tr\u00eas esp\u00e9cies, sendo esta uma nova, procedente da Ilha James Ross.\u201d<\/p>\n<p>Os pesquisadores acreditam que o animal, semelhante a outros lagostins, deveria cavar tocas e ser um predador de emboscadas, por causa de sua pin\u00e7a. Essas pin\u00e7as, grandes e fortes, podiam ser usadas inclusive para capturar peixes. Al\u00e9m disso, a pin\u00e7a espalmada e ampla, facilitava a escava\u00e7\u00e3o de sua toca. Estima-se que o animal viveu no Per\u00edodo Cret\u00e1ceo, h\u00e1 cerca de 75 milh\u00f5es de anos.<\/p>\n<p>\u201cA descoberta dessa nova esp\u00e9cie de Hoploparia certamente n\u00e3o ser\u00e1 a \u00fanica do grupo. Em 2018, os pesquisadores estiveram por 50 dias no The Naze (parte da ilha James Ross), onde foram coletados dezenas de f\u00f3sseis de lagostas e outros crust\u00e1ceos que est\u00e3o em estudo&#8221;, contou o paleont\u00f3logo Alexander Kellner, diretor do Museu Nacional\/UFRJ. &#8220;Certamente, em breve, teremos mais novidades sobre esse grupo de animais que viveram na Ant\u00e1rtica durante o per\u00edodo Cret\u00e1ceo.\u201d<\/p>\n<p>As rochas onde foram encontrados os f\u00f3sseis sugerem que o animal vivia em ambientes marinhos rasos, com fundo arenoso. A Ilha James Ross, em um per\u00edodo entre 70 a 80 milh\u00f5es de anos atr\u00e1s era muito diferente da que conhecemos hoje. Naquele momento, a \u00e1rea estava coberta por um mar raso habitado por tubar\u00f5es, r\u00e9pteis e corais e tinha uma temperatura mais elevada do que as registradas atualmente.<\/p>\n<p>A grande \u201cquebra\u201d do Gondwana, na por\u00e7\u00e3o sul do supercontinente Pangeia, j\u00e1 havia acontecido, mas a distribui\u00e7\u00e3o dos continentes e as correntes marinhas, ainda eram bem diferentes do que conhecemos atualmente.<\/p>\n<p>\u201cVale ressaltar que o conhecimento geol\u00f3gico da Ant\u00e1rtida \u00e9 muito recente, faz apenas 200 anos que o ser humano chegou ao continente, e apenas 40 anos que brasileiros fazem pesquisas por l\u00e1&#8221;, ressaltou o ge\u00f3logo Luiz Carlos Weinschutz, do Centro Paleontol\u00f3gico da Universidade do Contestado. &#8220;Por ser recoberta por uma espessa camada de gelo permanente (98%), sendo comum as condi\u00e7\u00f5es clim\u00e1ticas adversas, o acesso tem log\u00edstica complicada e cara. Tudo isso dificulta o desenvolvimento de pesquisas em terras austrais; muito j\u00e1 se fez, mas ainda temos muito para fazer.\u201d<\/p>\n<\/div>\n<div class=\"n--noticia__content content\">\n<div class=\"mm_conteudo blog-multimidia video loaded\" data-config=\"{&quot;tipo&quot;:&quot;VIDEO&quot;,&quot;id&quot;:&quot;1113087&quot;,&quot;provider&quot;:&quot;AGILE&quot;}\">\n<div id=\"video-1113087\" class=\"mediaplayer\">\n<div id=\"player\" class=\"act-video-player simpledark\">\n<p><video id=\"mediaplayer_8388184e-a2f5-eed8-a154-788605a70549\" title=\"Cientistas apresentam uma nova esp\u00e9cie de lagostim pr\u00e9-hist\u00f3rico\" poster=\"https:\/\/img.estadao.com.br\/resources\/jpg\/4\/5\/1597355115354.jpg\" preload=\"none\" width=\"300\" height=\"150\" data-mce-fragment=\"1\"><\/p>\n<div pseudo=\"-webkit-media-controls\" class=\"phase-ready state-stopped sizing-small\">\n<div pseudo=\"-webkit-media-controls-overlay-enclosure\"><\/div>\n<div pseudo=\"-webkit-media-controls-enclosure\"><\/div>\n<\/div>\n<p>&nbsp;<\/p>\n<p><\/video><\/p>\n<div class=\"act-video-poster\">\n<div><\/div>\n<\/div>\n<\/div>\n<\/div>\n<\/div>\n<\/div>\n","protected":false},"excerpt":{"rendered":"<p>Cientistas apresentaram, uma nova esp\u00e9cie de lagostim pr\u00e9-hist\u00f3rico, que viveu h\u00e1 75 milh\u00f5es de anos\u00a0na\u00a0Ant\u00e1rtica<\/p>\n","protected":false},"author":2,"featured_media":132445,"comment_status":"open","ping_status":"open","sticky":false,"template":"","format":"standard","meta":[],"categories":[],"tags":[],"uagb_featured_image_src":{"full":["https:\/\/espacoecologico.com.br\/arquivo\/wp-content\/uploads\/2020\/08\/lagostin.jpg",415,265,false],"thumbnail":["https:\/\/espacoecologico.com.br\/arquivo\/wp-content\/uploads\/2020\/08\/lagostin-150x150.jpg",150,150,true],"medium":["https:\/\/espacoecologico.com.br\/arquivo\/wp-content\/uploads\/2020\/08\/lagostin-300x192.jpg",300,192,true],"medium_large":["https:\/\/espacoecologico.com.br\/arquivo\/wp-content\/uploads\/2020\/08\/lagostin.jpg",415,265,false],"large":["https:\/\/espacoecologico.com.br\/arquivo\/wp-content\/uploads\/2020\/08\/lagostin.jpg",415,265,false],"1536x1536":["https:\/\/espacoecologico.com.br\/arquivo\/wp-content\/uploads\/2020\/08\/lagostin.jpg",415,265,false],"2048x2048":["https:\/\/espacoecologico.com.br\/arquivo\/wp-content\/uploads\/2020\/08\/lagostin.jpg",415,265,false],"cream-magazine-thumbnail-2":["https:\/\/espacoecologico.com.br\/arquivo\/wp-content\/uploads\/2020\/08\/lagostin.jpg",415,265,false],"cream-magazine-thumbnail-3":["https:\/\/espacoecologico.com.br\/arquivo\/wp-content\/uploads\/2020\/08\/lagostin.jpg",415,265,false],"cream-magazine-thumbnail-4":["https:\/\/espacoecologico.com.br\/arquivo\/wp-content\/uploads\/2020\/08\/lagostin.jpg",415,265,false]},"uagb_author_info":{"display_name":"","author_link":"https:\/\/espacoecologico.com.br\/arquivo\/author\/"},"uagb_comment_info":0,"uagb_excerpt":"Cientistas apresentaram, uma nova esp\u00e9cie de lagostim pr\u00e9-hist\u00f3rico, que viveu h\u00e1 75 milh\u00f5es de anos\u00a0na\u00a0Ant\u00e1rtica","_links":{"self":[{"href":"https:\/\/espacoecologico.com.br\/arquivo\/wp-json\/wp\/v2\/posts\/132444"}],"collection":[{"href":"https:\/\/espacoecologico.com.br\/arquivo\/wp-json\/wp\/v2\/posts"}],"about":[{"href":"https:\/\/espacoecologico.com.br\/arquivo\/wp-json\/wp\/v2\/types\/post"}],"author":[{"embeddable":true,"href":"https:\/\/espacoecologico.com.br\/arquivo\/wp-json\/wp\/v2\/users\/2"}],"replies":[{"embeddable":true,"href":"https:\/\/espacoecologico.com.br\/arquivo\/wp-json\/wp\/v2\/comments?post=132444"}],"version-history":[{"count":0,"href":"https:\/\/espacoecologico.com.br\/arquivo\/wp-json\/wp\/v2\/posts\/132444\/revisions"}],"wp:featuredmedia":[{"embeddable":true,"href":"https:\/\/espacoecologico.com.br\/arquivo\/wp-json\/wp\/v2\/media\/132445"}],"wp:attachment":[{"href":"https:\/\/espacoecologico.com.br\/arquivo\/wp-json\/wp\/v2\/media?parent=132444"}],"wp:term":[{"taxonomy":"category","embeddable":true,"href":"https:\/\/espacoecologico.com.br\/arquivo\/wp-json\/wp\/v2\/categories?post=132444"},{"taxonomy":"post_tag","embeddable":true,"href":"https:\/\/espacoecologico.com.br\/arquivo\/wp-json\/wp\/v2\/tags?post=132444"}],"curies":[{"name":"wp","href":"https:\/\/api.w.org\/{rel}","templated":true}]}}