{"id":132432,"date":"2020-08-21T11:00:11","date_gmt":"2020-08-21T14:00:11","guid":{"rendered":"https:\/\/espacoecologico.com.br\/arquivo\/?p=132432"},"modified":"2020-08-21T08:38:03","modified_gmt":"2020-08-21T11:38:03","slug":"asteroide-do-tamanho-de-um-carro-passou-perto-da-terra-no-fim-de-semana","status":"publish","type":"post","link":"https:\/\/espacoecologico.com.br\/arquivo\/asteroide-do-tamanho-de-um-carro-passou-perto-da-terra-no-fim-de-semana\/","title":{"rendered":"Asteroide do tamanho de um carro passou perto da Terra no fim de semana"},"content":{"rendered":"<h2 class=\"n--noticia__subtitle\"><a href=\"https:\/\/espacoecologico.com.br\/arquivo\/wp-content\/uploads\/2020\/08\/asteroide.jpg\"><img loading=\"lazy\" class=\"alignleft size-medium wp-image-132433\" src=\"https:\/\/espacoecologico.com.br\/arquivo\/wp-content\/uploads\/2020\/08\/asteroide-300x192.jpg\" alt=\"\" width=\"300\" height=\"192\" srcset=\"https:\/\/espacoecologico.com.br\/arquivo\/wp-content\/uploads\/2020\/08\/asteroide-300x192.jpg 300w, https:\/\/espacoecologico.com.br\/arquivo\/wp-content\/uploads\/2020\/08\/asteroide.jpg 415w\" sizes=\"(max-width: 300px) 100vw, 300px\" \/><\/a>Ele esteve a 2.950 quil\u00f4metros do planeta, uma dist\u00e2ncia curta em termos proporcionais<\/h2>\n<p>Um\u00a0<strong>asteroide de tamanho semelhante ao de um pequeno autom\u00f3vel<\/strong> passou perto da Terra no \u00faltimo domingo, 16. Chamado de 2020 QG, ele esteve a 2.950 quil\u00f4metros do planeta, uma dist\u00e2ncia curta em termos proporcionais.<\/p>\n<p>Para a\u00a0<a href=\"http:\/\/tudo-sobre.estadao.com.br\/nasa\"><strong>Nasa<\/strong><\/a>, isso significa que este \u00e9 o asteroide que esteve mais pr\u00f3ximo do globo sem atingi-lo. Apesar da pouca dist\u00e2ncia, ele n\u00e3o teria atingido a superf\u00edcie da Terra, porque teria se dissipado na atmosfera e apenas res\u00edduos cairiam no planeta.<\/p>\n<p>A identifica\u00e7\u00e3o do asteroide ocorreu depois de seis horas, por meio do Observat\u00f3rio Palomar, nos Estados Unidos. Paul Chodas, diretor da Nasa, tamb\u00e9m confirmou que a ag\u00eancia espacial n\u00e3o o identificou. &#8220;O asteroide se aproximou sem ser detectado&#8221;, afirmou.<\/p>\n<p>O asteroide passou pr\u00f3ximo ao extremo leste da Austr\u00e1lia, perto do Oceano Pac\u00edfico. Tony Dunn, criador do site orbitsimulator.com, postou em seu perfil no Twitter uma anima\u00e7\u00e3o que reproduz a trajet\u00f3ria do asteroide.<\/p>\n","protected":false},"excerpt":{"rendered":"<p>Ele esteve a 2.950 quil\u00f4metros do planeta, uma dist\u00e2ncia curta em termos proporcionais Um\u00a0asteroide de<\/p>\n","protected":false},"author":2,"featured_media":132433,"comment_status":"open","ping_status":"open","sticky":false,"template":"","format":"standard","meta":[],"categories":[],"tags":[],"uagb_featured_image_src":{"full":["https:\/\/espacoecologico.com.br\/arquivo\/wp-content\/uploads\/2020\/08\/asteroide.jpg",415,265,false],"thumbnail":["https:\/\/espacoecologico.com.br\/arquivo\/wp-content\/uploads\/2020\/08\/asteroide-150x150.jpg",150,150,true],"medium":["https:\/\/espacoecologico.com.br\/arquivo\/wp-content\/uploads\/2020\/08\/asteroide-300x192.jpg",300,192,true],"medium_large":["https:\/\/espacoecologico.com.br\/arquivo\/wp-content\/uploads\/2020\/08\/asteroide.jpg",415,265,false],"large":["https:\/\/espacoecologico.com.br\/arquivo\/wp-content\/uploads\/2020\/08\/asteroide.jpg",415,265,false],"1536x1536":["https:\/\/espacoecologico.com.br\/arquivo\/wp-content\/uploads\/2020\/08\/asteroide.jpg",415,265,false],"2048x2048":["https:\/\/espacoecologico.com.br\/arquivo\/wp-content\/uploads\/2020\/08\/asteroide.jpg",415,265,false],"cream-magazine-thumbnail-2":["https:\/\/espacoecologico.com.br\/arquivo\/wp-content\/uploads\/2020\/08\/asteroide.jpg",415,265,false],"cream-magazine-thumbnail-3":["https:\/\/espacoecologico.com.br\/arquivo\/wp-content\/uploads\/2020\/08\/asteroide.jpg",415,265,false],"cream-magazine-thumbnail-4":["https:\/\/espacoecologico.com.br\/arquivo\/wp-content\/uploads\/2020\/08\/asteroide.jpg",415,265,false]},"uagb_author_info":{"display_name":"","author_link":"https:\/\/espacoecologico.com.br\/arquivo\/author\/"},"uagb_comment_info":0,"uagb_excerpt":"Ele esteve a 2.950 quil\u00f4metros do planeta, uma dist\u00e2ncia curta em termos proporcionais Um\u00a0asteroide de","_links":{"self":[{"href":"https:\/\/espacoecologico.com.br\/arquivo\/wp-json\/wp\/v2\/posts\/132432"}],"collection":[{"href":"https:\/\/espacoecologico.com.br\/arquivo\/wp-json\/wp\/v2\/posts"}],"about":[{"href":"https:\/\/espacoecologico.com.br\/arquivo\/wp-json\/wp\/v2\/types\/post"}],"author":[{"embeddable":true,"href":"https:\/\/espacoecologico.com.br\/arquivo\/wp-json\/wp\/v2\/users\/2"}],"replies":[{"embeddable":true,"href":"https:\/\/espacoecologico.com.br\/arquivo\/wp-json\/wp\/v2\/comments?post=132432"}],"version-history":[{"count":0,"href":"https:\/\/espacoecologico.com.br\/arquivo\/wp-json\/wp\/v2\/posts\/132432\/revisions"}],"wp:featuredmedia":[{"embeddable":true,"href":"https:\/\/espacoecologico.com.br\/arquivo\/wp-json\/wp\/v2\/media\/132433"}],"wp:attachment":[{"href":"https:\/\/espacoecologico.com.br\/arquivo\/wp-json\/wp\/v2\/media?parent=132432"}],"wp:term":[{"taxonomy":"category","embeddable":true,"href":"https:\/\/espacoecologico.com.br\/arquivo\/wp-json\/wp\/v2\/categories?post=132432"},{"taxonomy":"post_tag","embeddable":true,"href":"https:\/\/espacoecologico.com.br\/arquivo\/wp-json\/wp\/v2\/tags?post=132432"}],"curies":[{"name":"wp","href":"https:\/\/api.w.org\/{rel}","templated":true}]}}