{"id":132427,"date":"2020-08-21T10:00:21","date_gmt":"2020-08-21T13:00:21","guid":{"rendered":"https:\/\/espacoecologico.com.br\/arquivo\/?p=132427"},"modified":"2020-08-21T08:37:48","modified_gmt":"2020-08-21T11:37:48","slug":"como-a-energia-solar-vai-ajudar-empresarios-a-economizarem-na-conta-de-luz-no-pos-crise","status":"publish","type":"post","link":"https:\/\/espacoecologico.com.br\/arquivo\/como-a-energia-solar-vai-ajudar-empresarios-a-economizarem-na-conta-de-luz-no-pos-crise\/","title":{"rendered":"Como a energia solar vai ajudar empres\u00e1rios a economizarem na conta de luz no p\u00f3s crise"},"content":{"rendered":"<h5><a href=\"https:\/\/espacoecologico.com.br\/arquivo\/wp-content\/uploads\/2020\/08\/energia_solar.jpg\"><img loading=\"lazy\" class=\"alignleft size-medium wp-image-132428\" src=\"https:\/\/espacoecologico.com.br\/arquivo\/wp-content\/uploads\/2020\/08\/energia_solar-300x192.jpg\" alt=\"\" width=\"300\" height=\"192\" srcset=\"https:\/\/espacoecologico.com.br\/arquivo\/wp-content\/uploads\/2020\/08\/energia_solar-300x192.jpg 300w, https:\/\/espacoecologico.com.br\/arquivo\/wp-content\/uploads\/2020\/08\/energia_solar.jpg 415w\" sizes=\"(max-width: 300px) 100vw, 300px\" \/><\/a>De olho na recupera\u00e7\u00e3o p\u00f3s-pandemia causada pelo Covid-19, empres\u00e1rios est\u00e3o buscando alternativas para reduzir os custos dos seus neg\u00f3cios<\/h5>\n<p>Uma das medidas \u00e9 a diminui\u00e7\u00e3o dos gastos mensais na conta de luz e com isso, a energia solar \u00e9 uma das formas mais econ\u00f4micas presentes no setor de energia, al\u00e9m de corroborar para um consumo mais consciente e sustent\u00e1vel.<\/p>\n<p>Segundo o Conselho Federal de Engenharia e Agronomia (Confea), o Brasil j\u00e1 alcan\u00e7ou 300 mil unidades instaladas em sistemas fotovoltaicos e ao que parece, esse n\u00famero tende a subir j\u00e1 que empres\u00e1rios est\u00e3o empenhados em buscar uma sa\u00edda para se reestabelecerem diante de um cen\u00e1rio de crise que o pa\u00eds tem vivido.<\/p>\n<p>De acordo com Associa\u00e7\u00e3o Brasileira de Energia Solar Fotovoltaica (Absolar), mais de 16,4 bilh\u00f5es de reais dever\u00e3o ser investidos na instala\u00e7\u00e3o de sistemas solares fotovoltaicos para atender inclusive com\u00e9rcios e ind\u00fastrias brasileiras, at\u00e9 o final de 2020. Outro dado importante da entidade mostra que o mercado cresceu 50% em pot\u00eancia acumulada entre janeiro e julho deste ano.<\/p>\n<p>De olho nesse crescimento, a\u00a0<a href=\"https:\/\/ledax.com\/\"><strong>Ledax<\/strong><\/a>, empresa que oferece solu\u00e7\u00f5es em economia de energia com ilumina\u00e7\u00e3o LED e gera\u00e7\u00e3o de energia fotovoltaica para clientes corporativos, desenvolveu a divis\u00e3o Ledax Energy Solutions no in\u00edcio de 2019, com o objetivo de gerar energia limpa e sustent\u00e1vel a baixo custo por meio de solu\u00e7\u00f5es\u00a0 fotovoltaicos para pequenas e m\u00e9dias empresas.<\/p>\n<p>Para Lucas Batista, diretor da Ledax e respons\u00e1vel pelo setor de energia solar, as PMEs que geram sua pr\u00f3pria energia por meio de sistemas fotovoltaicos t\u00eam maior capacidade de investimento e mais competitividade, ampliando seus lucros, devido \u00e0 redu\u00e7\u00e3o em at\u00e9 95% da sua fatura de energia. Al\u00e9m disso, s\u00e3o muito menos impactadas pelos aumentos e bandeiras tarif\u00e1rias. Tudo isso \u00e9 poss\u00edvel atrav\u00e9s de um investimento com retorno de, em m\u00e9dia, 3 anos, para uma vida \u00fatil do sistema de 25 anos ou mais.<\/p>\n<p>Esses n\u00fameros mostram que o setor tem um potencial de crescimento muito grande e eles estar\u00e3o cada vez mais acess\u00edveis para o setor corporativo, principalmente porque a ado\u00e7\u00e3o desse tipo de energia no pa\u00eds est\u00e1 sendo estimulada pelo aumento da efici\u00eancia e o baixo custo dos pain\u00e9is fotovoltaicos. Com isso, ela \u00e9 considerada uma alternativa para os empres\u00e1rios diminu\u00edrem os gastos em meio \u00e0 crise econ\u00f4mica.<\/p>\n<h6><img loading=\"lazy\" class=\"aligncenter size-full wp-image-23898 lazyloaded\" src=\"http:\/\/www.neomondo.org.br\/base\/wp-content\/uploads\/2020\/08\/solar-cell-4045029_640.jpg\" sizes=\"(max-width: 640px) 100vw, 640px\" srcset=\"http:\/\/www.neomondo.org.br\/base\/wp-content\/uploads\/2020\/08\/solar-cell-4045029_640.jpg 640w, http:\/\/www.neomondo.org.br\/base\/wp-content\/uploads\/2020\/08\/solar-cell-4045029_640-300x200.jpg 300w, http:\/\/www.neomondo.org.br\/base\/wp-content\/uploads\/2020\/08\/solar-cell-4045029_640-585x389.jpg 585w, http:\/\/www.neomondo.org.br\/base\/wp-content\/uploads\/2020\/08\/solar-cell-4045029_640-263x175.jpg 263w\" alt=\"\" width=\"640\" height=\"426\" data-lazy-src=\"http:\/\/www.neomondo.org.br\/base\/wp-content\/uploads\/2020\/08\/solar-cell-4045029_640.jpg\" data-lazy-srcset=\"http:\/\/www.neomondo.org.br\/base\/wp-content\/uploads\/2020\/08\/solar-cell-4045029_640.jpg 640w, http:\/\/www.neomondo.org.br\/base\/wp-content\/uploads\/2020\/08\/solar-cell-4045029_640-300x200.jpg 300w, http:\/\/www.neomondo.org.br\/base\/wp-content\/uploads\/2020\/08\/solar-cell-4045029_640-585x389.jpg 585w, http:\/\/www.neomondo.org.br\/base\/wp-content\/uploads\/2020\/08\/solar-cell-4045029_640-263x175.jpg 263w\" data-lazy-sizes=\"(max-width: 640px) 100vw, 640px\" data-was-processed=\"true\" \/>Foto \u2013 Pixabay<\/h6>\n","protected":false},"excerpt":{"rendered":"<p>De olho na recupera\u00e7\u00e3o p\u00f3s-pandemia causada pelo Covid-19, empres\u00e1rios est\u00e3o buscando alternativas para reduzir os<\/p>\n","protected":false},"author":2,"featured_media":132428,"comment_status":"open","ping_status":"open","sticky":false,"template":"","format":"standard","meta":[],"categories":[],"tags":[],"uagb_featured_image_src":{"full":["https:\/\/espacoecologico.com.br\/arquivo\/wp-content\/uploads\/2020\/08\/energia_solar.jpg",415,265,false],"thumbnail":["https:\/\/espacoecologico.com.br\/arquivo\/wp-content\/uploads\/2020\/08\/energia_solar-150x150.jpg",150,150,true],"medium":["https:\/\/espacoecologico.com.br\/arquivo\/wp-content\/uploads\/2020\/08\/energia_solar-300x192.jpg",300,192,true],"medium_large":["https:\/\/espacoecologico.com.br\/arquivo\/wp-content\/uploads\/2020\/08\/energia_solar.jpg",415,265,false],"large":["https:\/\/espacoecologico.com.br\/arquivo\/wp-content\/uploads\/2020\/08\/energia_solar.jpg",415,265,false],"1536x1536":["https:\/\/espacoecologico.com.br\/arquivo\/wp-content\/uploads\/2020\/08\/energia_solar.jpg",415,265,false],"2048x2048":["https:\/\/espacoecologico.com.br\/arquivo\/wp-content\/uploads\/2020\/08\/energia_solar.jpg",415,265,false],"cream-magazine-thumbnail-2":["https:\/\/espacoecologico.com.br\/arquivo\/wp-content\/uploads\/2020\/08\/energia_solar.jpg",415,265,false],"cream-magazine-thumbnail-3":["https:\/\/espacoecologico.com.br\/arquivo\/wp-content\/uploads\/2020\/08\/energia_solar.jpg",415,265,false],"cream-magazine-thumbnail-4":["https:\/\/espacoecologico.com.br\/arquivo\/wp-content\/uploads\/2020\/08\/energia_solar.jpg",415,265,false]},"uagb_author_info":{"display_name":"","author_link":"https:\/\/espacoecologico.com.br\/arquivo\/author\/"},"uagb_comment_info":0,"uagb_excerpt":"De olho na recupera\u00e7\u00e3o p\u00f3s-pandemia causada pelo Covid-19, empres\u00e1rios est\u00e3o buscando alternativas para reduzir os","_links":{"self":[{"href":"https:\/\/espacoecologico.com.br\/arquivo\/wp-json\/wp\/v2\/posts\/132427"}],"collection":[{"href":"https:\/\/espacoecologico.com.br\/arquivo\/wp-json\/wp\/v2\/posts"}],"about":[{"href":"https:\/\/espacoecologico.com.br\/arquivo\/wp-json\/wp\/v2\/types\/post"}],"author":[{"embeddable":true,"href":"https:\/\/espacoecologico.com.br\/arquivo\/wp-json\/wp\/v2\/users\/2"}],"replies":[{"embeddable":true,"href":"https:\/\/espacoecologico.com.br\/arquivo\/wp-json\/wp\/v2\/comments?post=132427"}],"version-history":[{"count":0,"href":"https:\/\/espacoecologico.com.br\/arquivo\/wp-json\/wp\/v2\/posts\/132427\/revisions"}],"wp:featuredmedia":[{"embeddable":true,"href":"https:\/\/espacoecologico.com.br\/arquivo\/wp-json\/wp\/v2\/media\/132428"}],"wp:attachment":[{"href":"https:\/\/espacoecologico.com.br\/arquivo\/wp-json\/wp\/v2\/media?parent=132427"}],"wp:term":[{"taxonomy":"category","embeddable":true,"href":"https:\/\/espacoecologico.com.br\/arquivo\/wp-json\/wp\/v2\/categories?post=132427"},{"taxonomy":"post_tag","embeddable":true,"href":"https:\/\/espacoecologico.com.br\/arquivo\/wp-json\/wp\/v2\/tags?post=132427"}],"curies":[{"name":"wp","href":"https:\/\/api.w.org\/{rel}","templated":true}]}}