{"id":132419,"date":"2020-08-21T08:00:06","date_gmt":"2020-08-21T11:00:06","guid":{"rendered":"https:\/\/espacoecologico.com.br\/arquivo\/?p=132419"},"modified":"2020-08-21T07:16:19","modified_gmt":"2020-08-21T10:16:19","slug":"tres-vezes-maior-nova-especie-de-gafanhoto-faz-argentina-decretar-alerta-fitossanitario","status":"publish","type":"post","link":"https:\/\/espacoecologico.com.br\/arquivo\/tres-vezes-maior-nova-especie-de-gafanhoto-faz-argentina-decretar-alerta-fitossanitario\/","title":{"rendered":"Tr\u00eas vezes maior, nova esp\u00e9cie de gafanhoto faz Argentina decretar alerta fitossanit\u00e1rio"},"content":{"rendered":"<p><a href=\"https:\/\/espacoecologico.com.br\/arquivo\/wp-content\/uploads\/2020\/08\/gafanhoto.jpg\"><img loading=\"lazy\" class=\"alignleft size-medium wp-image-132420\" src=\"https:\/\/espacoecologico.com.br\/arquivo\/wp-content\/uploads\/2020\/08\/gafanhoto-300x192.jpg\" alt=\"\" width=\"300\" height=\"192\" srcset=\"https:\/\/espacoecologico.com.br\/arquivo\/wp-content\/uploads\/2020\/08\/gafanhoto-300x192.jpg 300w, https:\/\/espacoecologico.com.br\/arquivo\/wp-content\/uploads\/2020\/08\/gafanhoto.jpg 415w\" sizes=\"(max-width: 300px) 100vw, 300px\" \/><\/a>O Servi\u00e7o de Sanidade e Qualidade Agroalimentar da Argentina (Senasa) declarou alerta fitossanit\u00e1rio na \u00faltima quarta-feira (19\/8) por conta da incid\u00eancia de uma nova esp\u00e9cie de gafanhoto, que \u00e9 quase tr\u00eas vezes maior do que os que j\u00e1 circulam h\u00e1 semanas no pa\u00eds.<\/p>\n<p>O nome da praga \u00e9\u00a0<em>Tropidacris collaris<\/em>, conhecida como tucura quebrachera. Segundo o Senasa, o alerta vai at\u00e9 31 de mar\u00e7o de 2021 e tem como objetivo implementar medidas de manejo coordenado junto aos produtores para diminuir o impacto do inseto.<\/p>\n<p>Na defini\u00e7\u00e3o do Senasa, as tucuras s\u00e3o insetos que \u201ccomem muito, alimentando-se de quase todas as plantas, incluindo planta\u00e7\u00f5es, pastagens e flora nativa\u201d, e, portanto, \u201cpodem afetar a atividade agropecu\u00e1ria de forma direta e a pecu\u00e1ria de forma indireta, pois reduz a disponibilidade de recursos forrageiros\u201d.<\/p>\n<p>A ag\u00eancia governamental argentina informou ter detectado avan\u00e7os da praga nas prov\u00edncias Santa F\u00e9, Entre R\u00edos, San Luis e em Pergamino, Buenos Aires. No entanto, houve aumento populacional neste ano nas prov\u00edncias de C\u00f3rdoba, Santiago del Estero, Santa F\u00e9, Catamarca, Chaco e Salta, causando danos \u00e0s lavouras de soja, milho, algod\u00e3o e sorgo, al\u00e9m de matas nativas e pastagens.<\/p>\n<p>Famosa na Argentina, a tucura quebrachera at\u00e9 lembra o gafanhoto sul-americano, da esp\u00e9cie\u00a0<em>Schistocerca cancellata<\/em>. No final de junho, o pr\u00f3prio Senasa esclareceu que um dos v\u00eddeos que circulavam nas redes era, na verdade, da tucura quebrachera.<\/p>\n<p>No entanto, segundo Daniel Igarzabal, engenheiro agr\u00f4nomo com mais de 40 anos de experi\u00eancia em manejo integrado de pragas, h\u00e1 diferen\u00e7as importantes entre as duas esp\u00e9cies.<\/p>\n<p>&#8220;As nuvens de gafanhotos s\u00e3o organizadas e voam milhares de quil\u00f4metros. Essas tucuras podem formar algo semelhante a uma nuvem, s\u00f3 que com muito menos indiv\u00edduos. A forma\u00e7\u00e3o de grupos tamb\u00e9m \u00e9 tempor\u00e1ria e as tucuras percorrem curtas dist\u00e2ncias&#8221;, diz.<\/p>\n<p>A capacidade de voo das tucuras tamb\u00e9m \u00e9 limitada. &#8220;As nuvens de gafanhotos movem-se preferencialmente seguindo as correntes de ar quente, a uma altura entre 1.000 a 2.000 metros. A quebrachera n\u00e3o ultrapassa 200 metros de altura\u201d, completa Igarzabal.<\/p>\n<p>Segundo o engenheiro agr\u00f4nomo, existe a possibilidade de danos em cultivos, mas isso pode ocorrer \u201cuma vez a cada v\u00e1rios anos&#8221;. &#8220;N\u00e3o \u00e9 uma praga constante. A abund\u00e2ncia da praga em um determinado ano pode causar danos devido ao d\u00e9ficit alimentar. A tucura se desloca para outras \u00e1reas onde h\u00e1 pouca floresta e tenta sobreviver alimentando-se do que pode. Ela prefere plantas de lignina, como sorgo, em vez de soja&#8221;, explica.<\/p>\n","protected":false},"excerpt":{"rendered":"<p>O Servi\u00e7o de Sanidade e Qualidade Agroalimentar da Argentina (Senasa) declarou alerta fitossanit\u00e1rio na \u00faltima<\/p>\n","protected":false},"author":2,"featured_media":132420,"comment_status":"open","ping_status":"open","sticky":false,"template":"","format":"standard","meta":[],"categories":[],"tags":[],"uagb_featured_image_src":{"full":["https:\/\/espacoecologico.com.br\/arquivo\/wp-content\/uploads\/2020\/08\/gafanhoto.jpg",415,265,false],"thumbnail":["https:\/\/espacoecologico.com.br\/arquivo\/wp-content\/uploads\/2020\/08\/gafanhoto-150x150.jpg",150,150,true],"medium":["https:\/\/espacoecologico.com.br\/arquivo\/wp-content\/uploads\/2020\/08\/gafanhoto-300x192.jpg",300,192,true],"medium_large":["https:\/\/espacoecologico.com.br\/arquivo\/wp-content\/uploads\/2020\/08\/gafanhoto.jpg",415,265,false],"large":["https:\/\/espacoecologico.com.br\/arquivo\/wp-content\/uploads\/2020\/08\/gafanhoto.jpg",415,265,false],"1536x1536":["https:\/\/espacoecologico.com.br\/arquivo\/wp-content\/uploads\/2020\/08\/gafanhoto.jpg",415,265,false],"2048x2048":["https:\/\/espacoecologico.com.br\/arquivo\/wp-content\/uploads\/2020\/08\/gafanhoto.jpg",415,265,false],"cream-magazine-thumbnail-2":["https:\/\/espacoecologico.com.br\/arquivo\/wp-content\/uploads\/2020\/08\/gafanhoto.jpg",415,265,false],"cream-magazine-thumbnail-3":["https:\/\/espacoecologico.com.br\/arquivo\/wp-content\/uploads\/2020\/08\/gafanhoto.jpg",415,265,false],"cream-magazine-thumbnail-4":["https:\/\/espacoecologico.com.br\/arquivo\/wp-content\/uploads\/2020\/08\/gafanhoto.jpg",415,265,false]},"uagb_author_info":{"display_name":"","author_link":"https:\/\/espacoecologico.com.br\/arquivo\/author\/"},"uagb_comment_info":0,"uagb_excerpt":"O Servi\u00e7o de Sanidade e Qualidade Agroalimentar da Argentina (Senasa) declarou alerta fitossanit\u00e1rio na \u00faltima","_links":{"self":[{"href":"https:\/\/espacoecologico.com.br\/arquivo\/wp-json\/wp\/v2\/posts\/132419"}],"collection":[{"href":"https:\/\/espacoecologico.com.br\/arquivo\/wp-json\/wp\/v2\/posts"}],"about":[{"href":"https:\/\/espacoecologico.com.br\/arquivo\/wp-json\/wp\/v2\/types\/post"}],"author":[{"embeddable":true,"href":"https:\/\/espacoecologico.com.br\/arquivo\/wp-json\/wp\/v2\/users\/2"}],"replies":[{"embeddable":true,"href":"https:\/\/espacoecologico.com.br\/arquivo\/wp-json\/wp\/v2\/comments?post=132419"}],"version-history":[{"count":0,"href":"https:\/\/espacoecologico.com.br\/arquivo\/wp-json\/wp\/v2\/posts\/132419\/revisions"}],"wp:featuredmedia":[{"embeddable":true,"href":"https:\/\/espacoecologico.com.br\/arquivo\/wp-json\/wp\/v2\/media\/132420"}],"wp:attachment":[{"href":"https:\/\/espacoecologico.com.br\/arquivo\/wp-json\/wp\/v2\/media?parent=132419"}],"wp:term":[{"taxonomy":"category","embeddable":true,"href":"https:\/\/espacoecologico.com.br\/arquivo\/wp-json\/wp\/v2\/categories?post=132419"},{"taxonomy":"post_tag","embeddable":true,"href":"https:\/\/espacoecologico.com.br\/arquivo\/wp-json\/wp\/v2\/tags?post=132419"}],"curies":[{"name":"wp","href":"https:\/\/api.w.org\/{rel}","templated":true}]}}