{"id":132416,"date":"2020-08-21T07:09:51","date_gmt":"2020-08-21T10:09:51","guid":{"rendered":"https:\/\/espacoecologico.com.br\/arquivo\/?p=132416"},"modified":"2020-08-21T07:09:51","modified_gmt":"2020-08-21T10:09:51","slug":"policia-ambiental-devolve-a-natureza-aves-que-eram-mantidas-irregularmente-em-cativeiro","status":"publish","type":"post","link":"https:\/\/espacoecologico.com.br\/arquivo\/policia-ambiental-devolve-a-natureza-aves-que-eram-mantidas-irregularmente-em-cativeiro\/","title":{"rendered":"Pol\u00edcia Ambiental devolve \u00e0 natureza aves que eram mantidas irregularmente em cativeiro"},"content":{"rendered":"<div class=\"mc-column content-text active-extra-styles \" data-block-type=\"unstyled\" data-block-weight=\"27\" data-block-id=\"2\">\n<p class=\"content-text__container \" data-track-category=\"Link no Texto\" data-track-links=\"\"><a href=\"https:\/\/espacoecologico.com.br\/arquivo\/wp-content\/uploads\/2020\/08\/passaro.jpg\"><img loading=\"lazy\" class=\"alignleft size-medium wp-image-132417\" src=\"https:\/\/espacoecologico.com.br\/arquivo\/wp-content\/uploads\/2020\/08\/passaro-300x192.jpg\" alt=\"\" width=\"300\" height=\"192\" srcset=\"https:\/\/espacoecologico.com.br\/arquivo\/wp-content\/uploads\/2020\/08\/passaro-300x192.jpg 300w, https:\/\/espacoecologico.com.br\/arquivo\/wp-content\/uploads\/2020\/08\/passaro.jpg 415w\" sizes=\"(max-width: 300px) 100vw, 300px\" \/><\/a>A Pol\u00edcia Militar Ambiental resgatou nesta quinta-feira (20) tr\u00eas aves da fauna silvestre nativa que eram mantidas irregularmente em cativeiro em uma resid\u00eancia em\u00a0<a href=\"https:\/\/g1.globo.com\/sp\/presidente-prudente-regiao\/cidade\/osvaldo-cruz\/\">Osvaldo Cruz (SP)<\/a>.<\/p>\n<\/div>\n<div class=\"wall protected-content\">\n<div class=\"mc-column content-text active-extra-styles \" data-block-type=\"unstyled\" data-block-weight=\"23\" data-block-id=\"3\">\n<p class=\"content-text__container \" data-track-category=\"Link no Texto\" data-track-links=\"\">Os policiais compareceram ao local ap\u00f3s uma den\u00fancia e tiveram autoriza\u00e7\u00e3o do morador, um homem de 62 anos, para uma vistoria no im\u00f3vel.<\/p>\n<\/div>\n<div class=\"mc-column content-text active-extra-styles \" data-block-type=\"unstyled\" data-block-weight=\"11\" data-block-id=\"4\">\n<p class=\"content-text__container \" data-track-category=\"Link no Texto\" data-track-links=\"\">Durante a fiscaliza\u00e7\u00e3o, os militares encontraram tr\u00eas can\u00e1rios-da-terra em duas gaiolas.<\/p>\n<\/div>\n<div class=\"mc-column content-text active-extra-styles \" data-block-type=\"unstyled\" data-block-weight=\"31\" data-block-id=\"5\">\n<p class=\"content-text__container \" data-track-category=\"Link no Texto\" data-track-links=\"\">O morador, segundo a pol\u00edcia, confessou que n\u00e3o possu\u00eda autoriza\u00e7\u00e3o para manter as aves em cativeiro e recebeu um auto de infra\u00e7\u00e3o ambiental com multa no valor de R$ 1,5 mil.<\/p>\n<\/div>\n<div class=\"mc-column content-text active-extra-styles \" data-block-type=\"unstyled\" data-block-weight=\"17\" data-block-id=\"6\">\n<p class=\"content-text__container \" data-track-category=\"Link no Texto\" data-track-links=\"\">Como apresentavam sinais de captura recente e estado bravio, os p\u00e1ssaros resgatados foram soltos novamente na natureza.<\/p>\n<\/div>\n<div class=\"mc-column content-text active-extra-styles \" data-block-type=\"unstyled\" data-block-weight=\"23\" data-block-id=\"7\">\n<p class=\"content-text__container \" data-track-category=\"Link no Texto\" data-track-links=\"\">Ainda segundo a pol\u00edcia, o morador vai responder tamb\u00e9m pelo crime contra a fauna previsto no artigo 29 da lei federal n\u00ba 9.605\/98.<\/p>\n<\/div>\n<div class=\"row medium-uncollapsed content-media content-photo\" data-block-type=\"backstage-photo\" data-block-id=\"8\">\n<div class=\"mc-column content-media__container\">\n<figure><img loading=\"lazy\" class=\"i-amphtml-fill-content i-amphtml-replaced-content\" src=\"https:\/\/s2.glbimg.com\/tZQAcvaGgjEfFyWJ95_KYUUnKg4=\/108x0:1061x540\/984x0\/smart\/filters:strip_icc()\/i.s3.glbimg.com\/v1\/AUTH_59edd422c0c84a879bd37670ae4f538a\/internal_photos\/bs\/2020\/B\/I\/5LCBuoRY6MdBpY0F1Ahg\/oc-4.jpg\" sizes=\"(max-width: 1920px) 648px, 100vw\" srcset=\"https:\/\/s2.glbimg.com\/F5UjHvh9pNsFQOq_TNPlbo7sdkg=\/108x0:1061x540\/1000x0\/smart\/filters:strip_icc()\/i.s3.glbimg.com\/v1\/AUTH_59edd422c0c84a879bd37670ae4f538a\/internal_photos\/bs\/2020\/B\/I\/5LCBuoRY6MdBpY0F1Ahg\/oc-4.jpg 1000w, https:\/\/s2.glbimg.com\/tZQAcvaGgjEfFyWJ95_KYUUnKg4=\/108x0:1061x540\/984x0\/smart\/filters:strip_icc()\/i.s3.glbimg.com\/v1\/AUTH_59edd422c0c84a879bd37670ae4f538a\/internal_photos\/bs\/2020\/B\/I\/5LCBuoRY6MdBpY0F1Ahg\/oc-4.jpg 984w, https:\/\/s2.glbimg.com\/yfsxIKUVg9fs_xKMt6IwH4ehueY=\/108x0:1061x540\/640x0\/smart\/filters:strip_icc()\/i.s3.glbimg.com\/v1\/AUTH_59edd422c0c84a879bd37670ae4f538a\/internal_photos\/bs\/2020\/B\/I\/5LCBuoRY6MdBpY0F1Ahg\/oc-4.jpg 640w, https:\/\/s2.glbimg.com\/qDUJJItLG4yP-9iJPrDZxx-yFlg=\/108x0:1061x540\/600x0\/smart\/filters:strip_icc()\/i.s3.glbimg.com\/v1\/AUTH_59edd422c0c84a879bd37670ae4f538a\/internal_photos\/bs\/2020\/B\/I\/5LCBuoRY6MdBpY0F1Ahg\/oc-4.jpg 600w\" alt=\"Aves resgatadas em Osvaldo Cruz foram devolvidas \u00e0 natureza \u2014 Foto: Pol\u00edcia Militar Ambiental\" width=\"639\" height=\"362\" \/><\/figure>\n<p class=\"content-media__description \">Aves resgatadas em Osvaldo Cruz foram devolvidas \u00e0 natureza \u2014 Foto: Pol\u00edcia Militar Ambiental<\/p>\n<\/div>\n<\/div>\n<div class=\"mc-column content-text active-extra-styles\" data-block-type=\"raw\" data-block-weight=\"4\" data-block-id=\"10\">\n<div class=\"content-intertitle\">\n<h2>Canto forte e estalado<\/h2>\n<\/div>\n<\/div>\n<div class=\"mc-column content-text active-extra-styles \" data-block-type=\"unstyled\" data-block-weight=\"16\" data-block-id=\"11\">\n<p class=\"content-text__container \" data-track-category=\"Link no Texto\" data-track-links=\"\">O can\u00e1rio-da-terra (<em>Sicalis flaveola<\/em>)\u00a0<a href=\"http:\/\/g1.globo.com\/sp\/campinas-regiao\/terra-da-gente\/fauna\/noticia\/2015\/01\/canario-da-terra.html\">\u00e9 uma esp\u00e9cie predominantemente gran\u00edvora, correndo no solo \u00e0 procura de sementes<\/a>.<\/p>\n<\/div>\n<div class=\"mc-column content-text active-extra-styles \" data-block-type=\"unstyled\" data-block-weight=\"49\" data-block-id=\"12\">\n<p class=\"content-text__container \" data-track-category=\"Link no Texto\" data-track-links=\"\">Em sua reprodu\u00e7\u00e3o, frequentemente utiliza ninhos abandonados de outros p\u00e1ssaros, sobretudo do jo\u00e3o-de-barro (<em>Furnarius rufus<\/em>), e instala-se tamb\u00e9m entre plantas ep\u00edfitas e em buracos, fazendo uma cestinha confort\u00e1vel nesses espa\u00e7os. Os ovos s\u00e3o bem manchados, de tr\u00eas a quatro por postura, com um per\u00edodo de incuba\u00e7\u00e3o de 13 dias.<\/p>\n<\/div>\n<div class=\"mc-column content-text active-extra-styles \" data-block-type=\"unstyled\" data-block-weight=\"60\" data-block-id=\"13\">\n<p class=\"content-text__container \" data-track-category=\"Link no Texto\" data-track-links=\"\">O can\u00e1rio-da-terra mede at\u00e9 13,5 cent\u00edmetros. \u00c9 colorido amarelo-oliv\u00e1cea com estrias enegrecidas nas costas e em cima da cabe\u00e7a um colorido alaranjado. A \u00edris \u00e9 negra e o bico tem a parte superior com cor de chifre e a inferior \u00e9 amarelada. J\u00e1 a f\u00eamea e o juvenil t\u00eam a parte superior do corpo oliv\u00e1cea com estria\u00e7\u00e3o parda por baixo.<\/p>\n<\/div>\n<div class=\"mc-column content-text active-extra-styles \" data-block-type=\"unstyled\" data-block-weight=\"39\" data-block-id=\"14\">\n<p class=\"content-text__container \" data-track-category=\"Link no Texto\" data-track-links=\"\">\u00c9 conhecido tamb\u00e9m como can\u00e1rio-da-horta, can\u00e1rio-da-telha, can\u00e1rio-do-ch\u00e3o, corinha e chapinha. Este passarinho \u00e9 muito admirado pelo canto forte e estalado. O macho tem um canto de madrugada territorial extenso, \u00e1spero, fraseado, bem diferente do canto diurno. Empoleira para cantar.<\/p>\n<\/div>\n<div class=\"mc-column content-text active-extra-styles \" data-block-type=\"unstyled\" data-block-weight=\"26\" data-block-id=\"15\">\n<p class=\"content-text__container \" data-track-category=\"Link no Texto\" data-track-links=\"\">Vive em grupos, mas durante a reprodu\u00e7\u00e3o fica estritamente em casais. A sua captura \u00e9 indiscriminada para venda a apreciadores de p\u00e1ssaros canoros, com canto melodioso.<\/p>\n<\/div>\n<div class=\"row medium-uncollapsed content-media content-photo\" data-block-type=\"backstage-photo\" data-block-id=\"16\">\n<div class=\"mc-column content-media__container\">\n<figure><img loading=\"lazy\" class=\"i-amphtml-fill-content i-amphtml-replaced-content\" src=\"https:\/\/s2.glbimg.com\/o0w6Zhrqe3waLjQDuIocme9xcvQ=\/0x0:1280x720\/984x0\/smart\/filters:strip_icc()\/i.s3.glbimg.com\/v1\/AUTH_59edd422c0c84a879bd37670ae4f538a\/internal_photos\/bs\/2020\/Q\/H\/IV4UEwQkSw4urkBgERbg\/oc-1.jpg\" sizes=\"(max-width: 1920px) 648px, 100vw\" srcset=\"https:\/\/s2.glbimg.com\/rpiyf2H5ci_6p68wYAIEEq17VUg=\/0x0:1280x720\/1000x0\/smart\/filters:strip_icc()\/i.s3.glbimg.com\/v1\/AUTH_59edd422c0c84a879bd37670ae4f538a\/internal_photos\/bs\/2020\/Q\/H\/IV4UEwQkSw4urkBgERbg\/oc-1.jpg 1000w, https:\/\/s2.glbimg.com\/o0w6Zhrqe3waLjQDuIocme9xcvQ=\/0x0:1280x720\/984x0\/smart\/filters:strip_icc()\/i.s3.glbimg.com\/v1\/AUTH_59edd422c0c84a879bd37670ae4f538a\/internal_photos\/bs\/2020\/Q\/H\/IV4UEwQkSw4urkBgERbg\/oc-1.jpg 984w, https:\/\/s2.glbimg.com\/bWAarLPyEx-DBf0qTifLnUyNUUI=\/0x0:1280x720\/640x0\/smart\/filters:strip_icc()\/i.s3.glbimg.com\/v1\/AUTH_59edd422c0c84a879bd37670ae4f538a\/internal_photos\/bs\/2020\/Q\/H\/IV4UEwQkSw4urkBgERbg\/oc-1.jpg 640w, https:\/\/s2.glbimg.com\/uEw4uCdTtMPGyhBT19ADVjFgz8Q=\/0x0:1280x720\/600x0\/smart\/filters:strip_icc()\/i.s3.glbimg.com\/v1\/AUTH_59edd422c0c84a879bd37670ae4f538a\/internal_photos\/bs\/2020\/Q\/H\/IV4UEwQkSw4urkBgERbg\/oc-1.jpg 600w\" alt=\"Aves eram mantidas irregularmente em cativeiro em Osvaldo Cruz \u2014 Foto: Pol\u00edcia Militar Ambiental\" width=\"639\" height=\"360\" \/><\/figure>\n<p class=\"content-media__description \">Aves eram mantidas irregularmente em cativeiro em Osvaldo Cruz \u2014 Foto: Pol\u00edcia Militar Ambiental<\/p>\n<\/div>\n<\/div>\n<div class=\"row medium-uncollapsed content-media content-photo\" data-block-type=\"backstage-photo\" data-block-id=\"17\">\n<div class=\"mc-column content-media__container\">\n<figure><img loading=\"lazy\" class=\"i-amphtml-fill-content i-amphtml-replaced-content\" src=\"https:\/\/s2.glbimg.com\/uR4F9J7S61ReXU0TdK4TW2_s6NU=\/0x0:1280x720\/984x0\/smart\/filters:strip_icc()\/i.s3.glbimg.com\/v1\/AUTH_59edd422c0c84a879bd37670ae4f538a\/internal_photos\/bs\/2020\/o\/9\/8fhVBLRnS8e2KL9lm9dA\/oc-2.jpg\" sizes=\"(max-width: 1920px) 648px, 100vw\" srcset=\"https:\/\/s2.glbimg.com\/nWdlfLq2yajlz_5m704gNFYeYLM=\/0x0:1280x720\/1000x0\/smart\/filters:strip_icc()\/i.s3.glbimg.com\/v1\/AUTH_59edd422c0c84a879bd37670ae4f538a\/internal_photos\/bs\/2020\/o\/9\/8fhVBLRnS8e2KL9lm9dA\/oc-2.jpg 1000w, https:\/\/s2.glbimg.com\/uR4F9J7S61ReXU0TdK4TW2_s6NU=\/0x0:1280x720\/984x0\/smart\/filters:strip_icc()\/i.s3.glbimg.com\/v1\/AUTH_59edd422c0c84a879bd37670ae4f538a\/internal_photos\/bs\/2020\/o\/9\/8fhVBLRnS8e2KL9lm9dA\/oc-2.jpg 984w, https:\/\/s2.glbimg.com\/BhoRAoqrfC8YiHsD4nZtZo_lqn4=\/0x0:1280x720\/640x0\/smart\/filters:strip_icc()\/i.s3.glbimg.com\/v1\/AUTH_59edd422c0c84a879bd37670ae4f538a\/internal_photos\/bs\/2020\/o\/9\/8fhVBLRnS8e2KL9lm9dA\/oc-2.jpg 640w, https:\/\/s2.glbimg.com\/NcA-NIplkS0w9QbXTSNPtUNTGrA=\/0x0:1280x720\/600x0\/smart\/filters:strip_icc()\/i.s3.glbimg.com\/v1\/AUTH_59edd422c0c84a879bd37670ae4f538a\/internal_photos\/bs\/2020\/o\/9\/8fhVBLRnS8e2KL9lm9dA\/oc-2.jpg 600w\" alt=\"Aves eram mantidas irregularmente em cativeiro em Osvaldo Cruz \u2014 Foto: Pol\u00edcia Militar Ambiental\" width=\"639\" height=\"360\" \/><\/figure>\n<p class=\"content-media__description \">Aves eram mantidas irregularmente em cativeiro em Osvaldo Cruz \u2014 Foto: Pol\u00edcia Militar Ambiental<\/p>\n<\/div>\n<\/div>\n<\/div>\n","protected":false},"excerpt":{"rendered":"<p>A Pol\u00edcia Militar Ambiental resgatou nesta quinta-feira (20) tr\u00eas aves da fauna silvestre nativa que<\/p>\n","protected":false},"author":2,"featured_media":132417,"comment_status":"open","ping_status":"open","sticky":false,"template":"","format":"standard","meta":[],"categories":[],"tags":[],"uagb_featured_image_src":{"full":["https:\/\/espacoecologico.com.br\/arquivo\/wp-content\/uploads\/2020\/08\/passaro.jpg",415,265,false],"thumbnail":["https:\/\/espacoecologico.com.br\/arquivo\/wp-content\/uploads\/2020\/08\/passaro-150x150.jpg",150,150,true],"medium":["https:\/\/espacoecologico.com.br\/arquivo\/wp-content\/uploads\/2020\/08\/passaro-300x192.jpg",300,192,true],"medium_large":["https:\/\/espacoecologico.com.br\/arquivo\/wp-content\/uploads\/2020\/08\/passaro.jpg",415,265,false],"large":["https:\/\/espacoecologico.com.br\/arquivo\/wp-content\/uploads\/2020\/08\/passaro.jpg",415,265,false],"1536x1536":["https:\/\/espacoecologico.com.br\/arquivo\/wp-content\/uploads\/2020\/08\/passaro.jpg",415,265,false],"2048x2048":["https:\/\/espacoecologico.com.br\/arquivo\/wp-content\/uploads\/2020\/08\/passaro.jpg",415,265,false],"cream-magazine-thumbnail-2":["https:\/\/espacoecologico.com.br\/arquivo\/wp-content\/uploads\/2020\/08\/passaro.jpg",415,265,false],"cream-magazine-thumbnail-3":["https:\/\/espacoecologico.com.br\/arquivo\/wp-content\/uploads\/2020\/08\/passaro.jpg",415,265,false],"cream-magazine-thumbnail-4":["https:\/\/espacoecologico.com.br\/arquivo\/wp-content\/uploads\/2020\/08\/passaro.jpg",415,265,false]},"uagb_author_info":{"display_name":"","author_link":"https:\/\/espacoecologico.com.br\/arquivo\/author\/"},"uagb_comment_info":0,"uagb_excerpt":"A Pol\u00edcia Militar Ambiental resgatou nesta quinta-feira (20) tr\u00eas aves da fauna silvestre nativa que","_links":{"self":[{"href":"https:\/\/espacoecologico.com.br\/arquivo\/wp-json\/wp\/v2\/posts\/132416"}],"collection":[{"href":"https:\/\/espacoecologico.com.br\/arquivo\/wp-json\/wp\/v2\/posts"}],"about":[{"href":"https:\/\/espacoecologico.com.br\/arquivo\/wp-json\/wp\/v2\/types\/post"}],"author":[{"embeddable":true,"href":"https:\/\/espacoecologico.com.br\/arquivo\/wp-json\/wp\/v2\/users\/2"}],"replies":[{"embeddable":true,"href":"https:\/\/espacoecologico.com.br\/arquivo\/wp-json\/wp\/v2\/comments?post=132416"}],"version-history":[{"count":0,"href":"https:\/\/espacoecologico.com.br\/arquivo\/wp-json\/wp\/v2\/posts\/132416\/revisions"}],"wp:featuredmedia":[{"embeddable":true,"href":"https:\/\/espacoecologico.com.br\/arquivo\/wp-json\/wp\/v2\/media\/132417"}],"wp:attachment":[{"href":"https:\/\/espacoecologico.com.br\/arquivo\/wp-json\/wp\/v2\/media?parent=132416"}],"wp:term":[{"taxonomy":"category","embeddable":true,"href":"https:\/\/espacoecologico.com.br\/arquivo\/wp-json\/wp\/v2\/categories?post=132416"},{"taxonomy":"post_tag","embeddable":true,"href":"https:\/\/espacoecologico.com.br\/arquivo\/wp-json\/wp\/v2\/tags?post=132416"}],"curies":[{"name":"wp","href":"https:\/\/api.w.org\/{rel}","templated":true}]}}