{"id":132408,"date":"2020-08-20T13:00:41","date_gmt":"2020-08-20T16:00:41","guid":{"rendered":"https:\/\/espacoecologico.com.br\/arquivo\/?p=132408"},"modified":"2020-08-20T09:23:03","modified_gmt":"2020-08-20T12:23:03","slug":"colombia-o-primeiro-pais-da-america-latina-a-proibir-testes-de-cosmeticos-em-animais","status":"publish","type":"post","link":"https:\/\/espacoecologico.com.br\/arquivo\/colombia-o-primeiro-pais-da-america-latina-a-proibir-testes-de-cosmeticos-em-animais\/","title":{"rendered":"Col\u00f4mbia: o primeiro pa\u00eds da Am\u00e9rica Latina a proibir testes de cosm\u00e9ticos em animais"},"content":{"rendered":"<p><a href=\"https:\/\/espacoecologico.com.br\/arquivo\/wp-content\/uploads\/2020\/08\/coelho.jpg\"><img loading=\"lazy\" class=\"alignleft size-medium wp-image-132409\" src=\"https:\/\/espacoecologico.com.br\/arquivo\/wp-content\/uploads\/2020\/08\/coelho-300x192.jpg\" alt=\"\" width=\"300\" height=\"192\" srcset=\"https:\/\/espacoecologico.com.br\/arquivo\/wp-content\/uploads\/2020\/08\/coelho-300x192.jpg 300w, https:\/\/espacoecologico.com.br\/arquivo\/wp-content\/uploads\/2020\/08\/coelho.jpg 415w\" sizes=\"(max-width: 300px) 100vw, 300px\" \/><\/a>O presidente da Col\u00f4mbia, Iv\u00e1n Duque, acaba de aprovar a Lei 2.047 que\u00a0<strong>pro\u00edbe\u00a0testes de produtos cosm\u00e9ticos em animais.<\/strong><\/p>\n<p>Com esta lei, a Col\u00f4mbia passa a ser um dos quase 40 pa\u00edses do mundo que j\u00e1\u00a0aboliu\u00a0o uso de animais em testes cosm\u00e9ticos, sendo\u00a0<strong>o primeiro da Am\u00e9rica Latina.\u00a0<\/strong><\/p>\n<p>A lei tamb\u00e9m restringe a importa\u00e7\u00e3o e a comercializa\u00e7\u00e3o de produtos cosm\u00e9ticos testados em animais e\u00a0<strong>entrar\u00e1 em vigor em 2024.<\/strong>\u00a0Para que seja cumprida, o governo criar\u00e1 incentivos para os laborat\u00f3rios e institui\u00e7\u00f5es cient\u00edficas nacionais desenvolverem\u00a0<a href=\"https:\/\/www.greenme.com.br\/informarse\/animais\/781-anvisa-reconhece-metodos-alternativos-aos-testes-em-animais\/\">m\u00e9todos alternativos aos testes em animais para cosm\u00e9ticos<\/a>.<\/p>\n<div id=\"lx_649921\" class=\"__lxG__multi __lxG__multi_lx_649921\" data-cnt=\"1\" data-width=\"336\" data-height=\"280\">\n<div id=\"div-gpt-ad-21927569649-1\" data-google-query-id=\"CInS3_DhqesCFX8yuQYd9cgH1Q\">\n<div id=\"google_ads_iframe_\/45470634\/clickio_area_649921_336x280_0__container__\">Esses incentivos ser\u00e3o provenientes de verbas do Minist\u00e9rio da Ci\u00eancia, Tecnologia e Inova\u00e7\u00e3o e ser\u00e3o aplicadas durante os 15 anos seguintes \u00e0 promulga\u00e7\u00e3o desta lei.<\/div>\n<\/div>\n<\/div>\n<p>Mas infelizmente, ainda existem brechas nessa lei, devido a\u00a0<strong>duas exce\u00e7\u00f5es:\u00a0<\/strong><\/p>\n<ul>\n<li>Quando n\u00e3o houver teste alternativos validados pela comunidade cient\u00edfica internacional para testar a seguran\u00e7a de um ingrediente que possa trazer risco \u00e0 sa\u00fade ou ao meio ambiente.<\/li>\n<li>Ou quando for para testar a seguran\u00e7a do ingrediente para outra finalidade, que n\u00e3o seja a cosm\u00e9tica.<\/li>\n<\/ul>\n<p>Contudo, a organiza\u00e7\u00e3o internacional\u00a0<em><a href=\"https:\/\/www.ad-international.org\/media_centre\/go.php?id=4836&amp;si=12\">Animal Defenders<\/a>\u00a0<\/em>considera a aprova\u00e7\u00e3o dessa lei um avan\u00e7o que poupar\u00e1 o sofrimento de um n\u00famero incont\u00e1vel de animais.<\/p>\n<p>De acordo com essa ONG, esses testes incluem doses t\u00f3xicas repetidas de produtos para observar efeitos t\u00f3xicos a longo prazo. Para isso, os animais podem ser for\u00e7ados a inalar, ingerir ou ainda ter esses produtos aplicados na pele, expondo-os a sofrimentos extremos em\u00a0<strong>testes desnecess\u00e1rios e pouco confi\u00e1veis.\u00a0<\/strong><\/p>\n<p>Ademais, j\u00e1 existem m\u00e9todos alternativos que evitam o problema das diferen\u00e7as entre as esp\u00e9cies em sua rea\u00e7\u00e3o \u00e0s subst\u00e2ncias, gerando resultados enganosos. O uso da\u00a0\u00a0tecnologia avan\u00e7ada possibilita isso, e produz resultados eficazes para os humanos.<\/p>\n<p>Jan Creamer, presidente da\u00a0<em>Animal Defenders International<\/em>\u00a0v\u00ea a aprova\u00e7\u00e3o dessa lei como um passo hist\u00f3rico que pode influenciar outros pa\u00edses da Am\u00e9rica Latina:<\/p>\n<blockquote><p>\u201cObrigado, Col\u00f4mbia, por liderar o caminho na Am\u00e9rica Latina, esperamos ver outras na\u00e7\u00f5es tomarem medidas semelhantes\u201d\u00a0<a href=\"https:\/\/www.ad-international.org\/media_centre\/go.php?id=4836&amp;si=12\">disse ele<\/a>:<\/p><\/blockquote>\n<p>E n\u00f3s, do GreenMe, tamb\u00e9m fazemos votos que mais na\u00e7\u00f5es acabem com os testes em animais!<\/p>\n","protected":false},"excerpt":{"rendered":"<p>O presidente da Col\u00f4mbia, Iv\u00e1n Duque, acaba de aprovar a Lei 2.047 que\u00a0pro\u00edbe\u00a0testes de produtos<\/p>\n","protected":false},"author":2,"featured_media":132409,"comment_status":"open","ping_status":"open","sticky":false,"template":"","format":"standard","meta":[],"categories":[],"tags":[],"uagb_featured_image_src":{"full":["https:\/\/espacoecologico.com.br\/arquivo\/wp-content\/uploads\/2020\/08\/coelho.jpg",415,265,false],"thumbnail":["https:\/\/espacoecologico.com.br\/arquivo\/wp-content\/uploads\/2020\/08\/coelho-150x150.jpg",150,150,true],"medium":["https:\/\/espacoecologico.com.br\/arquivo\/wp-content\/uploads\/2020\/08\/coelho-300x192.jpg",300,192,true],"medium_large":["https:\/\/espacoecologico.com.br\/arquivo\/wp-content\/uploads\/2020\/08\/coelho.jpg",415,265,false],"large":["https:\/\/espacoecologico.com.br\/arquivo\/wp-content\/uploads\/2020\/08\/coelho.jpg",415,265,false],"1536x1536":["https:\/\/espacoecologico.com.br\/arquivo\/wp-content\/uploads\/2020\/08\/coelho.jpg",415,265,false],"2048x2048":["https:\/\/espacoecologico.com.br\/arquivo\/wp-content\/uploads\/2020\/08\/coelho.jpg",415,265,false],"cream-magazine-thumbnail-2":["https:\/\/espacoecologico.com.br\/arquivo\/wp-content\/uploads\/2020\/08\/coelho.jpg",415,265,false],"cream-magazine-thumbnail-3":["https:\/\/espacoecologico.com.br\/arquivo\/wp-content\/uploads\/2020\/08\/coelho.jpg",415,265,false],"cream-magazine-thumbnail-4":["https:\/\/espacoecologico.com.br\/arquivo\/wp-content\/uploads\/2020\/08\/coelho.jpg",415,265,false]},"uagb_author_info":{"display_name":"","author_link":"https:\/\/espacoecologico.com.br\/arquivo\/author\/"},"uagb_comment_info":0,"uagb_excerpt":"O presidente da Col\u00f4mbia, Iv\u00e1n Duque, acaba de aprovar a Lei 2.047 que\u00a0pro\u00edbe\u00a0testes de produtos","_links":{"self":[{"href":"https:\/\/espacoecologico.com.br\/arquivo\/wp-json\/wp\/v2\/posts\/132408"}],"collection":[{"href":"https:\/\/espacoecologico.com.br\/arquivo\/wp-json\/wp\/v2\/posts"}],"about":[{"href":"https:\/\/espacoecologico.com.br\/arquivo\/wp-json\/wp\/v2\/types\/post"}],"author":[{"embeddable":true,"href":"https:\/\/espacoecologico.com.br\/arquivo\/wp-json\/wp\/v2\/users\/2"}],"replies":[{"embeddable":true,"href":"https:\/\/espacoecologico.com.br\/arquivo\/wp-json\/wp\/v2\/comments?post=132408"}],"version-history":[{"count":0,"href":"https:\/\/espacoecologico.com.br\/arquivo\/wp-json\/wp\/v2\/posts\/132408\/revisions"}],"wp:featuredmedia":[{"embeddable":true,"href":"https:\/\/espacoecologico.com.br\/arquivo\/wp-json\/wp\/v2\/media\/132409"}],"wp:attachment":[{"href":"https:\/\/espacoecologico.com.br\/arquivo\/wp-json\/wp\/v2\/media?parent=132408"}],"wp:term":[{"taxonomy":"category","embeddable":true,"href":"https:\/\/espacoecologico.com.br\/arquivo\/wp-json\/wp\/v2\/categories?post=132408"},{"taxonomy":"post_tag","embeddable":true,"href":"https:\/\/espacoecologico.com.br\/arquivo\/wp-json\/wp\/v2\/tags?post=132408"}],"curies":[{"name":"wp","href":"https:\/\/api.w.org\/{rel}","templated":true}]}}