{"id":132403,"date":"2020-08-20T12:30:05","date_gmt":"2020-08-20T15:30:05","guid":{"rendered":"https:\/\/espacoecologico.com.br\/arquivo\/?p=132403"},"modified":"2020-08-20T09:17:30","modified_gmt":"2020-08-20T12:17:30","slug":"sem-frear-mudancas-climaticas-humanidade-sofrera-com-desigualdades-e-novas-pandemias","status":"publish","type":"post","link":"https:\/\/espacoecologico.com.br\/arquivo\/sem-frear-mudancas-climaticas-humanidade-sofrera-com-desigualdades-e-novas-pandemias\/","title":{"rendered":"Sem frear mudan\u00e7as clim\u00e1ticas, humanidade sofrer\u00e1 com desigualdades e novas pandemias"},"content":{"rendered":"<h1><a href=\"https:\/\/espacoecologico.com.br\/arquivo\/wp-content\/uploads\/2020\/08\/mudanca_climatica.jpg\"><img loading=\"lazy\" class=\"alignleft size-medium wp-image-132404\" src=\"https:\/\/espacoecologico.com.br\/arquivo\/wp-content\/uploads\/2020\/08\/mudanca_climatica-300x192.jpg\" alt=\"\" width=\"300\" height=\"192\" srcset=\"https:\/\/espacoecologico.com.br\/arquivo\/wp-content\/uploads\/2020\/08\/mudanca_climatica-300x192.jpg 300w, https:\/\/espacoecologico.com.br\/arquivo\/wp-content\/uploads\/2020\/08\/mudanca_climatica.jpg 415w\" sizes=\"(max-width: 300px) 100vw, 300px\" \/><\/a>Entrevista especial com Wagner Ribeiro<\/h1>\n<p>\u201cQuem acompanha as\u00a0<strong>discuss\u00f5es socioambientais<\/strong>\u00a0h\u00e1 d\u00e9cadas n\u00e3o ficou surpreso com a eclos\u00e3o da\u00a0<a href=\"http:\/\/www.ihu.unisinos.br\/78-noticias\/598295-pandemia-novas-reflexoes-entrevista-com-giorgio-agamben\" target=\"_blank\" rel=\"noopener noreferrer\">pandemia<\/a>. Ela estava prevista, s\u00f3 n\u00e3o sab\u00edamos exatamente quando ocorreria.\u201d A observa\u00e7\u00e3o \u00e9 do ge\u00f3logo e professor na USP\u00a0<a href=\"http:\/\/www.ihu.unisinos.br\/entrevistas\/510485-rio20-e-o-poder-da-mobilizacao-social-entrevista-especial-com-wagner-ribeiro\" target=\"_blank\" rel=\"noopener noreferrer\">Wagner Ribeiro<\/a>. Na entrevista, concedida por e-mail \u00e0<strong>\u00a0IHU On-Line<\/strong>, ele explica que n\u00e3o h\u00e1 como descolar esse acontecimento que parou o planeta da\u00a0<a href=\"http:\/\/www.ihu.unisinos.br\/78-noticias\/597069-pandemia-em-tempos-de-antropoceno-coronavirus-pode-nos-ensinar-a-enfrentar-a-verdadeira-emergencia-o-clima\" target=\"_blank\" rel=\"noopener noreferrer\">a\u00e7\u00e3o humana na terra<\/a>. \u201cOs estudos sobre\u00a0<strong>mudan\u00e7as clim\u00e1ticas<\/strong>\u00a0e os que tratam do\u00a0<strong>desmatamento<\/strong>\u00a0apontavam essa possibilidade\u201d, acrescenta.<\/p>\n<p>Segundo ele, nessas pesquisas h\u00e1 dados de que o\u00a0<a href=\"http:\/\/www.ihu.unisinos.br\/78-noticias\/596201-emergencia-ambiental-o-derretimento-do-gelo-artico-esta-mudando-as-correntes-oceanicas\" target=\"_blank\" rel=\"noopener noreferrer\">derretimento de \u00e1reas geladas<\/a>\u00a0pode trazer outros problemas al\u00e9m da\u00a0<strong>eleva\u00e7\u00e3o da temperatura global<\/strong>. \u201cEntre os efeitos do<strong>\u00a0aquecimento global<\/strong>\u00a0est\u00e1 a intensifica\u00e7\u00e3o do\u00a0<strong>derretimento de geleiras<\/strong>, mas tamb\u00e9m do permafrost, solo congelado que ocorre em baixas latitudes. Desse modo,\u00a0<a href=\"http:\/\/www.ihu.unisinos.br\/78-noticias\/567647-como-o-derretimento-de-geleiras-esta-levando-ao-ressurgimento-de-doencas-adormecidas\" target=\"_blank\" rel=\"noopener noreferrer\">v\u00edrus e bact\u00e9rias que estavam congelados voltam \u00e0 superf\u00edcie<\/a>\u00a0terrestre e podem infectar tanto seres humanos quanto outros animais\u201d, explica. Isso tudo sem falar nos desmatamentos, pois \u201ca diminui\u00e7\u00e3o das \u00e1reas com cobertura vegetal original causada pelo\u00a0<strong>desmatamento<\/strong>\u00a0enfraquece, quando n\u00e3o elimina, barreiras geogr\u00e1ficas que nos distanciam de micro-organismos\u201d.<\/p>\n<p>Por fim, sem conter o\u00a0<strong>desequil\u00edbrio ambiental<\/strong>, se tivermos muita sorte e n\u00e3o formos assolados por outras\u00a0<strong>pandemias<\/strong>, nossa sociedade tamb\u00e9m ter\u00e1 de lidar com o aumento ainda maior das\u00a0<a href=\"http:\/\/www.ihu.unisinos.br\/159-noticias\/entrevistas\/598269-pandemia-da-covid-19-deve-ampliar-ainda-mais-o-abismo-da-desigualdade-entrevista-especial-com-fabio-konder-comparato\" target=\"_blank\" rel=\"noopener noreferrer\">desigualdades<\/a>. \u201cOs pa\u00edses de renda mais baixa ser\u00e3o os mais afetados pelos efeitos do aquecimento global. Nunca \u00e9 demais relembrar que as altera\u00e7\u00f5es nos padr\u00f5es de chuva podem causar per\u00edodos de elevada pluviosidade ou secas severas e prolongadas\u201d, aponta. E secas que, por final, \u201clevam \u00e0\u00a0<strong>migra\u00e7\u00e3o for\u00e7ada<\/strong>, inclusive internacional, o que causa tens\u00f5es entre diferentes unidades geogr\u00e1ficas\u201d.<\/p>\n<div class=\"news-image-credits\">\n<p><img loading=\"lazy\" class=\"\" src=\"http:\/\/www.ihu.unisinos.br\/images\/ihu\/2020\/08\/20_08_wagner_costa_ribeiro_foto_iea_usp.jpg\" alt=\"\" width=\"639\" height=\"426\" \/>Wagner Ribeiro (Foto: IEA | USP)<\/p>\n<\/div>\n<p><a href=\"http:\/\/www.ihu.unisinos.br\/entrevistas\/552037-antropoceno-ou-mudamos-nosso-estilo-de-vida-ou-vamos-sucumbir-entrevista-especial-com-wagner-costa-ribeiro\" target=\"_blank\" rel=\"noopener noreferrer\">Wagner da Costa Ribeiro<\/a>\u00a0\u00e9 ge\u00f3grafo, formado pela Universidade de S\u00e3o Paulo &#8211; USP. Possui doutorado em Geografia Humana pela mesma institui\u00e7\u00e3o, e \u00e9 professor titular do Departamento de Geografia, do Programa de P\u00f3s-Gradua\u00e7\u00e3o em Geografia Humana e do Programa de P\u00f3s-Gradua\u00e7\u00e3o em Ci\u00eancia Ambiental da USP. Ainda realizou estudos de p\u00f3s-doutorado na Universidad de Barcelona, tamb\u00e9m tendo atuado como professor visitante na Universidad de Salamanca, Universidad de Sevilla e na Universidad de Caldas. \u00c9 coordenador da \u00c1rea Tem\u00e1tica \u00c1guas Transfronteiri\u00e7as da rede de pesquisa Waterlat. \u00c9 um dos autores de\u00a0<strong>Livro branco da \u00e1gua. A crise h\u00eddrica na Regi\u00e3o Metropolitana de S\u00e3o Paulo em 2013-2015: origens, impactos e solu\u00e7\u00f5es<\/strong>\u00a0(S\u00e3o Paulo: Instituto de Estudos Avan\u00e7ados, 2018).<\/p>\n<p>&nbsp;<\/p>\n<div class=\"news-image-credits\">\n<p><img loading=\"lazy\" class=\"\" src=\"http:\/\/www.ihu.unisinos.br\/images\/ihu\/2020\/08\/20_08_ihu_ideias_20_08_card_whats_800px.jpg\" alt=\"\" width=\"640\" height=\"640\" \/><\/p>\n<\/div>\n<p>Nesta quinta-feira, dia 20 de agosto, Ribeiro ser\u00e1 o palestrante do\u00a0<a href=\"http:\/\/www.ihu.unisinos.br\/evento\/ihu-ideias\" target=\"_blank\" rel=\"noopener noreferrer\">IHU Ideias<\/a>. A confer\u00eancia \u201c<a href=\"http:\/\/www.ihu.unisinos.br\/evento\/ihu-ideias\" target=\"_blank\" rel=\"noopener noreferrer\">O Novo Marco do saneamento. Privatiza\u00e7\u00e3o, Desigualdades e Invisibilidades dos Direitos Humanos<\/a>\u201d ser\u00e1 transmitida no formato \u2018live\u2019, a partir das 17h30min.<\/p>\n<h3>Confira a entrevista.<\/h3>\n<p><strong>IHU On-Line \u2013 Como a experi\u00eancia da pandemia causada pelo novo coronav\u00edrus pode impactar a rela\u00e7\u00e3o entre seres humanos e meio ambiente?<\/strong><\/p>\n<p><strong>Wagner Ribeiro \u2013<\/strong>\u00a0Apesar da desinforma\u00e7\u00e3o gerada por in\u00fameras\u00a0<a href=\"http:\/\/www.ihu.unisinos.br\/78-noticias\/596658-disseminacao-de-informacoes-falsas-fake-news-sobre-coronavirus-preocupa-especialistas\" target=\"_blank\" rel=\"noopener noreferrer\">not\u00edcias falsas sobre a covid-19<\/a>, acredito que a situa\u00e7\u00e3o que enfrentamos pode envolver mais pessoas na necess\u00e1ria revis\u00e3o das rela\u00e7\u00f5es sociais e com a natureza. N\u00e3o resta d\u00favida de que o\u00a0<strong>isolamento<\/strong>\u00a0f\u00edsico diminuiu os deslocamentos e que esse tempo \u201cadicional\u201d pode ser usado para repensar as\u00a0<strong>desigualdades sociais<\/strong>\u00a0e o\u00a0<strong>desequil\u00edbrio ambiental<\/strong>\u00a0em curso. Mas n\u00e3o podemos ser ing\u00eanuos porque, como indicam v\u00e1rios trabalhos, uma diminuta parcela da popula\u00e7\u00e3o ganhou ainda mais com a\u00a0<strong>pandemia<\/strong>\u00a0e n\u00e3o emitiu sinais que quer colaborar para mudar o quadro complexo que enfrentamos.<\/p>\n<p>Al\u00e9m disso, as grandes empresas de inform\u00e1tica induziram rapidamente o uso desse tempo adicional ao proporem eventos virtuais de v\u00e1rias ordens, como shows, eventos, jogos e at\u00e9 rela\u00e7\u00f5es amorosas e sexuais. Portanto, n\u00e3o estou certo que, mesmo com mais tempo \u201clivre\u201d, aumentou a quantidade de pessoas que refletem sobre a\u00a0<strong>desigualdade social<\/strong>\u00a0e o\u00a0<strong>caos ambiental<\/strong>\u00a0em que vivemos.<\/p>\n<div class=\"news-citacao\">\n<div class=\"tweet-intent-box twitter-quote\">\n<p class=\"tweet-quote\">Uma diminuta parcela da popula\u00e7\u00e3o ganhou ainda mais com a pandemia e n\u00e3o emitiu sinais que quer colaborar para mudar o quadro complexo que enfrentamos \u2013 Wagner Ribeiro<\/p>\n<\/div>\n<\/div>\n<p><strong>IHU On-Line \u2013 Em 2016, o senhor nos\u00a0<a href=\"http:\/\/www.ihu.unisinos.br\/entrevistas\/552037-antropoceno-ou-mudamos-nosso-estilo-de-vida-ou-vamos-sucumbir-entrevista-especial-com-wagner-costa-ribeiro\" target=\"_blank\" rel=\"noopener noreferrer\">concedeu uma entrevista<\/a>\u00a0em que refletia acerca do Antropoceno e foi bem claro ao afirmar que se n\u00e3o mudarmos nosso estilo de vida iremos sucumbir. O que mudou de l\u00e1 para c\u00e1? Nos aproximamos ou nos distanciamos dessa poss\u00edvel mudan\u00e7a de estilo de vida?\u00a0<\/strong><\/p>\n<p><strong>Wagner Ribeiro \u2013<\/strong>\u00a0Infelizmente, muito pouco mudou nesses quatro anos. Mesmo com o aumento de conhecimento cient\u00edfico sobre os\u00a0<strong>efeitos dram\u00e1ticos de processos globais<\/strong>, como as\u00a0<strong>mudan\u00e7as clim\u00e1ticas<\/strong>\u00a0e o modelo de\u00a0<strong>expans\u00e3o da produ\u00e7\u00e3o capitalista<\/strong>\u00a0sem limites, n\u00e3o verificamos uma redu\u00e7\u00e3o dos n\u00edveis de emiss\u00e3o dos gases de efeito-estufa nem do consumo, que s\u00f3 caiu muito recentemente em fun\u00e7\u00e3o da pandemia. \u00c9 curioso porque, em 2015, tivemos a\u00a0<a href=\"http:\/\/www.ihuonline.unisinos.br\/edicao\/469\" target=\"_blank\" rel=\"noopener noreferrer\">Enc\u00edclica Laudato Si\u2019<\/a>, elaborada pelo\u00a0<strong>Papa Francisco<\/strong>, que apontou diversos aspectos importantes sobre os impactos no que ele chamou de \u201c<strong>casa comum<\/strong>\u201d desse estilo de vida baseado no\u00a0<a href=\"http:\/\/www.ihu.unisinos.br\/78-noticias\/578206-reduzindo-o-desperdicio-a-cultura-do-descarte-no-centro-das-atencoes-pela-reducao-do-uso-de-plastico-no-dia-da-terra\" target=\"_blank\" rel=\"noopener noreferrer\">consumo e descarte<\/a>\u00a0r\u00e1pido de mercadorias. Mas ele ainda n\u00e3o conseguiu mobilizar muita gente para essa quest\u00e3o. Observa-se, ao contr\u00e1rio, uma resist\u00eancia em setores da\u00a0<strong>Igreja Cat\u00f3lica<\/strong>\u00a0em implementar as necess\u00e1rias reformas contidas no documento papal.<\/p>\n<p>&nbsp;<\/p>\n<div class=\"news-image-credits\">\n<p><img loading=\"lazy\" class=\"\" src=\"http:\/\/www.ihu.unisinos.br\/images\/ihu\/2020\/08\/20_08_semana_laudato_reporducao_IHU.jpg\" alt=\"\" width=\"640\" height=\"291\" \/>Saiba mais sobre a Enc\u00edclica atrav\u00e9s do material preparado pelo IHU em alus\u00e3o \u00e0 semana que lembrou da publica\u00e7\u00e3o do documento nesse ano. Acesse\u00a0<a href=\"http:\/\/www.ihu.unisinos.br\/599012-semana-laudato-si-cinco-anos-de-ecologia-integral\" target=\"_blank\" rel=\"noopener noreferrer\">aqui<\/a>.<\/p>\n<\/div>\n<p>Em termos pol\u00edticos, o mundo retrocedeu com a\u00a0<a href=\"http:\/\/www.ihu.unisinos.br\/78-noticias\/583557-sucesso-de-bolsonaro-da-mais-forca-ao-crescimento-global-da-extrema-direita\" target=\"_blank\" rel=\"noopener noreferrer\">elei\u00e7\u00e3o de l\u00edderes populistas de extrema direita<\/a>\u00a0em diversos pa\u00edses. O uso de\u00a0<strong>not\u00edcias falsas<\/strong>\u00a0em elei\u00e7\u00f5es passou a ser recorrente, associado ao descr\u00e9dito das explica\u00e7\u00f5es cient\u00edficas. Esse conjunto de pol\u00edticos passou a comandar pa\u00edses estrat\u00e9gicos e eles influenciam a opini\u00e3o p\u00fablica, por meio da difus\u00e3o de not\u00edcias falsas e da destrui\u00e7\u00e3o de reputa\u00e7\u00f5es. O resultado \u00e9 que, lamentavelmente, em um momento dram\u00e1tico da trajet\u00f3ria humana na Terra, n\u00e3o temos l\u00edderes respons\u00e1veis no comando de pa\u00edses importantes, o que dificulta o\u00a0<strong>combate ao v\u00edrus<\/strong>\u00a0e aos seus efeitos junto \u00e0 popula\u00e7\u00e3o.<\/p>\n<p>Entretanto, o contato com o v\u00edrus\u00a0<a href=\"http:\/\/www.ihu.unisinos.br\/78-noticias\/597349-o-sarscov2-mudou\" target=\"_blank\" rel=\"noopener noreferrer\">Sars-Cov-2<\/a>\u00a0trouxe um alento. Nunca se difundiram tantos\u00a0<strong>conceitos cient\u00edficos<\/strong>\u00a0junto \u00e0 popula\u00e7\u00e3o como nos \u00faltimos seis meses. An\u00e1lises de gr\u00e1ficos, modelos de an\u00e1lises epidemiol\u00f3gicas, alternativas para vacinas e f\u00e1rmacos foram divulgados pela imprensa. Resta saber se essa articula\u00e7\u00e3o vai perdurar e, principalmente, ter\u00e1 consequ\u00eancias junto \u00e0 opini\u00e3o p\u00fablica em elei\u00e7\u00f5es.<\/p>\n<div class=\"news-citacao\">\n<div class=\"tweet-intent-box twitter-quote\">\n<p class=\"tweet-quote\">Em um momento dram\u00e1tico da trajet\u00f3ria humana na Terra, n\u00e3o temos l\u00edderes respons\u00e1veis no comando de pa\u00edses importantes, o que dificulta o combate ao v\u00edrus e aos seus efeitos junto \u00e0 popula\u00e7\u00e3o \u2013 Wagner Ribeiro<\/p>\n<\/div>\n<\/div>\n<h3>Negacionismo resiste<\/h3>\n<p>Por\u00e9m, esse movimento foi (e ainda \u00e9) duramente contestado por\u00a0<strong>negacionistas<\/strong>\u00a0de diversas matrizes que tentam desqualificar argumentos cient\u00edficos sem base plaus\u00edvel. Essa batalha por ideias est\u00e1 em curso em redes sociais, com vantagem aos negacionistas, infelizmente. Talvez porque quem faz ci\u00eancia n\u00e3o tenha tempo para tamb\u00e9m atuar em redes sociais. Apesar das dificuldades, muitos pesquisadores aos poucos passam a frequentar redes sociais, mas ainda de modo t\u00edmido. Nesse contexto, organizamos uma s\u00e9rie de semin\u00e1rios sobre a pandemia. Todo esse material pode ser acessado no v\u00eddeo abaixo.<\/p>\n<p>&nbsp;<\/p>\n<p><iframe loading=\"lazy\" src=\"https:\/\/www.youtube.com\/embed\/videoseries?list=PL-A0PPdfxKsw4iooCGDwxsLhgX8uFxNpr\" width=\"100%\" height=\"400\" allowfullscreen=\"allowfullscreen\" data-mce-fragment=\"1\"><\/iframe><\/p>\n<p>&nbsp;<\/p>\n<p><strong>IHU On-Line \u2013 O senhor pesquisa e acompanha as negocia\u00e7\u00f5es internacionais sobre mudan\u00e7as clim\u00e1ticas. Como observa os movimentos dessas negocia\u00e7\u00f5es ao longo dos \u00faltimos anos? Em alguma medida, a experi\u00eancia da pandemia deve impactar essas negocia\u00e7\u00f5es?<\/strong><\/p>\n<p><strong>Wagner Ribeiro \u2013<\/strong>\u00a0Quem acompanha as\u00a0<strong>discuss\u00f5es socioambientais<\/strong>\u00a0h\u00e1 d\u00e9cadas n\u00e3o ficou surpreso com a eclos\u00e3o da pandemia. Ela estava prevista, s\u00f3 n\u00e3o sab\u00edamos exatamente quando ocorreria. Os estudos sobre\u00a0<a href=\"http:\/\/www.ihu.unisinos.br\/78-noticias\/598439-a-crise-climatica-ira-aprofundar-a-pandemia-um-plano-de-estimulo-verde-pode-enfrentar-ambos\" target=\"_blank\" rel=\"noopener noreferrer\">mudan\u00e7as clim\u00e1ticas<\/a>\u00a0e os que tratam do\u00a0<strong>desmatamento<\/strong>\u00a0apontavam essa possibilidade.<\/p>\n<p>Entre os efeitos do\u00a0<strong>aquecimento global<\/strong>\u00a0est\u00e1 a intensifica\u00e7\u00e3o do\u00a0<a href=\"http:\/\/www.ihu.unisinos.br\/601999-o-derretimento-das-geleiras-da-groenlandia-e-irreversivel-e-trump-esta-ciente\" target=\"_blank\" rel=\"noopener noreferrer\">derretimento de geleiras<\/a>, mas tamb\u00e9m do permafrost, solo congelado que ocorre em baixas latitudes. Desse modo,\u00a0<strong>v\u00edrus<\/strong>\u00a0e\u00a0<strong>bact\u00e9rias<\/strong>\u00a0que estavam congelados voltam \u00e0 superf\u00edcie terrestre e podem infectar tanto seres humanos quanto outros animais, que podem ser hospedeiros de micro-organismos que desconhecemos e transmiti-los \u00e0 esp\u00e9cie humana. Nos \u00faltimos anos, diversas pesquisas mostraram que alguns v\u00edrus que causaram doen\u00e7as em larga escala como a gripe espanhola ou a var\u00edola, ou parte do DNA deles, foram encontrados congelados no\u00a0<strong>permafrost<\/strong>. Eles estavam em temperaturas muito frias e no escuro, condi\u00e7\u00e3o ideal para sua conserva\u00e7\u00e3o. Um novo contato com eles pode desencadear\u00a0<strong>pandemias<\/strong>\u00a0como a que enfrentamos agora. Mas existem tamb\u00e9m micro-organismos que sequer conhecemos, que podem desencadear situa\u00e7\u00f5es semelhantes \u00e0 atual em caso de contato.<\/p>\n<div class=\"news-image-credits\">\n<p><img loading=\"lazy\" class=\"\" src=\"http:\/\/www.ihu.unisinos.br\/images\/ihu\/2020\/08\/20_08_permafrost_foto_wikipedia.jpg\" alt=\"\" width=\"639\" height=\"418\" \/>Pol\u00edgonos de permafrost na regi\u00e3o do \u00e1rtico (Foto: Wikimedia Commons)<\/p>\n<\/div>\n<p>A\u00a0<strong>diminui\u00e7\u00e3o das \u00e1reas com cobertura vegetal<\/strong>\u00a0original causada pelo desmatamento enfraquece, quando n\u00e3o elimina, barreiras geogr\u00e1ficas que nos distanciam de micro-organismos. Ou seja, animais que convivem com esses v\u00edrus e bact\u00e9rias sem apresentar doen\u00e7as podem transmitir para os seres humanos e desencadear novas pandemias porque passam a circular mais pr\u00f3ximos dos grupos humanos.<\/p>\n<p>Tudo isso j\u00e1 era conhecido antes da\u00a0<strong>eclos\u00e3o da covid-19<\/strong>. A ordem ambiental internacional das mudan\u00e7as clim\u00e1ticas n\u00e3o resultou em a\u00e7\u00f5es de mitiga\u00e7\u00e3o ousadas de acordo com o que os estudos indicam como necess\u00e1rio para atenuar o\u00a0<strong>aquecimento global<\/strong>. O\u00a0<a href=\"http:\/\/www.ihu.unisinos.br\/noticias\/543623-protocolo-de-kioto-sete-chaves-sobre-este-importante-acordo\" target=\"_blank\" rel=\"noopener noreferrer\">Protocolo de Kyoto<\/a>, de 1997, primeira iniciativa de redu\u00e7\u00e3o de emiss\u00f5es com metas definidas, foi pouco efetivo. O\u00a0<a href=\"http:\/\/www.ihu.unisinos.br\/78-noticias\/590610-meta-climatica-do-acordo-de-paris-nao-sera-atingida-sem-mudar-a-infraestrutura-de-energia\" target=\"_blank\" rel=\"noopener noreferrer\">Acordo de Paris<\/a>, de 2015, tamb\u00e9m mostrou uma ambi\u00e7\u00e3o inferior ao que os cientistas indicavam para\u00a0<strong>frear o ritmo do aquecimento<\/strong>.<\/p>\n<div class=\"news-citacao\">\n<div class=\"tweet-intent-box twitter-quote\">\n<p class=\"tweet-quote\">A diminui\u00e7\u00e3o das \u00e1reas com cobertura vegetal original causada pelo desmatamento enfraquece, quando n\u00e3o elimina, barreiras geogr\u00e1ficas que nos distanciam de micro-organismos \u2013 Wagner Ribeiro<\/p>\n<\/div>\n<\/div>\n<h3>Efeito pandemia<\/h3>\n<p>Talvez a pandemia possa sensibilizar a popula\u00e7\u00e3o para que pressione lideran\u00e7as pol\u00edticas a adotarem metas mais adequadas para o combate ao aumento do\u00a0<strong>aquecimento global<\/strong>. Como j\u00e1 apontei, infelizmente pa\u00edses-chave nas negocia\u00e7\u00f5es sobre mudan\u00e7as clim\u00e1ticas est\u00e3o conduzidos por pol\u00edticos que desprezam a ci\u00eancia. Apenas uma grande mobiliza\u00e7\u00e3o mundial, que de algum modo come\u00e7ou com a\u00a0<a href=\"http:\/\/www.ihu.unisinos.br\/78-noticias\/592729-em-manifesto-sociedade-civil-pede-apoio-politico-para-greve-mundial-pelo-clima\" target=\"_blank\" rel=\"noopener noreferrer\">Greve Mundial pelo Clima<\/a>, pode gerar press\u00e3o em pol\u00edticos conservadores que comandam pa\u00edses destacados em termos de\u00a0<strong>emiss\u00f5es de gases de efeito estufa<\/strong>. Espero que essa mobiliza\u00e7\u00e3o cres\u00e7a em tempo de reverter a situa\u00e7\u00e3o.<\/p>\n<p><strong>IHU On-Line \u2013 Como o desequil\u00edbrio ambiental pode se converter em aumento das desigualdades?<\/strong><\/p>\n<p><strong>Wagner Ribeiro \u2013<\/strong>\u00a0Como apontam diversos relat\u00f3rios do\u00a0<a href=\"http:\/\/www.ihu.unisinos.br\/78-noticias\/583566-ipcc-defende-mudancas-sem-precedentes-para-limitar-aquecimento-global-a-1-5-c\" target=\"_blank\" rel=\"noopener noreferrer\">Painel Internacional das Mudan\u00e7as Clim\u00e1ticas<\/a>\u00a0(<strong>IPCC<\/strong>, em ingl\u00eas), os pa\u00edses de renda mais baixa ser\u00e3o os mais afetados pelos efeitos do aquecimento global. Nunca \u00e9 demais relembrar que as altera\u00e7\u00f5es nos\u00a0<strong>padr\u00f5es de chuva<\/strong>\u00a0podem causar per\u00edodos de elevada pluviosidade ou secas severas e prolongadas. Chuvas intensas em \u00e1reas com habita\u00e7\u00f5es prec\u00e1rias podem resultar em perdas materiais e de vidas seja por enchentes, seja por escorregamento de vertentes.<\/p>\n<div class=\"news-citacao\">\n<div class=\"tweet-intent-box twitter-quote\">\n<p class=\"tweet-quote\">Os pa\u00edses de renda mais baixa ser\u00e3o os mais afetados pelos efeitos do aquecimento global \u2013 Wagner Ribeiro<\/p>\n<\/div>\n<\/div>\n<p>As\u00a0<strong>secas intensas<\/strong>\u00a0levam \u00e0 migra\u00e7\u00e3o for\u00e7ada, inclusive internacional, o que causa tens\u00f5es entre diferentes unidades geogr\u00e1ficas. Comunidades que vivem \u00e0 beira-mar tamb\u00e9m podem ser afetadas pela eleva\u00e7\u00e3o dos oceanos. Esse conjunto de situa\u00e7\u00f5es est\u00e1 mais presente em pa\u00edses de renda baixa, portanto, as consequ\u00eancias das mudan\u00e7as clim\u00e1ticas podem agravar e muito as desigualdades sociais presentes no mundo.<\/p>\n<p><strong>IHU On-Line \u2013 Por outro lado, como mitigar as desigualdades a partir da preserva\u00e7\u00e3o e recupera\u00e7\u00e3o ambiental?<\/strong><\/p>\n<p><strong>Wagner Ribeiro \u2013<\/strong>\u00a0Existem diversos caminhos para\u00a0<a href=\"http:\/\/www.ihu.unisinos.br\/78-noticias\/592531-contra-as-desigualdades-oito-medidas-para-mudar-a-situacao\" target=\"_blank\" rel=\"noopener noreferrer\">mitigar as desigualdades<\/a>, mas elas devem convergir para o combate \u00e0 desigualdade social, respeitando os diversos grupos sociais e seus respectivos modos de vida. Em \u00e1reas urbanas o desafio \u00e9 criar habita\u00e7\u00e3o e trabalho decentes, associado \u00e0 recupera\u00e7\u00e3o ambiental. Existem v\u00e1rias a\u00e7\u00f5es que podem ser realizadas, como instalar saneamento b\u00e1sico, recuperar corpos de \u00e1gua, ampliar \u00e1reas verdes, intensificar a arboriza\u00e7\u00e3o, ampliar as ciclovias, entre outras.<\/p>\n<p><strong>IHU On-Line \u2013 Qual a sua an\u00e1lise sobre o novo marco do saneamento?<\/strong><\/p>\n<p><strong>Wagner Ribeiro \u2013<\/strong>\u00a0O\u00a0<a href=\"http:\/\/www.ihu.unisinos.br\/78-noticias\/601673-o-novo-marco-do-saneamento-privatizacao-desigualdades-e-invisibilidade-dos-direitos-humanos-e-o-tema-do-debate-do-proximo-ihu-ideias\" target=\"_blank\" rel=\"noopener noreferrer\">marco do saneamento<\/a>\u00a0gera dificuldades para oferecer \u00e1gua \u00e0 popula\u00e7\u00e3o que vive em \u00e1reas mais afastadas, em especial em pequenos munic\u00edpios, porque ele acabou com o investimento cruzado, que obrigava o investimento tanto em metr\u00f3poles, nas quais a densidade urbana o torna rent\u00e1vel, quanto em cidades pequenas. Al\u00e9m disso, aposta na\u00a0<strong>privatiza\u00e7\u00e3o<\/strong>, diferente do que ocorre em diversos lugares no mundo.<\/p>\n<p>Depois de 20 a 30 anos de o capital privado comandar o saneamento em diversas cidades de diversos tamanhos, verifica-se que a universaliza\u00e7\u00e3o do\u00a0<strong>acesso \u00e0 \u00e1gua e ao esgoto<\/strong>\u00a0n\u00e3o ocorreu nessas localidades. Tamb\u00e9m existem trabalhos que mostram que a\u00a0<strong>qualidade da \u00e1gua<\/strong>\u00a0ofertada ao consumo diminuiu. E todos s\u00e3o un\u00e2nimes em um ponto: as tarifas ficaram mais caras. Ou seja, o\u00a0<strong>capital privado<\/strong>\u00a0se mostra ineficaz para garantir o acesso \u00e0 \u00e1gua.<\/p>\n<div class=\"news-citacao\">\n<div class=\"tweet-intent-box twitter-quote\">\n<p class=\"tweet-quote\">O capital privado se mostra ineficaz para garantir o acesso \u00e0 \u00e1gua \u2013 Wagner Ribeiro<\/p>\n<\/div>\n<\/div>\n<p>Mais de 200 cidades dispersas pelo mundo retornaram \u00e0\u00a0<strong>gest\u00e3o estatal<\/strong>, ainda que em alguns casos com participa\u00e7\u00e3o associada ao\u00a0<strong>capital privado<\/strong>.\u00a0<strong>Berlim<\/strong>,\u00a0<strong>Buenos Aires<\/strong>,\u00a0<strong>Atlanta<\/strong>,\u00a0<strong>Jacarta<\/strong>, para citar alguns exemplos, retomaram a\u00a0<strong>gest\u00e3o p\u00fablica da \u00e1gua<\/strong>\u00a0e mostram que a privatiza\u00e7\u00e3o n\u00e3o foi bem-sucedida.<\/p>\n<p>&nbsp;<\/p>\n<p><iframe loading=\"lazy\" src=\"https:\/\/www.youtube.com\/embed\/IvlaS2vmvd4\" width=\"100%\" height=\"400\" allowfullscreen=\"allowfullscreen\" data-mce-fragment=\"1\"><\/iframe><\/p>\n<p>&nbsp;<\/p>\n<p><strong>IHU On-Line \u2013 Num Brasil em que grande parte da popula\u00e7\u00e3o ainda n\u00e3o tem acesso \u00e0 \u00e1gua tratada, discute-se a \u2018privatiza\u00e7\u00e3o da \u00e1gua\u2019. Quais os riscos? Como conceber outros caminhos que garantem acesso universal \u00e0 \u00e1gua tratada?<\/strong><\/p>\n<p><strong>Wagner Ribeiro \u2013<\/strong>\u00a0Para garantir o\u00a0<strong>acesso \u00e0 \u00e1gua e ao saneamento<\/strong>\u00a0\u00e9 preciso uma a\u00e7\u00e3o coordenada de diversos n\u00edveis de gest\u00e3o e investimentos de curto, m\u00e9dio e longo prazo. Um munic\u00edpio com pequena capacidade de captar impostos n\u00e3o tem como financiar o acesso ao saneamento. Por isso \u00e9 fundamental apoio de governos estaduais e federal.<\/p>\n<p>Al\u00e9m disso, quando o Estado atua ele est\u00e1 sujeito \u00e0 fiscaliza\u00e7\u00e3o de diversos \u00f3rg\u00e3os p\u00fablicos e, principalmente, da sociedade civil e da imprensa, o que n\u00e3o ocorre na gest\u00e3o privada. Para citar um caso recente, quando da\u00a0<a href=\"http:\/\/www.ihu.unisinos.br\/entrevistas\/539705-crise-hidrica-como-sobreviver-e-aprender-com-ela-entrevista-especial-com-pedro-telles\" target=\"_blank\" rel=\"noopener noreferrer\">crise de gest\u00e3o da \u00e1gua<\/a>\u00a0entre 2013 e 2015 em\u00a0<strong>S\u00e3o Paulo<\/strong>, os pesquisadores, nos quais me incluo, s\u00f3 t\u00ednhamos acesso a informa\u00e7\u00f5es b\u00e1sicas, como o volume dispon\u00edvel por reservat\u00f3rio, quando elas eram apresentadas a acionistas. Como pensar em\u00a0<strong>seguran\u00e7a h\u00eddrica<\/strong>\u00a0se uma informa\u00e7\u00e3o preliminar n\u00e3o est\u00e1 dispon\u00edvel?<\/p>\n<h3>Gest\u00e3o estatal eficiente<\/h3>\n<p>Uma gest\u00e3o eficiente da \u00e1gua por meio do Estado deve desestimular o\u00a0<strong>desperd\u00edcio da \u00e1gua<\/strong>, o que n\u00e3o ocorreria com uma gest\u00e3o privada que ganharia mais caso o consumo aumentasse. Citando novamente a\u00a0<strong>crise em S\u00e3o Paulo<\/strong>, foi mantido o fornecimento a grandes usu\u00e1rios de \u00e1gua em plena escassez para honrar contratos firmados nos quais eles pagam mais barato caso mantenham um consumo elevado. Ou seja, eram estimulados a consumir mais para pagar menos enquanto para parte expressiva da popula\u00e7\u00e3o a \u00e1gua estava racionada, com cortes di\u00e1rios, que em alguns bairros prolongou-se por dias.<\/p>\n<p>Por fim, sempre que a gest\u00e3o privada ocorre ela necessariamente deve buscar o lucro, o que torna o produto mais caro ao consumidor final. J\u00e1 o Estado pode, e deve, praticar tarifas sociais, al\u00e9m de realizar investimentos sem preocupar-se com sua remunera\u00e7\u00e3o, em prol do\u00a0<strong>combate \u00e0 desigualdade social<\/strong>, o que \u00e9 fundamental no\u00a0<strong>Brasil<\/strong>.<\/p>\n","protected":false},"excerpt":{"rendered":"<p>Entrevista especial com Wagner Ribeiro \u201cQuem acompanha as\u00a0discuss\u00f5es socioambientais\u00a0h\u00e1 d\u00e9cadas n\u00e3o ficou surpreso com a<\/p>\n","protected":false},"author":2,"featured_media":132404,"comment_status":"open","ping_status":"open","sticky":false,"template":"","format":"standard","meta":[],"categories":[],"tags":[],"uagb_featured_image_src":{"full":["https:\/\/espacoecologico.com.br\/arquivo\/wp-content\/uploads\/2020\/08\/mudanca_climatica.jpg",415,265,false],"thumbnail":["https:\/\/espacoecologico.com.br\/arquivo\/wp-content\/uploads\/2020\/08\/mudanca_climatica-150x150.jpg",150,150,true],"medium":["https:\/\/espacoecologico.com.br\/arquivo\/wp-content\/uploads\/2020\/08\/mudanca_climatica-300x192.jpg",300,192,true],"medium_large":["https:\/\/espacoecologico.com.br\/arquivo\/wp-content\/uploads\/2020\/08\/mudanca_climatica.jpg",415,265,false],"large":["https:\/\/espacoecologico.com.br\/arquivo\/wp-content\/uploads\/2020\/08\/mudanca_climatica.jpg",415,265,false],"1536x1536":["https:\/\/espacoecologico.com.br\/arquivo\/wp-content\/uploads\/2020\/08\/mudanca_climatica.jpg",415,265,false],"2048x2048":["https:\/\/espacoecologico.com.br\/arquivo\/wp-content\/uploads\/2020\/08\/mudanca_climatica.jpg",415,265,false],"cream-magazine-thumbnail-2":["https:\/\/espacoecologico.com.br\/arquivo\/wp-content\/uploads\/2020\/08\/mudanca_climatica.jpg",415,265,false],"cream-magazine-thumbnail-3":["https:\/\/espacoecologico.com.br\/arquivo\/wp-content\/uploads\/2020\/08\/mudanca_climatica.jpg",415,265,false],"cream-magazine-thumbnail-4":["https:\/\/espacoecologico.com.br\/arquivo\/wp-content\/uploads\/2020\/08\/mudanca_climatica.jpg",415,265,false]},"uagb_author_info":{"display_name":"","author_link":"https:\/\/espacoecologico.com.br\/arquivo\/author\/"},"uagb_comment_info":0,"uagb_excerpt":"Entrevista especial com Wagner Ribeiro \u201cQuem acompanha as\u00a0discuss\u00f5es socioambientais\u00a0h\u00e1 d\u00e9cadas n\u00e3o ficou surpreso com a","_links":{"self":[{"href":"https:\/\/espacoecologico.com.br\/arquivo\/wp-json\/wp\/v2\/posts\/132403"}],"collection":[{"href":"https:\/\/espacoecologico.com.br\/arquivo\/wp-json\/wp\/v2\/posts"}],"about":[{"href":"https:\/\/espacoecologico.com.br\/arquivo\/wp-json\/wp\/v2\/types\/post"}],"author":[{"embeddable":true,"href":"https:\/\/espacoecologico.com.br\/arquivo\/wp-json\/wp\/v2\/users\/2"}],"replies":[{"embeddable":true,"href":"https:\/\/espacoecologico.com.br\/arquivo\/wp-json\/wp\/v2\/comments?post=132403"}],"version-history":[{"count":0,"href":"https:\/\/espacoecologico.com.br\/arquivo\/wp-json\/wp\/v2\/posts\/132403\/revisions"}],"wp:featuredmedia":[{"embeddable":true,"href":"https:\/\/espacoecologico.com.br\/arquivo\/wp-json\/wp\/v2\/media\/132404"}],"wp:attachment":[{"href":"https:\/\/espacoecologico.com.br\/arquivo\/wp-json\/wp\/v2\/media?parent=132403"}],"wp:term":[{"taxonomy":"category","embeddable":true,"href":"https:\/\/espacoecologico.com.br\/arquivo\/wp-json\/wp\/v2\/categories?post=132403"},{"taxonomy":"post_tag","embeddable":true,"href":"https:\/\/espacoecologico.com.br\/arquivo\/wp-json\/wp\/v2\/tags?post=132403"}],"curies":[{"name":"wp","href":"https:\/\/api.w.org\/{rel}","templated":true}]}}