{"id":132384,"date":"2020-08-20T11:00:59","date_gmt":"2020-08-20T14:00:59","guid":{"rendered":"https:\/\/espacoecologico.com.br\/arquivo\/?p=132384"},"modified":"2020-08-19T21:17:35","modified_gmt":"2020-08-20T00:17:35","slug":"zero-emissoes-de-carbono-pandemias-neoliberais-sofismo-ecologico-e-dividas-soberanas","status":"publish","type":"post","link":"https:\/\/espacoecologico.com.br\/arquivo\/zero-emissoes-de-carbono-pandemias-neoliberais-sofismo-ecologico-e-dividas-soberanas\/","title":{"rendered":"Zero emiss\u00f5es de carbono, pandemias neoliberais, sofismo ecol\u00f3gico e d\u00edvidas \u201csoberanas\u201d"},"content":{"rendered":"<p><a href=\"https:\/\/espacoecologico.com.br\/arquivo\/wp-content\/uploads\/2020\/08\/economia-1.jpg\"><img loading=\"lazy\" class=\"alignleft size-medium wp-image-132385\" src=\"https:\/\/espacoecologico.com.br\/arquivo\/wp-content\/uploads\/2020\/08\/economia-1-300x192.jpg\" alt=\"\" width=\"300\" height=\"192\" srcset=\"https:\/\/espacoecologico.com.br\/arquivo\/wp-content\/uploads\/2020\/08\/economia-1-300x192.jpg 300w, https:\/\/espacoecologico.com.br\/arquivo\/wp-content\/uploads\/2020\/08\/economia-1.jpg 415w\" sizes=\"(max-width: 300px) 100vw, 300px\" \/><\/a>&#8220;Justamente em um contexto de\u00a0<a href=\"http:\/\/www.ihu.unisinos.br\/78-noticias\/601819-a-pandemia-economica-sera-de-uma-brutalidade-desconhecida-entrevista-com-ignacio-ramonet\" target=\"_blank\" rel=\"noopener noreferrer\">crise econ\u00f4mica<\/a>, uma das estrat\u00e9gias do capital para recuperar a taxa de lucro consiste em privatizar\u00a0<strong>ecossistemas<\/strong>\u00a0e transformar &#8216;o vivo&#8217; em mercadoria\u201d, escreve\u00a0<a href=\"http:\/\/www.ihu.unisinos.br\/78-noticias\/601538-saude-mental-a-eterna-loucura-do-capitalismo-artigo-de-eduardo-camin\" target=\"_blank\" rel=\"noopener noreferrer\">Eduardo Cam\u00edn<\/a>, jornalista uruguaio credenciado na\u00a0<strong>ONU-Genebra<\/strong>, analista associado do\u00a0<strong>Centro Latino-Americano de An\u00e1lise Estrat\u00e9gica<\/strong>, em artigo publicado por\u00a0<strong>CLAE<\/strong>. A tradu\u00e7\u00e3o \u00e9 do\u00a0<a href=\"http:\/\/www.ihu.unisinos.br\/sobre-o-ihu\/rede-sjcias\/cepat\" target=\"_blank\" rel=\"noopener noreferrer\">Cepat<\/a>.<\/p>\n<h3>Eis o artigo.<\/h3>\n<p>A transi\u00e7\u00e3o para uma\u00a0<strong>economia de zero emiss\u00f5es de carbono<\/strong>\u00a0poderia criar 15 milh\u00f5es de novos empregos na\u00a0<strong>Am\u00e9rica Latina<\/strong>\u00a0e no\u00a0<strong>Caribe<\/strong>\u00a0at\u00e9 2030. Para apoiar uma recupera\u00e7\u00e3o sustent\u00e1vel da\u00a0<a href=\"http:\/\/www.ihu.unisinos.br\/601953-surto-de-queimadas-e-ofuscado-pela-pandemia-de-covid-19\" target=\"_blank\" rel=\"noopener noreferrer\">Covid-19<\/a>, a regi\u00e3o precisa urgentemente criar empregos decentes e construir um futuro mais sustent\u00e1vel e inclusivo.<\/p>\n<p>Um estudo pioneiro, realizado pelo\u00a0<strong>Banco Interamericano de Desenvolvimento<\/strong>\u00a0&#8211;\u00a0<strong>BID<\/strong>\u00a0e a\u00a0<strong>Organiza\u00e7\u00e3o Internacional do Trabalho &#8211;\u00a0OIT<\/strong>, revela que a transi\u00e7\u00e3o para uma economia de zero emiss\u00f5es causaria o desaparecimento de cerca de 7,5 milh\u00f5es de empregos no setor energ\u00e9tico gerado pelos\u00a0<strong>combust\u00edveis f\u00f3sseis<\/strong>,\u00a0<strong>extra\u00e7\u00e3o de combust\u00edveis f\u00f3sseis<\/strong>\u00a0e produ\u00e7\u00e3o de alimentos de origem animal.<\/p>\n<p>No entanto, diz o estudo, esses empregos perdidos s\u00e3o mais do que compensados por novas oportunidades de emprego: seriam criados 22,5 milh\u00f5es de empregos na agricultura e na produ\u00e7\u00e3o de alimentos procedentes de plantas, energia renov\u00e1vel, silvicultura, constru\u00e7\u00e3o e manufatura.<\/p>\n<p>O relat\u00f3rio destaca o potencial existente, durante essa transi\u00e7\u00e3o, para criar 15 milh\u00f5es de empregos, at\u00e9 2030, em setores como a agricultura sustent\u00e1vel, silvicultura, energia solar e e\u00f3lica, manufatura e constru\u00e7\u00e3o.<\/p>\n<p>Por meio de medidas projetadas de maneira adequada para garantir que esses empregos sejam decentes e que aqueles que saiam perdendo na transi\u00e7\u00e3o recebam prote\u00e7\u00e3o e apoio, os planos de recupera\u00e7\u00e3o tamb\u00e9m podem interromper a\u00a0<strong>emerg\u00eancia clim\u00e1tica<\/strong>, na medida em que impulsionam o crescimento, enfrentam a desigualdade e avan\u00e7am para o cumprimento dos\u00a0<strong>Objetivos de Desenvolvimento Sustent\u00e1vel<\/strong>.<\/p>\n<p>Coincid\u00eancia ou n\u00e3o, a\u00a0<strong>Comiss\u00e3o Econ\u00f4mica para a Am\u00e9rica Latina<\/strong>\u00a0&#8211;\u00a0<strong>CEPAL<\/strong>, \u00f3rg\u00e3o dependente da\u00a0<strong>ONU<\/strong>, por meio de sua secret\u00e1ria executiva\u00a0<a href=\"http:\/\/www.ihu.unisinos.br\/78-noticias\/600306-nos-ultimos-50-anos-foram-registradas-mais-de-510-000-mortes-na-america-latina-pela-crise-climatica\" target=\"_blank\" rel=\"noopener noreferrer\">Alicia B\u00e1rcena<\/a>, fez um apelo ao aprofundamento da integra\u00e7\u00e3o na\u00a0<strong>Am\u00e9rica Latina<\/strong>, afirmando que \u00e9 \u201cfundamental para sair da crise econ\u00f4mica resultante da pandemia, que levar\u00e1 o com\u00e9rcio exterior da regi\u00e3o a despencar 23%, em 2020, o maior n\u00famero em uma d\u00e9cada\u201d (\u2026).<\/p>\n<p>\u201cO volume do com\u00e9rcio da regi\u00e3o cai muito mais do que o com\u00e9rcio mundial, \u00e9 algo que temos que olhar com aten\u00e7\u00e3o. \u00c9 preciso fortalecer os blocos regionais e resgatar a vis\u00e3o de um mercado latino-americano integrado\u201d, apontou\u00a0<strong>B\u00e1rcena<\/strong>.<\/p>\n<p>Em julho passado, a\u00a0<strong>CEPAL<\/strong>\u00a0estimou que o\u00a0<strong>Produto Interno Bruto<\/strong>\u00a0(PIB) regional cair\u00e1 este ano 9,1% e que a taxa de desemprego aumentar\u00e1 para 13,5%, por causa da pandemia. Trata-se da pior contra\u00e7\u00e3o da atividade econ\u00f4mica, desde que se tem registros, e levar\u00e1 o n\u00famero de pessoas em situa\u00e7\u00e3o de pobreza de 185,5 milh\u00f5es, em 2019, para 230,9 milh\u00f5es, em 2020, o que equivale a 37,3% de popula\u00e7\u00e3o regional.<\/p>\n<p>A\u00a0<strong>Am\u00e9rica Latina<\/strong>\u00a0e o\u00a0<strong>Caribe<\/strong>, com 626 milh\u00f5es de habitantes e considerada a mais desigual do mundo, enfrenta a\u00a0<a href=\"http:\/\/www.ihu.unisinos.br\/78-noticias\/598295-pandemia-novas-reflexoes-entrevista-com-giorgio-agamben\" target=\"_blank\" rel=\"noopener noreferrer\">pandemia<\/a>\u00a0em um momento de fragilidade de sua economia, com um crescimento que mal atingiu a taxa de 0,1%, no ano passado.<\/p>\n<p>\u00c9 verdade que a devasta\u00e7\u00e3o da\u00a0<strong>Covid-19<\/strong>\u00a0for\u00e7ou fam\u00edlias, empresas e governos a repensar como se relaciona o ambiente natural com suas economias e sociedades. Hoje, os d\u00e9ficits de trabalho decente, as desigualdades e a depend\u00eancia das exporta\u00e7\u00f5es de\u00a0<strong>combust\u00edveis f\u00f3sseis<\/strong>\u00a0tornam a\u00a0<strong>Am\u00e9rica Latina<\/strong>\u00a0e o\u00a0<strong>Caribe<\/strong>\u00a0particularmente suscet\u00edveis aos efeitos sociais e econ\u00f4micos da pandemia.<\/p>\n<h3>Descarbonizar a economia: os cinco pilares<\/h3>\n<p>Em resposta \u00e0 pandemia, o estudo conjunto do\u00a0<strong>BID<\/strong>&#8211;<strong>OIT<\/strong>\u00a0prop\u00f5e que uma transi\u00e7\u00e3o justa para zero emiss\u00f5es possa corrigir os efeitos econ\u00f4micos e sociais adversos da\u00a0<strong>crise global<\/strong>\u00a0e, ao mesmo tempo, oferecer uma oportunidade de criar empregos e enfrentar a desigualdade e impulsionar o crescimento inclusivo.<\/p>\n<p><strong>Descarbonizar a economia<\/strong>, ou chegar a zero emiss\u00f5es de carbono, significa reduzir as emiss\u00f5es de carbono das atividades humanas, tal como a utiliza\u00e7\u00e3o de\u00a0<strong>combust\u00edveis f\u00f3sseis<\/strong>, e equilibrar as emiss\u00f5es restantes, por exemplo, plantando \u00e1rvores em grande escala. A\u00a0<strong>Am\u00e9rica Latina<\/strong>\u00a0e o\u00a0<strong>Caribe<\/strong>\u00a0podem alcan\u00e7ar prosperidade livre de carbono por meio de a\u00e7\u00f5es imediatas e paralelas em torno de cinco pilares (<strong>BID<\/strong>\u00a0e\u00a0<strong>DDPLAC<\/strong>, 2019):<\/p>\n<p>&#8211; Eliminar gradualmente a gera\u00e7\u00e3o de energia a partir de\u00a0<a href=\"http:\/\/www.ihu.unisinos.br\/78-noticias\/593152-queimar-combustiveis-fosseis-assim-como-fumar-mata\" target=\"_blank\" rel=\"noopener noreferrer\">combust\u00edveis f\u00f3sseis<\/a>\u00a0e substitu\u00ed-la por fontes livres de carbono, como energia e\u00f3lica e solar;<\/p>\n<p>&#8211; Utilizar eletricidade em vez de\u00a0<strong>combust\u00edveis f\u00f3sseis<\/strong>\u00a0para transporte, prepara\u00e7\u00e3o de alimentos e aquecimento;<\/p>\n<p>&#8211; Aumentar o\u00a0<strong>transporte p\u00fablico<\/strong>\u00a0e o n\u00e3o motorizado;<\/p>\n<p>&#8211; Deter o\u00a0<a href=\"http:\/\/www.ihu.unisinos.br\/78-noticias\/589563-imazon-desmatamento-na-amazonia-aumentou-20-entre-agosto-de-2018-e-abril-de-2019\" target=\"_blank\" rel=\"noopener noreferrer\">desmatamento<\/a>\u00a0e plantar \u00e1rvores, o que exigir\u00e1 uma mudan\u00e7a na alimenta\u00e7\u00e3o, substituindo os alimentos de origem animal por alimentos de origem vegetal;<\/p>\n<p>&#8211; Reduzir os res\u00edduos em todos os setores, reciclar materiais e come\u00e7ar a usar materiais de constru\u00e7\u00e3o sustent\u00e1veis, como a madeira ou o bambu.<\/p>\n<p>As transforma\u00e7\u00f5es necess\u00e1rias v\u00e3o al\u00e9m da primeira rodada de\u00a0<strong>Contribui\u00e7\u00f5es Determinadas a N\u00edvel Nacional<\/strong>\u00a0(<strong>NDC<\/strong>, em sua sigla em ingl\u00eas) que os pa\u00edses apresentaram, mediante o\u00a0<strong>Acordo de Paris<\/strong>.<\/p>\n<p>\u00c9 de amplo conhecimento que as\u00a0<strong>NDC<\/strong>\u00a0s\u00e3o insuficientes para alcan\u00e7ar zero emiss\u00f5es at\u00e9 2050, bem como para atingir o objetivo geral do\u00a0<a href=\"http:\/\/www.ihu.unisinos.br\/78-noticias\/585177-quem-vai-salvar-o-acordo-de-paris\" target=\"_blank\" rel=\"noopener noreferrer\">Acordo de Paris<\/a>: limitar o aquecimento global entre 1,5 a 2 graus acima dos n\u00edveis pr\u00e9-industriais.<\/p>\n<p>O estudo aponta que a\u00a0<a href=\"http:\/\/www.ihu.unisinos.br\/78-noticias\/599971-descarbonizacao-da-economia-projetos-para-recuperacao-verde-da-economia-sao-bom-sinal-para-renovaveis\" target=\"_blank\" rel=\"noopener noreferrer\">descarboniza\u00e7\u00e3o<\/a>\u00a0tamb\u00e9m traz benef\u00edcios imediatos, al\u00e9m do fato de que a\u00a0<a href=\"http:\/\/www.ihu.unisinos.br\/78-noticias\/590121-a-queda-dos-custos-de-energia-renovavel-abre-caminho-para-uma-maior-ambicao-climatica\" target=\"_blank\" rel=\"noopener noreferrer\">energia renov\u00e1vel<\/a><strong>\u00a0<\/strong>costuma ser mais barata do que as alternativas baseadas em combust\u00edveis f\u00f3sseis e \u00e9 uma solu\u00e7\u00e3o para levar energia para \u00e1reas rurais remotas e atender \u00e0s popula\u00e7\u00f5es pobres e marginalizadas.<\/p>\n<p>O\u00a0<strong>transporte p\u00fablico<\/strong>\u00a0eficiente pode aumentar a produtividade do trabalhador e reduzir os efeitos socioecon\u00f4micos e de sa\u00fade da polui\u00e7\u00e3o do ar, ru\u00eddo e acidentes. E podemos mudar as dietas das popula\u00e7\u00f5es com menos carne e latic\u00ednios mais saud\u00e1veis.<\/p>\n<h3>Quem paga as d\u00edvidas \u201csoberanas\u201d ou soberanas d\u00edvidas?<\/h3>\n<p>A impertin\u00eancia do realismo m\u00e1gico reaparece em nosso subcontinente, nesse voltar ao come\u00e7o, nesse crime perfeito que constitui o sistema da d\u00edvida externa. Novamente, o quintal \u00e9 convocado para o laborat\u00f3rio do\u00a0<strong>ecossistema<\/strong>, cujo pano de fundo \u00e9 o espectro do\u00a0<strong>desemprego em massa<\/strong>.<\/p>\n<p>Desta forma, somos lembrados de que os organismos internacionais proporcionam um marco para construir um futuro com melhores empregos, maior equidade e um ambiente saud\u00e1vel. Sem d\u00favida, \u00e9 importante levar em conta o car\u00e1ter cada vez mais grave dos\u00a0<a href=\"http:\/\/www.ihu.unisinos.br\/78-noticias\/578223-um-mundo-em-aquecimento-ameaca-a-vida-do-planeta\" target=\"_blank\" rel=\"noopener noreferrer\">desequil\u00edbrios ecol\u00f3gicos<\/a>, o avan\u00e7o da eros\u00e3o dos solos e tamb\u00e9m os efeitos clim\u00e1ticos.<\/p>\n<p>A oportunidade econ\u00f4mica, gra\u00e7as aos seus ricos recursos e \u00e0 relativamente baixa press\u00e3o populacional, torna a regi\u00e3o bem equipada para fazer uma transi\u00e7\u00e3o para zero emiss\u00f5es.<\/p>\n<p>Mas sob uma torrente de palavras, de promessas, descobre-se a irracionalidade da explora\u00e7\u00e3o do trabalho para devastar o planeta em nome da\u00a0<a href=\"http:\/\/www.ihu.unisinos.br\/169-noticias\/noticias-2015\/540430-contra-a-ideologia-de-mercado\" target=\"_blank\" rel=\"noopener noreferrer\">liberdade de mercado<\/a>. Na realidade, precisamos estar atentos porque essas ret\u00f3ricas em momentos de muita vulnerabilidade na regi\u00e3o acontecem longe do habitat natural dos povos e caminham lado a lado com a pol\u00edtica de fatos consumados.<\/p>\n<p>A grande maioria dos compromissos assumidos at\u00e9 agora em rela\u00e7\u00e3o \u00e0\u00a0<a href=\"http:\/\/www.ihu.unisinos.br\/78-noticias\/590122-por-que-e-mais-correto-falar-em-crise-climatica-e-nao-em-mudanca-climatica\" target=\"_blank\" rel=\"noopener noreferrer\">mudan\u00e7a clim\u00e1tica<\/a>\u00a0\u00e9 de m\u00e9dio e longo prazo, fixando metas para anos como 2030 e 2050, mas isso n\u00e3o significa que n\u00e3o seja necess\u00e1rio agir imediatamente. Paradoxalmente, entre os pa\u00edses que se comprometeram a descarbonizar suas economias at\u00e9 meados do s\u00e9culo, n\u00e3o est\u00e3o presentes nem os Estados Unidos, nem a China e a \u00cdndia, os estados com maior volume de emiss\u00f5es do mundo.<\/p>\n<p>Os interesses que se escondem por tr\u00e1s do\u00a0<strong>poder financeiro global<\/strong>\u00a0e do\u00a0<strong>sistema de d\u00edvida<\/strong>, em sua posi\u00e7\u00e3o dominante, sempre foram variados. As pesquisas para o desenvolvimento de energias &#8220;limpas&#8221;, adjetivadas como alternativas, renov\u00e1veis e de zero emiss\u00e3o, desempoeiram tratados que o n\u00facleo central dos pa\u00edses ricos evita, como resposta ou pretexto dentro do marco de uma economia social de mercado globalizada.<\/p>\n<p>A elite pol\u00edtica e as<strong>\u00a0empresas transnacionais<\/strong>, donas da produ\u00e7\u00e3o de energia, est\u00e3o em busca de novos mercados, com empres\u00e1rios comprometidos com o futuro das novas gera\u00e7\u00f5es. Mas a realidade \u00e9 mais prosaica, pois s\u00e3o m\u00faltiplas as empresas privadas que veem no aquecimento do Planeta um grande neg\u00f3cio e por isso promovem estudos e megaprojetos no campo das energias renov\u00e1veis com o \u00fanico desejo de obter dinheiro em troca de promessas.<\/p>\n<p>Um exemplo claro \u00e9 precisamente a\u00a0<strong>Am\u00e9rica Latina<\/strong>. Seus promotores s\u00e3o aqueles que conduziram \u00e0 situa\u00e7\u00e3o de crise em que nos encontramos: grandes empresas transnacionais, com o apoio ativo de governos e institui\u00e7\u00f5es internacionais, compartilham um bom peda\u00e7o do bolo, da Patag\u00f4nia ao Orinoco, passando pelo Caribe, a\u00a0<strong>Amaz\u00f4nia<\/strong>\u00a0e a floresta subtropical.<\/p>\n<p>Aquelas empresas que monopolizam o mercado de energia (<strong>Exxon<\/strong>,\u00a0<strong>BP<\/strong>,\u00a0<strong>Chevron<\/strong>,\u00a0<strong>Shell<\/strong>,\u00a0<strong>Total<\/strong>), do agroneg\u00f3cio (<strong>Unilever<\/strong>,\u00a0<strong>Cargill<\/strong>,\u00a0<strong>DuPont<\/strong>,\u00a0<strong>Monsanto<\/strong>,\u00a0<strong>Procter &amp; Gamble<\/strong>), o farmac\u00eautico (<strong>Roche<\/strong>,\u00a0<strong>Merck<\/strong>,\u00a0<strong>Bayer<\/strong>), o qu\u00edmico (<strong>Dow<\/strong>,\u00a0<strong>DuPont<\/strong>,\u00a0<strong>BASF<\/strong>) s\u00e3o os principais motores da\u00a0<strong>economia verde<\/strong>. Seu sistema se fundamenta no consumo atrelado \u00e0 rentabilidade. Procuram tirar o m\u00e1ximo proveito da energia, seja solar, e\u00f3lica, aqu\u00edfera ou proveniente da biomassa.<\/p>\n<p>Uma das habilidades do\u00a0<strong>capitalismo<\/strong>\u00a0\u00e9 transformar um problema em um ativo financeiro, com o objetivo de ganhar dinheiro. Seja tang\u00edvel como a \u00e1gua ou invis\u00edvel como o\u00a0<a href=\"http:\/\/www.ihu.unisinos.br\/78-noticias\/585505-emissoes-globais-de-dioxido-de-carbono-co2-aumentam-mesmo-com-a-diminuicao-do-carvao-e-o-aumento-das-energias-renovaveis\" target=\"_blank\" rel=\"noopener noreferrer\">di\u00f3xido de carbono<\/a>.<\/p>\n<p>Sem d\u00favida, o verde vende, mas est\u00e1 imerso em uma economia que, ao contr\u00e1rio do que seu nome sugere, n\u00e3o tem nada de \u201cverde\u201d, al\u00e9m da cor dos d\u00f3lares que aqueles que a promovem esperam ganhar.<\/p>\n<p>Mas essa l\u00f3gica de novos\/velhos estudos fazem parte de sua maquiagem. Essa ideia de progresso linear, t\u00edpica da fase atual do\u00a0<a href=\"http:\/\/www.ihu.unisinos.br\/78-noticias\/597489-assim-mudara-o-capitalismo\" target=\"_blank\" rel=\"noopener noreferrer\">capitalismo<\/a>, deve ser questionada, pois a partir dela a ordem pol\u00edtica atual levanta seu mito de\u00a0<strong>irreversibilidade hist\u00f3rica<\/strong>.<\/p>\n<p>\u00c9 que a nova ofensiva do capitalismo global para privatizar e comercializar massivamente os bens comuns tem na\u00a0<a href=\"http:\/\/www.ihu.unisinos.br\/78-noticias\/589354-oit-aponta-que-economia-verde-pode-gerar-ate-18-milhoes-de-empregos-no-mundo\" target=\"_blank\" rel=\"noopener noreferrer\">economia verde<\/a>\u00a0seu maior expoente e principal s\u00f3cio. Justamente em um contexto de crise econ\u00f4mica, uma das estrat\u00e9gias do capital para recuperar a taxa de lucro consiste em privatizar ecossistemas e transformar \u201co vivo\u201d em mercadoria.<\/p>\n<p>\u00c0s vezes, o desejo de acreditar \u00e9 t\u00e3o poderoso que desloca os crit\u00e9rios usuais do realismo e da l\u00f3gica. Independentemente das fontes de comunica\u00e7\u00e3o, ou de seu prest\u00edgio, assistimos a um novo ataque aos\u00a0<a href=\"http:\/\/www.ihu.unisinos.br\/78-noticias\/595834-direito-do-planeta-e-os-bens-comuns-e-o-tema-desta-manha-do-forum-social-das-resistencias\" target=\"_blank\" rel=\"noopener noreferrer\">bens comuns do planeta<\/a>, legitimando algumas pr\u00e1ticas de uma economia que se pinta de verde, mas que em definitivo se mancha de vermelho.<\/p>\n<p>Tememos muito que os cantos de sereia de zero emiss\u00f5es tragam muita d\u00edvida, \u201csoberana\u201d que soa melhor.<\/p>\n","protected":false},"excerpt":{"rendered":"<p>&#8220;Justamente em um contexto de\u00a0crise econ\u00f4mica, uma das estrat\u00e9gias do capital para recuperar a taxa<\/p>\n","protected":false},"author":2,"featured_media":132385,"comment_status":"open","ping_status":"open","sticky":false,"template":"","format":"standard","meta":[],"categories":[],"tags":[],"uagb_featured_image_src":{"full":["https:\/\/espacoecologico.com.br\/arquivo\/wp-content\/uploads\/2020\/08\/economia-1.jpg",415,265,false],"thumbnail":["https:\/\/espacoecologico.com.br\/arquivo\/wp-content\/uploads\/2020\/08\/economia-1-150x150.jpg",150,150,true],"medium":["https:\/\/espacoecologico.com.br\/arquivo\/wp-content\/uploads\/2020\/08\/economia-1-300x192.jpg",300,192,true],"medium_large":["https:\/\/espacoecologico.com.br\/arquivo\/wp-content\/uploads\/2020\/08\/economia-1.jpg",415,265,false],"large":["https:\/\/espacoecologico.com.br\/arquivo\/wp-content\/uploads\/2020\/08\/economia-1.jpg",415,265,false],"1536x1536":["https:\/\/espacoecologico.com.br\/arquivo\/wp-content\/uploads\/2020\/08\/economia-1.jpg",415,265,false],"2048x2048":["https:\/\/espacoecologico.com.br\/arquivo\/wp-content\/uploads\/2020\/08\/economia-1.jpg",415,265,false],"cream-magazine-thumbnail-2":["https:\/\/espacoecologico.com.br\/arquivo\/wp-content\/uploads\/2020\/08\/economia-1.jpg",415,265,false],"cream-magazine-thumbnail-3":["https:\/\/espacoecologico.com.br\/arquivo\/wp-content\/uploads\/2020\/08\/economia-1.jpg",415,265,false],"cream-magazine-thumbnail-4":["https:\/\/espacoecologico.com.br\/arquivo\/wp-content\/uploads\/2020\/08\/economia-1.jpg",415,265,false]},"uagb_author_info":{"display_name":"","author_link":"https:\/\/espacoecologico.com.br\/arquivo\/author\/"},"uagb_comment_info":0,"uagb_excerpt":"&#8220;Justamente em um contexto de\u00a0crise econ\u00f4mica, uma das estrat\u00e9gias do capital para recuperar a taxa","_links":{"self":[{"href":"https:\/\/espacoecologico.com.br\/arquivo\/wp-json\/wp\/v2\/posts\/132384"}],"collection":[{"href":"https:\/\/espacoecologico.com.br\/arquivo\/wp-json\/wp\/v2\/posts"}],"about":[{"href":"https:\/\/espacoecologico.com.br\/arquivo\/wp-json\/wp\/v2\/types\/post"}],"author":[{"embeddable":true,"href":"https:\/\/espacoecologico.com.br\/arquivo\/wp-json\/wp\/v2\/users\/2"}],"replies":[{"embeddable":true,"href":"https:\/\/espacoecologico.com.br\/arquivo\/wp-json\/wp\/v2\/comments?post=132384"}],"version-history":[{"count":0,"href":"https:\/\/espacoecologico.com.br\/arquivo\/wp-json\/wp\/v2\/posts\/132384\/revisions"}],"wp:featuredmedia":[{"embeddable":true,"href":"https:\/\/espacoecologico.com.br\/arquivo\/wp-json\/wp\/v2\/media\/132385"}],"wp:attachment":[{"href":"https:\/\/espacoecologico.com.br\/arquivo\/wp-json\/wp\/v2\/media?parent=132384"}],"wp:term":[{"taxonomy":"category","embeddable":true,"href":"https:\/\/espacoecologico.com.br\/arquivo\/wp-json\/wp\/v2\/categories?post=132384"},{"taxonomy":"post_tag","embeddable":true,"href":"https:\/\/espacoecologico.com.br\/arquivo\/wp-json\/wp\/v2\/tags?post=132384"}],"curies":[{"name":"wp","href":"https:\/\/api.w.org\/{rel}","templated":true}]}}