{"id":132380,"date":"2020-08-20T10:00:18","date_gmt":"2020-08-20T13:00:18","guid":{"rendered":"https:\/\/espacoecologico.com.br\/arquivo\/?p=132380"},"modified":"2020-08-19T21:10:36","modified_gmt":"2020-08-20T00:10:36","slug":"explosao-de-estrelas-pode-ter-causado-extincoes-em-massa-na-terra","status":"publish","type":"post","link":"https:\/\/espacoecologico.com.br\/arquivo\/explosao-de-estrelas-pode-ter-causado-extincoes-em-massa-na-terra\/","title":{"rendered":"Explos\u00e3o de estrelas pode ter causado extin\u00e7\u00f5es em massa na Terra"},"content":{"rendered":"<p><a href=\"https:\/\/espacoecologico.com.br\/arquivo\/wp-content\/uploads\/2020\/08\/estrela-1.jpg\"><img loading=\"lazy\" class=\"alignleft size-medium wp-image-132381\" src=\"https:\/\/espacoecologico.com.br\/arquivo\/wp-content\/uploads\/2020\/08\/estrela-1-300x192.jpg\" alt=\"\" width=\"300\" height=\"192\" srcset=\"https:\/\/espacoecologico.com.br\/arquivo\/wp-content\/uploads\/2020\/08\/estrela-1-300x192.jpg 300w, https:\/\/espacoecologico.com.br\/arquivo\/wp-content\/uploads\/2020\/08\/estrela-1.jpg 415w\" sizes=\"(max-width: 300px) 100vw, 300px\" \/><\/a>Imagine namorar \u00e0 luz de uma estrela que acaba de explodir e iluminar os c\u00e9us, tornando-se mais brilhante do que a Lua cheia.<\/p>\n<p>Pode ser rom\u00e2ntico e produzir boas fotos, mas esta cena seria o prel\u00fadio de um desastre global, quando a radia\u00e7\u00e3o da supernova nos atingisse: Ela provavelmente devastaria a vida como a conhecemos.<\/p>\n<p>E astr\u00f4nomos est\u00e3o agora propondo que isso de fato j\u00e1 teria acontecido.<\/p>\n<p>Brian Fields e colegas dos EUA e da Su\u00ed\u00e7a acreditam que os raios c\u00f3smicos de supernovas pr\u00f3ximas podem ser os culpados por pelo menos um evento de extin\u00e7\u00e3o em massa na Terra.<\/p>\n<p>Para confirmar sua hip\u00f3tese, eles afirmam que os ge\u00f3logos devem procurar determinados is\u00f3topos radioativos nas rochas da Terra. Se esses is\u00f3topos &#8211; plut\u00f4nio-244 e sam\u00e1rio-146 &#8211; forem encontrados, isso pode confirmar este cen\u00e1rio.<\/p>\n<p><strong>Supernova causando extin\u00e7\u00e3o da vida<\/strong><\/p>\n<p>Brian Fields levantou a possibilidade de que eventos astron\u00f4micos foram respons\u00e1veis por um evento de extin\u00e7\u00e3o h\u00e1 359 milh\u00f5es de anos, na fronteira entre os per\u00edodos Devoniano e Carbon\u00edfero.<\/p>\n<p>A equipe se concentrou na fronteira Devoniana-Carbon\u00edfera porque essas rochas cont\u00eam centenas de milhares de gera\u00e7\u00f5es de esporos de plantas que parecem ter sido queimadas por luz ultravioleta, evid\u00eancia de um evento de destrui\u00e7\u00e3o da camada de oz\u00f4nio de longa dura\u00e7\u00e3o.<\/p>\n<p>A explica\u00e7\u00e3o mais aceita hoje \u00e9 que essa radia\u00e7\u00e3o teria vindo de algum comportamento an\u00f4malo do Sol, mas pode ser que ela tenha vindo de mais longe.<\/p>\n<p>&#8220;Cat\u00e1strofes originadas na pr\u00f3pria Terra, como vulcanismo em grande escala e aquecimento global, tamb\u00e9m podem destruir a camada de oz\u00f4nio, mas as evid\u00eancias para isso s\u00e3o inconclusivas para o intervalo de tempo em quest\u00e3o,&#8221; explicou Fields. &#8220;Em vez disso, propomos que uma ou mais explos\u00f5es de supernova, a cerca de 65 anos-luz de dist\u00e2ncia da Terra, poderiam ter sido respons\u00e1veis pela perda prolongada de oz\u00f4nio.&#8221;<\/p>\n<p>A equipe tamb\u00e9m analisou e descartou outras causas astrof\u00edsicas para a destrui\u00e7\u00e3o do oz\u00f4nio, como impactos de meteoritos, erup\u00e7\u00f5es solares e explos\u00f5es de raios gama.<\/p>\n<p>Uma supernova, por outro lado, oferece um &#8220;golpe duplo&#8221;, afirmam os pesquisadores. A explos\u00e3o banha imediatamente a Terra com ultravioleta, raios X e raios gama, todos prejudiciais \u00e0 vida. E, mais tarde, chegam os detritos, sujeitando o planeta e a sua camada de oz\u00f4nio a um per\u00edodo de &#8220;bombardeio&#8221; que pode durar at\u00e9 100.000 anos.<\/p>\n<p>No entanto, a evid\u00eancia f\u00f3ssil indica um decl\u00ednio de 300.000 anos na biodiversidade, levando \u00e0 extin\u00e7\u00e3o em massa Devoniano-Carbon\u00edfera, sugerindo a possibilidade de m\u00faltiplas cat\u00e1strofes, talvez at\u00e9 m\u00faltiplas explos\u00f5es de supernovas. &#8220;Isso \u00e9 perfeitamente poss\u00edvel,&#8221; defende Miller. &#8220;Estrelas massivas geralmente ocorrem em aglomerados com outras estrelas massivas, e outras supernovas provavelmente ocorrer\u00e3o logo ap\u00f3s a primeira explos\u00e3o.&#8221;<\/p>\n<div class=\"imgMeioC\"><img loading=\"lazy\" class=\"pure-img\" src=\"https:\/\/www.inovacaotecnologica.com.br\/noticias\/imagens\/010125200819-formacao-poeira-supernova.jpg\" alt=\"Explos\u00e3o de estrelas pode ter causado extin\u00e7\u00f5es em massa na Terra\" width=\"638\" height=\"359\" \/><\/p>\n<div class=\"legenda\">N\u00e3o \u00e9 s\u00f3 radia\u00e7\u00e3o: uma\u00a0<a href=\"https:\/\/www.inovacaotecnologica.com.br\/noticias\/noticia.php?artigo=supernova-produz-poeira-cosmica&amp;id=010175140709\" target=\"_blank\" rel=\"noopener noreferrer\">supernova produz poeira c\u00f3smica<\/a>\u00a0em uma escala descomunal.<span class=\"creditoimg\"><br \/>\n[Imagem:\u00a0ESO\/M. Kornmesser]<\/span><\/div>\n<\/div>\n<p><strong>Pr\u00f3ximo evento<\/strong><\/p>\n<p>Se \u00e9 real a possibilidade de que supernovas possam ter eliminado a vida na Terra mais de uma vez, isso levanta uma preocupa\u00e7\u00e3o: Ser\u00e1 que pode acontecer de novo?<\/p>\n<p>Para Fields e seus colegas, n\u00e3o \u00e9 uma quest\u00e3o de &#8220;se&#8221;, mas de &#8220;quando&#8221;.<\/p>\n<p>Por sorte, a candidata mais prov\u00e1vel a supernova que conhecemos, a\u00a0<a href=\"https:\/\/www.inovacaotecnologica.com.br\/pesquisar.php?keyword=Betelgeuse\">superestrela Betelgeuse<\/a>, est\u00e1 longe demais para nos afetar t\u00e3o fortemente em um futuro vislumbr\u00e1vel.<\/p>\n<p>Betelgeuse est\u00e1 a 600 anos-luz de dist\u00e2ncia da Terra, enquanto a equipe calcula que os efeitos catastr\u00f3ficos seriam causados por uma supernova a uma dist\u00e2ncia m\u00e1xima de 65 anos-luz.<\/p>\n<p>&#8220;A mensagem abrangente do nosso estudo \u00e9 que a vida na Terra n\u00e3o existe isoladamente,&#8221; disse Fields. &#8220;Somos cidad\u00e3os de um cosmos maior, e o cosmos interv\u00e9m em nossas vidas &#8211; muitas vezes de forma impercept\u00edvel, mas \u00e0s vezes ferozmente.&#8221;<\/p>\n","protected":false},"excerpt":{"rendered":"<p>Imagine namorar \u00e0 luz de uma estrela que acaba de explodir e iluminar os c\u00e9us,<\/p>\n","protected":false},"author":2,"featured_media":132381,"comment_status":"open","ping_status":"open","sticky":false,"template":"","format":"standard","meta":[],"categories":[],"tags":[],"uagb_featured_image_src":{"full":["https:\/\/espacoecologico.com.br\/arquivo\/wp-content\/uploads\/2020\/08\/estrela-1.jpg",415,265,false],"thumbnail":["https:\/\/espacoecologico.com.br\/arquivo\/wp-content\/uploads\/2020\/08\/estrela-1-150x150.jpg",150,150,true],"medium":["https:\/\/espacoecologico.com.br\/arquivo\/wp-content\/uploads\/2020\/08\/estrela-1-300x192.jpg",300,192,true],"medium_large":["https:\/\/espacoecologico.com.br\/arquivo\/wp-content\/uploads\/2020\/08\/estrela-1.jpg",415,265,false],"large":["https:\/\/espacoecologico.com.br\/arquivo\/wp-content\/uploads\/2020\/08\/estrela-1.jpg",415,265,false],"1536x1536":["https:\/\/espacoecologico.com.br\/arquivo\/wp-content\/uploads\/2020\/08\/estrela-1.jpg",415,265,false],"2048x2048":["https:\/\/espacoecologico.com.br\/arquivo\/wp-content\/uploads\/2020\/08\/estrela-1.jpg",415,265,false],"cream-magazine-thumbnail-2":["https:\/\/espacoecologico.com.br\/arquivo\/wp-content\/uploads\/2020\/08\/estrela-1.jpg",415,265,false],"cream-magazine-thumbnail-3":["https:\/\/espacoecologico.com.br\/arquivo\/wp-content\/uploads\/2020\/08\/estrela-1.jpg",415,265,false],"cream-magazine-thumbnail-4":["https:\/\/espacoecologico.com.br\/arquivo\/wp-content\/uploads\/2020\/08\/estrela-1.jpg",415,265,false]},"uagb_author_info":{"display_name":"","author_link":"https:\/\/espacoecologico.com.br\/arquivo\/author\/"},"uagb_comment_info":0,"uagb_excerpt":"Imagine namorar \u00e0 luz de uma estrela que acaba de explodir e iluminar os c\u00e9us,","_links":{"self":[{"href":"https:\/\/espacoecologico.com.br\/arquivo\/wp-json\/wp\/v2\/posts\/132380"}],"collection":[{"href":"https:\/\/espacoecologico.com.br\/arquivo\/wp-json\/wp\/v2\/posts"}],"about":[{"href":"https:\/\/espacoecologico.com.br\/arquivo\/wp-json\/wp\/v2\/types\/post"}],"author":[{"embeddable":true,"href":"https:\/\/espacoecologico.com.br\/arquivo\/wp-json\/wp\/v2\/users\/2"}],"replies":[{"embeddable":true,"href":"https:\/\/espacoecologico.com.br\/arquivo\/wp-json\/wp\/v2\/comments?post=132380"}],"version-history":[{"count":0,"href":"https:\/\/espacoecologico.com.br\/arquivo\/wp-json\/wp\/v2\/posts\/132380\/revisions"}],"wp:featuredmedia":[{"embeddable":true,"href":"https:\/\/espacoecologico.com.br\/arquivo\/wp-json\/wp\/v2\/media\/132381"}],"wp:attachment":[{"href":"https:\/\/espacoecologico.com.br\/arquivo\/wp-json\/wp\/v2\/media?parent=132380"}],"wp:term":[{"taxonomy":"category","embeddable":true,"href":"https:\/\/espacoecologico.com.br\/arquivo\/wp-json\/wp\/v2\/categories?post=132380"},{"taxonomy":"post_tag","embeddable":true,"href":"https:\/\/espacoecologico.com.br\/arquivo\/wp-json\/wp\/v2\/tags?post=132380"}],"curies":[{"name":"wp","href":"https:\/\/api.w.org\/{rel}","templated":true}]}}