{"id":132376,"date":"2020-08-20T09:00:08","date_gmt":"2020-08-20T12:00:08","guid":{"rendered":"https:\/\/espacoecologico.com.br\/arquivo\/?p=132376"},"modified":"2020-08-19T21:07:26","modified_gmt":"2020-08-20T00:07:26","slug":"evento-mundial-pelo-fim-do-especismo-contara-com-manifestacao-no-rj","status":"publish","type":"post","link":"https:\/\/espacoecologico.com.br\/arquivo\/evento-mundial-pelo-fim-do-especismo-contara-com-manifestacao-no-rj\/","title":{"rendered":"Evento mundial pelo fim do especismo contar\u00e1 com manifesta\u00e7\u00e3o no RJ"},"content":{"rendered":"<p><a href=\"https:\/\/espacoecologico.com.br\/arquivo\/wp-content\/uploads\/2020\/08\/direito_animais.jpg\"><img loading=\"lazy\" class=\"alignleft size-medium wp-image-132377\" src=\"https:\/\/espacoecologico.com.br\/arquivo\/wp-content\/uploads\/2020\/08\/direito_animais-300x192.jpg\" alt=\"\" width=\"300\" height=\"192\" srcset=\"https:\/\/espacoecologico.com.br\/arquivo\/wp-content\/uploads\/2020\/08\/direito_animais-300x192.jpg 300w, https:\/\/espacoecologico.com.br\/arquivo\/wp-content\/uploads\/2020\/08\/direito_animais.jpg 415w\" sizes=\"(max-width: 300px) 100vw, 300px\" \/><\/a>A luta contra o especismo visa o reconhecimento dos animais como seres sencientes que devem ter seus interesses respeitados<\/p>\n<p>O \u201cDirect Action EveryWhere \u2013 DxE RJ\u201d est\u00e1 organizando uma manifesta\u00e7\u00e3o que ir\u00e1 integrar o evento mundial pelo fim do especismo. Marcado para o dia 30 de agosto,\u00a0<a href=\"https:\/\/www.facebook.com\/events\/616528468980770?active_tab=about\">o ato ser\u00e1 realizado das 10h \u00e0s 14h30, no Rio de Janeiro.\u00a0<\/a><\/p>\n<p>O ponto de encontro ser\u00e1 o Col\u00e9gio C\u00edcero Penna. De l\u00e1, os manifestantes caminhar\u00e3o at\u00e9 o Arpoador. Outros pa\u00edses tamb\u00e9m realizar\u00e3o atos em defesa dos animais.<\/p>\n<p>\u201cO especismo \u00e9 a ideologia que considera que a vida e o interesse dos animais podem ser desprezados simplesmente porque eles s\u00e3o de outra esp\u00e9cie. A no\u00e7\u00e3o de especismo pode ser compreendida por analogia com o racismo ou o sexismo; o especismo tende a excluir os animais do c\u00edrculo de considera\u00e7\u00e3o moral\u201d, explicou Marcus Paulo Mour\u00e3o, fundador e presidente do DxE RJ.<\/p>\n<p>\u201cO antiespecismo se interessa pela no\u00e7\u00e3o da igualdade animal, ou seja, leva em considera\u00e7\u00e3o os interesses de todos os indiv\u00edduos sens\u00edveis\u201d, completou.<\/p>\n<p>Vegano, o ativista defende a expans\u00e3o do \u201cc\u00edrculo de considera\u00e7\u00e3o moral\u201d da sociedade de modo que os animais sejam levados em considera\u00e7\u00e3o \u2013 todos eles, inclusive os que s\u00e3o explorados e mortos para consumo humano.<\/p>\n<p>\u201cA igualdade animal pode verdadeiramente ser compreendida atrav\u00e9s da premissa de que todos os animais possuem um valor inerente, e que o possuem de maneira igual. O valor inerente \u00e9 o valor pr\u00f3prio do individuo, que \u00e9 independente de toda utilidade desse \u00faltimo ao outro. O princ\u00edpio de justi\u00e7a exige tamb\u00e9m que todo ser senciente seja sempre tratado de maneira a respeitar seu valor inerente. Uma das consequ\u00eancias \u00e9 que tal ser n\u00e3o deve jamais ser tratado simplesmente como um meio para chegar a um fim, e que \u00e9 necess\u00e1rio socorrer a todo ser senciente que sofre uma injusti\u00e7a\u201d, explicou.<\/p>\n<p>Para que os direitos dos animais sejam considerados verdadeiramente, deve-se por fim a pr\u00e1ticas explorat\u00f3rias e cru\u00e9is. \u201cA considera\u00e7\u00e3o real dos interesses dos animais implica na aboli\u00e7\u00e3o de pr\u00e1ticas nas diversas esferas, quer seja no lazer (ca\u00e7a esportiva, touradas, circos com animais, zoos), na ind\u00fastria alimentar (pecu\u00e1ria, suinocultura, avicultura, matadouros, pesca) ou na ci\u00eancia (experi\u00eancias em animais)\u201d, refor\u00e7ou o ativista.<\/p>\n<p>\u201cA pr\u00e1tica especista que causa o maior n\u00famero de v\u00edtimas \u00e9 a do consumo de produtos de origem animal. Como efeito, 64 milh\u00f5es de animais terrestres s\u00e3o mortos a cada ano no mundo. E durante o mesmo lapso de tempo, em torno de 1 bilh\u00e3o de peixes morrem sufocados nas redes de pesca. Visto em n\u00fameros, os peixes s\u00e3o os primeiros a sofrer a injusti\u00e7a do especismo\u201d, acrescentou.<\/p>\n<p>Contr\u00e1rios a essa matan\u00e7a, ativistas se uniram para realizar a manifesta\u00e7\u00e3o \u2013 que j\u00e1 contou com uma edi\u00e7\u00e3o anterior, promovida em 2019. Neste ano, por conta da pandemia de coronav\u00edrus, o DxE RJ pede que os manifestantes que decidirem aderir ao ato usem m\u00e1scaras e mantenham dist\u00e2ncia um dos outros, em respeito \u00e0s regras de distanciamento social.<\/p>\n","protected":false},"excerpt":{"rendered":"<p>A luta contra o especismo visa o reconhecimento dos animais como seres sencientes que devem<\/p>\n","protected":false},"author":2,"featured_media":132377,"comment_status":"open","ping_status":"open","sticky":false,"template":"","format":"standard","meta":[],"categories":[],"tags":[],"uagb_featured_image_src":{"full":["https:\/\/espacoecologico.com.br\/arquivo\/wp-content\/uploads\/2020\/08\/direito_animais.jpg",415,265,false],"thumbnail":["https:\/\/espacoecologico.com.br\/arquivo\/wp-content\/uploads\/2020\/08\/direito_animais-150x150.jpg",150,150,true],"medium":["https:\/\/espacoecologico.com.br\/arquivo\/wp-content\/uploads\/2020\/08\/direito_animais-300x192.jpg",300,192,true],"medium_large":["https:\/\/espacoecologico.com.br\/arquivo\/wp-content\/uploads\/2020\/08\/direito_animais.jpg",415,265,false],"large":["https:\/\/espacoecologico.com.br\/arquivo\/wp-content\/uploads\/2020\/08\/direito_animais.jpg",415,265,false],"1536x1536":["https:\/\/espacoecologico.com.br\/arquivo\/wp-content\/uploads\/2020\/08\/direito_animais.jpg",415,265,false],"2048x2048":["https:\/\/espacoecologico.com.br\/arquivo\/wp-content\/uploads\/2020\/08\/direito_animais.jpg",415,265,false],"cream-magazine-thumbnail-2":["https:\/\/espacoecologico.com.br\/arquivo\/wp-content\/uploads\/2020\/08\/direito_animais.jpg",415,265,false],"cream-magazine-thumbnail-3":["https:\/\/espacoecologico.com.br\/arquivo\/wp-content\/uploads\/2020\/08\/direito_animais.jpg",415,265,false],"cream-magazine-thumbnail-4":["https:\/\/espacoecologico.com.br\/arquivo\/wp-content\/uploads\/2020\/08\/direito_animais.jpg",415,265,false]},"uagb_author_info":{"display_name":"","author_link":"https:\/\/espacoecologico.com.br\/arquivo\/author\/"},"uagb_comment_info":0,"uagb_excerpt":"A luta contra o especismo visa o reconhecimento dos animais como seres sencientes que devem","_links":{"self":[{"href":"https:\/\/espacoecologico.com.br\/arquivo\/wp-json\/wp\/v2\/posts\/132376"}],"collection":[{"href":"https:\/\/espacoecologico.com.br\/arquivo\/wp-json\/wp\/v2\/posts"}],"about":[{"href":"https:\/\/espacoecologico.com.br\/arquivo\/wp-json\/wp\/v2\/types\/post"}],"author":[{"embeddable":true,"href":"https:\/\/espacoecologico.com.br\/arquivo\/wp-json\/wp\/v2\/users\/2"}],"replies":[{"embeddable":true,"href":"https:\/\/espacoecologico.com.br\/arquivo\/wp-json\/wp\/v2\/comments?post=132376"}],"version-history":[{"count":0,"href":"https:\/\/espacoecologico.com.br\/arquivo\/wp-json\/wp\/v2\/posts\/132376\/revisions"}],"wp:featuredmedia":[{"embeddable":true,"href":"https:\/\/espacoecologico.com.br\/arquivo\/wp-json\/wp\/v2\/media\/132377"}],"wp:attachment":[{"href":"https:\/\/espacoecologico.com.br\/arquivo\/wp-json\/wp\/v2\/media?parent=132376"}],"wp:term":[{"taxonomy":"category","embeddable":true,"href":"https:\/\/espacoecologico.com.br\/arquivo\/wp-json\/wp\/v2\/categories?post=132376"},{"taxonomy":"post_tag","embeddable":true,"href":"https:\/\/espacoecologico.com.br\/arquivo\/wp-json\/wp\/v2\/tags?post=132376"}],"curies":[{"name":"wp","href":"https:\/\/api.w.org\/{rel}","templated":true}]}}