{"id":132371,"date":"2020-08-20T17:00:27","date_gmt":"2020-08-20T20:00:27","guid":{"rendered":"https:\/\/espacoecologico.com.br\/arquivo\/?p=132371"},"modified":"2020-08-20T19:23:38","modified_gmt":"2020-08-20T22:23:38","slug":"o-combate-as-drogas-e-tema-de-entrevista-com-deusimar-guedes-no-programa-espaco-ecologico","status":"publish","type":"post","link":"https:\/\/espacoecologico.com.br\/arquivo\/o-combate-as-drogas-e-tema-de-entrevista-com-deusimar-guedes-no-programa-espaco-ecologico\/","title":{"rendered":"O combate \u00e0s drogas \u00e9 tema de entrevista com Deusimar Guedes, no Programa Espa\u00e7o Ecol\u00f3gico"},"content":{"rendered":"<p><a href=\"https:\/\/espacoecologico.com.br\/arquivo\/wp-content\/uploads\/2020\/08\/deusimar.jpg\"><img loading=\"lazy\" class=\"alignleft size-medium wp-image-132372\" src=\"https:\/\/espacoecologico.com.br\/arquivo\/wp-content\/uploads\/2020\/08\/deusimar-300x192.jpg\" alt=\"\" width=\"300\" height=\"192\" srcset=\"https:\/\/espacoecologico.com.br\/arquivo\/wp-content\/uploads\/2020\/08\/deusimar-300x192.jpg 300w, https:\/\/espacoecologico.com.br\/arquivo\/wp-content\/uploads\/2020\/08\/deusimar.jpg 415w\" sizes=\"(max-width: 300px) 100vw, 300px\" \/><\/a>A entrevista do Programa Espa\u00e7o Ecol\u00f3gico, neste s\u00e1bado (22), ser\u00e1 com o advogado e psic\u00f3logo Deusimar Guedes.<\/p>\n<p>Ele vai falar sobre um dos problemas mais s\u00e9rios que a sociedade enfrenta: as drogas.<\/p>\n<p>O psic\u00f3logo vai comentar sobre a fam\u00edlia e o seu papel no combate \u00e0s drogas e os motivos que levam as pessoas a buscarem seu consumo.<\/p>\n<p>O psic\u00f3logo tamb\u00e9m vai explicar quando devemos conversar com as crian\u00e7as sobre as drogas e de que forma ela atua no organismo do ser humano.<\/p>\n<p>Deusimar Guedes ainda vai destacar se existe outra op\u00e7\u00e3o melhor do que viver e se a constru\u00e7\u00e3o de um mundo mais humano e menos escravo das drogas deveria ser a\u00e7\u00e3o de uma pol\u00edtica p\u00fablica.<\/p>\n<p><a href=\"https:\/\/espacoecologico.com.br\/arquivo\/wp-content\/uploads\/2020\/08\/drogas.jpg\"><img loading=\"lazy\" class=\"alignnone wp-image-132373 size-full\" src=\"https:\/\/espacoecologico.com.br\/arquivo\/wp-content\/uploads\/2020\/08\/drogas.jpg\" alt=\"\" width=\"640\" height=\"395\" srcset=\"https:\/\/espacoecologico.com.br\/arquivo\/wp-content\/uploads\/2020\/08\/drogas.jpg 640w, https:\/\/espacoecologico.com.br\/arquivo\/wp-content\/uploads\/2020\/08\/drogas-300x185.jpg 300w\" sizes=\"(max-width: 640px) 100vw, 640px\" \/><\/a><\/p>\n<p>\u201cPreservar o Meio Ambiente \u00e9 uma li\u00e7\u00e3o de todos, futuras gera\u00e7\u00f5es agradecem esta ideia\u201d &#8211; Carlos Alberto da Silveira, ambientalista e consultor ambiental.<\/p>\n<p>Pense nisso, aprecie a natureza sem modera\u00e7\u00e3o e preserva o meio ambiente.<\/p>\n<p>Com 16 anos de atividades, o Programa Espa\u00e7o Ecol\u00f3gico continua levando ao ar mensagens educativas, presta\u00e7\u00e3o de servi\u00e7o, dicas ecol\u00f3gicas, poesias ecol\u00f3gicas, cr\u00f4nicas e entrevistas com pessoas ligadas ao meio ambiente.<\/p>\n<p>Espa\u00e7o Ecol\u00f3gico, uma aula sobre meio ambiente e sustentabilidade. O programa que voc\u00ea escuta do jeito que voc\u00ea gosta.<\/p>\n<p><a href=\"https:\/\/radiotabajara.pb.gov.br\/radio-ao-vivo\/arquivos-html\/index_fm.html\" target=\"_blank\" rel=\"noopener noreferrer\"><img class=\"alignleft\" src=\"https:\/\/i2.wp.com\/espacoecologiconoar.com.br\/wp-content\/themes\/2014\/temp\/logo_tabajara.jpg?ssl=1\" data-recalc-dims=\"1\" \/><\/a>O Programa Espa\u00e7o Ecol\u00f3gico \u00e9 veiculado todo s\u00e1bado das 8h \u00e0s 9h na r\u00e1dio Tabajara FM 105.5. Para ouvi-lo, basta acessar o \u00edcone do lado esquerdo.<\/p>\n<p><a href=\"http:\/\/deltafmrecife.adcast.com.br\/\" target=\"_blank\" rel=\"noopener noreferrer\"><img loading=\"lazy\" class=\"alignright size-thumbnail wp-image-124931\" src=\"https:\/\/i2.wp.com\/espacoecologiconoar.com.br\/wp-content\/uploads\/2020\/04\/delta_fm.jpg?resize=150%2C91&amp;ssl=1\" alt=\"\" width=\"150\" height=\"91\" data-recalc-dims=\"1\" \/><\/a>O programa Espa\u00e7o Ecol\u00f3gico tamb\u00e9m \u00e9 transmitido todo s\u00e1bado e reprisado aos domingos, no mesmo hor\u00e1rio, \u00e0s oito da manh\u00e3 pela Web R\u00e1dio Delta Recife, e pode ser escutado pelo www.deltarecife.com.br ou clicando no \u00edcone do lado direito.<\/p>\n<p><strong>Principais not\u00edcias do programa<\/strong><\/p>\n<p>Derretimento glacial da Nova Zel\u00e2ndia mostra as impress\u00f5es digitais humanas na mudan\u00e7a clim\u00e1tica<br \/>\nMetade das cidades brasileiras ainda despeja lixo a c\u00e9u aberto<br \/>\nCientistas afirmam que a Terra vai entrar em \u201ccolapso irrevers\u00edvel\u201d em 40 anos<br \/>\nPor que cidades precisam mais do que nunca de \u00e1rvores?<br \/>\nParis inaugura maior fazenda urbana em telhado com 14 mil m\u00b2<\/p>\n","protected":false},"excerpt":{"rendered":"<p>A entrevista do Programa Espa\u00e7o Ecol\u00f3gico, neste s\u00e1bado (22), ser\u00e1 com o advogado e psic\u00f3logo<\/p>\n","protected":false},"author":2,"featured_media":132372,"comment_status":"open","ping_status":"open","sticky":false,"template":"","format":"standard","meta":[],"categories":[],"tags":[],"uagb_featured_image_src":{"full":["https:\/\/espacoecologico.com.br\/arquivo\/wp-content\/uploads\/2020\/08\/deusimar.jpg",415,265,false],"thumbnail":["https:\/\/espacoecologico.com.br\/arquivo\/wp-content\/uploads\/2020\/08\/deusimar-150x150.jpg",150,150,true],"medium":["https:\/\/espacoecologico.com.br\/arquivo\/wp-content\/uploads\/2020\/08\/deusimar-300x192.jpg",300,192,true],"medium_large":["https:\/\/espacoecologico.com.br\/arquivo\/wp-content\/uploads\/2020\/08\/deusimar.jpg",415,265,false],"large":["https:\/\/espacoecologico.com.br\/arquivo\/wp-content\/uploads\/2020\/08\/deusimar.jpg",415,265,false],"1536x1536":["https:\/\/espacoecologico.com.br\/arquivo\/wp-content\/uploads\/2020\/08\/deusimar.jpg",415,265,false],"2048x2048":["https:\/\/espacoecologico.com.br\/arquivo\/wp-content\/uploads\/2020\/08\/deusimar.jpg",415,265,false],"cream-magazine-thumbnail-2":["https:\/\/espacoecologico.com.br\/arquivo\/wp-content\/uploads\/2020\/08\/deusimar.jpg",415,265,false],"cream-magazine-thumbnail-3":["https:\/\/espacoecologico.com.br\/arquivo\/wp-content\/uploads\/2020\/08\/deusimar.jpg",415,265,false],"cream-magazine-thumbnail-4":["https:\/\/espacoecologico.com.br\/arquivo\/wp-content\/uploads\/2020\/08\/deusimar.jpg",415,265,false]},"uagb_author_info":{"display_name":"","author_link":"https:\/\/espacoecologico.com.br\/arquivo\/author\/"},"uagb_comment_info":0,"uagb_excerpt":"A entrevista do Programa Espa\u00e7o Ecol\u00f3gico, neste s\u00e1bado (22), ser\u00e1 com o advogado e psic\u00f3logo","_links":{"self":[{"href":"https:\/\/espacoecologico.com.br\/arquivo\/wp-json\/wp\/v2\/posts\/132371"}],"collection":[{"href":"https:\/\/espacoecologico.com.br\/arquivo\/wp-json\/wp\/v2\/posts"}],"about":[{"href":"https:\/\/espacoecologico.com.br\/arquivo\/wp-json\/wp\/v2\/types\/post"}],"author":[{"embeddable":true,"href":"https:\/\/espacoecologico.com.br\/arquivo\/wp-json\/wp\/v2\/users\/2"}],"replies":[{"embeddable":true,"href":"https:\/\/espacoecologico.com.br\/arquivo\/wp-json\/wp\/v2\/comments?post=132371"}],"version-history":[{"count":0,"href":"https:\/\/espacoecologico.com.br\/arquivo\/wp-json\/wp\/v2\/posts\/132371\/revisions"}],"wp:featuredmedia":[{"embeddable":true,"href":"https:\/\/espacoecologico.com.br\/arquivo\/wp-json\/wp\/v2\/media\/132372"}],"wp:attachment":[{"href":"https:\/\/espacoecologico.com.br\/arquivo\/wp-json\/wp\/v2\/media?parent=132371"}],"wp:term":[{"taxonomy":"category","embeddable":true,"href":"https:\/\/espacoecologico.com.br\/arquivo\/wp-json\/wp\/v2\/categories?post=132371"},{"taxonomy":"post_tag","embeddable":true,"href":"https:\/\/espacoecologico.com.br\/arquivo\/wp-json\/wp\/v2\/tags?post=132371"}],"curies":[{"name":"wp","href":"https:\/\/api.w.org\/{rel}","templated":true}]}}