{"id":132367,"date":"2020-08-20T08:00:56","date_gmt":"2020-08-20T11:00:56","guid":{"rendered":"https:\/\/espacoecologico.com.br\/arquivo\/?p=132367"},"modified":"2020-08-19T19:22:03","modified_gmt":"2020-08-19T22:22:03","slug":"qual-a-diferenca-da-perda-de-olfato-e-paladar-na-covid-19-e-na-gripe","status":"publish","type":"post","link":"https:\/\/espacoecologico.com.br\/arquivo\/qual-a-diferenca-da-perda-de-olfato-e-paladar-na-covid-19-e-na-gripe\/","title":{"rendered":"Qual a diferen\u00e7a da perda de olfato e paladar na Covid-19 e na gripe?"},"content":{"rendered":"<div class=\"protected-content\">\n<p><a href=\"https:\/\/espacoecologico.com.br\/arquivo\/wp-content\/uploads\/2020\/08\/gripe.jpg\"><img loading=\"lazy\" class=\"alignleft size-medium wp-image-132368\" src=\"https:\/\/espacoecologico.com.br\/arquivo\/wp-content\/uploads\/2020\/08\/gripe-300x192.jpg\" alt=\"\" width=\"300\" height=\"192\" srcset=\"https:\/\/espacoecologico.com.br\/arquivo\/wp-content\/uploads\/2020\/08\/gripe-300x192.jpg 300w, https:\/\/espacoecologico.com.br\/arquivo\/wp-content\/uploads\/2020\/08\/gripe.jpg 415w\" sizes=\"(max-width: 300px) 100vw, 300px\" \/><\/a>Um grupo de pesquisadores da Universidade de East Anglia, no Reino Unido, percebeu que a\u00a0<a href=\"https:\/\/revistagalileu.globo.com\/Ciencia\/Saude\/noticia\/2020\/04\/perda-do-olfato-e-paladar-esta-entre-principais-sintomas-da-covid-19.html\">perda de olfato e paladar causada pela Covid-19<\/a>\u00a0\u00e9 diferente daquela provocada por gripe ou resfriado.<\/p>\n<p>A equipe realizou testes de\u00a0<a href=\"https:\/\/revistagalileu.globo.com\/Ciencia\/noticia\/2020\/07\/estudo-aponta-como-covid-19-pode-causar-perda-de-olfato.html\">olfato<\/a>\u00a0e paladar em 30 pessoas: 10 com\u00a0<a href=\"https:\/\/revistagalileu.globo.com\/Sociedade\/noticia\/2020\/08\/risco-de-morrer-por-covid-19-em-sao-paulo-e-50-maior-em-areas-mais-pobres.html\">Covid-19<\/a>, 10 com resfriado forte e um grupo controle de 10 indiv\u00edduos saud\u00e1veis. &#8220;Descobrimos que a perda de olfato \u00e9 muito mais profunda nos pacientes com Covid-19&#8221;, relata o professor Carl Philpott, l\u00edder do estudo. &#8220;Eles s\u00e3o menos capazes de identificar os cheiros e n\u00e3o conseguem identificar os gostos amargos ou doces&#8221;, explica\u00a0Philpot,\u00a0<a href=\"https:\/\/www.eurekalert.org\/pub_releases\/2020-08\/uoea-hcs081820.php\">em nota<\/a>.<\/p>\n<p>Outras diferen\u00e7as identificadas entre os infectados pelo\u00a0<a href=\"https:\/\/revistagalileu.globo.com\/Ciencia\/noticia\/2020\/08\/estudo-brasileiro-evidencia-suspensao-do-sars-cov-2-em-locais-fechados.html\">Sars-CoV-2<\/a>\u00a0est\u00e3o a habilidade de respirar normalmente e a aus\u00eancia de secre\u00e7\u00e3o ou obstru\u00e7\u00e3o nasal \u2014 o oposto do que ocorre na\u00a0<a href=\"https:\/\/revistagalileu.globo.com\/Sociedade\/Historia\/noticia\/2020\/06\/7-fatos-sobre-gripe-espanhola-no-brasil.html\">gripe<\/a>\u00a0e no\u00a0<a href=\"https:\/\/revistagalileu.globo.com\/Ciencia\/noticia\/2020\/07\/seria-possivel-criar-uma-vacina-contra-covid-19-sars-mers-e-resfriado.html\">resfriado<\/a>. Para os pesquisadores brit\u00e2nicos, esses achados refor\u00e7am a teoria de que esses\u00a0<a href=\"https:\/\/revistagalileu.globo.com\/Ciencia\/Saude\/noticia\/2020\/03\/como-os-sintomas-da-covid-19-evoluem-cada-dia-de-acordo-com-gravidade.html\">sintomas da Covid-19<\/a>\u00a0s\u00e3o consequ\u00eancias dos efeitos do\u00a0<a href=\"https:\/\/revistagalileu.globo.com\/Ciencia\/Saude\/noticia\/2020\/08\/sera-possivel-estabelecer-uma-convivencia-segura-com-o-novo-coronavirus.html\">novo coronav\u00edrus<\/a> no sistema nervoso central.<\/p>\n<p>Os especialistas acreditam que esse estudo pode ajudar a desenvolver testes de olfato e paladar para a triagem r\u00e1pida de\u00a0<a href=\"https:\/\/revistagalileu.globo.com\/Ciencia\/Saude\/noticia\/2020\/03\/como-os-sintomas-da-covid-19-evoluem-cada-dia-de-acordo-com-gravidade.html\">Covid-19<\/a>. \u201dEmbora esses testes n\u00e3o possam substituir as ferramentas diagn\u00f3sticas formais, como o\u00a0<em>swab<\/em>\u00a0oral [<em>instrumento usado para coletar secre\u00e7\u00e3o da garganta<\/em>], eles podem fornecer uma alternativa quando os testes convencionais n\u00e3o est\u00e3o dispon\u00edveis ou quando a triagem r\u00e1pida \u00e9 necess\u00e1ria\u201d, explica Philpott.<\/p>\n<p>O cientista afirma que mais pesquisas s\u00e3o necess\u00e1rias para investigar poss\u00edveis causas por tr\u00e1s da inabilidade de pessoas com Covid-19 de sentir os gostos doce e amargo \u2014 se a h\u00e1 uma explica\u00e7\u00e3o gen\u00e9tica ou se seria um efeito da rea\u00e7\u00e3o do sistema imunol\u00f3gico nos receptores que identificam o gosto do que comemos.\u00a0\u201cEles [<em>os receptore<\/em>s] s\u00e3o conhecidos por desempenhar um papel importante na imunidade inata&#8221;, observa\u00a0Philpott.<\/p>\n<\/div>\n","protected":false},"excerpt":{"rendered":"<p>Um grupo de pesquisadores da Universidade de East Anglia, no Reino Unido, percebeu que a\u00a0perda<\/p>\n","protected":false},"author":2,"featured_media":132368,"comment_status":"open","ping_status":"open","sticky":false,"template":"","format":"standard","meta":[],"categories":[],"tags":[],"uagb_featured_image_src":{"full":["https:\/\/espacoecologico.com.br\/arquivo\/wp-content\/uploads\/2020\/08\/gripe.jpg",415,265,false],"thumbnail":["https:\/\/espacoecologico.com.br\/arquivo\/wp-content\/uploads\/2020\/08\/gripe-150x150.jpg",150,150,true],"medium":["https:\/\/espacoecologico.com.br\/arquivo\/wp-content\/uploads\/2020\/08\/gripe-300x192.jpg",300,192,true],"medium_large":["https:\/\/espacoecologico.com.br\/arquivo\/wp-content\/uploads\/2020\/08\/gripe.jpg",415,265,false],"large":["https:\/\/espacoecologico.com.br\/arquivo\/wp-content\/uploads\/2020\/08\/gripe.jpg",415,265,false],"1536x1536":["https:\/\/espacoecologico.com.br\/arquivo\/wp-content\/uploads\/2020\/08\/gripe.jpg",415,265,false],"2048x2048":["https:\/\/espacoecologico.com.br\/arquivo\/wp-content\/uploads\/2020\/08\/gripe.jpg",415,265,false],"cream-magazine-thumbnail-2":["https:\/\/espacoecologico.com.br\/arquivo\/wp-content\/uploads\/2020\/08\/gripe.jpg",415,265,false],"cream-magazine-thumbnail-3":["https:\/\/espacoecologico.com.br\/arquivo\/wp-content\/uploads\/2020\/08\/gripe.jpg",415,265,false],"cream-magazine-thumbnail-4":["https:\/\/espacoecologico.com.br\/arquivo\/wp-content\/uploads\/2020\/08\/gripe.jpg",415,265,false]},"uagb_author_info":{"display_name":"","author_link":"https:\/\/espacoecologico.com.br\/arquivo\/author\/"},"uagb_comment_info":0,"uagb_excerpt":"Um grupo de pesquisadores da Universidade de East Anglia, no Reino Unido, percebeu que a\u00a0perda","_links":{"self":[{"href":"https:\/\/espacoecologico.com.br\/arquivo\/wp-json\/wp\/v2\/posts\/132367"}],"collection":[{"href":"https:\/\/espacoecologico.com.br\/arquivo\/wp-json\/wp\/v2\/posts"}],"about":[{"href":"https:\/\/espacoecologico.com.br\/arquivo\/wp-json\/wp\/v2\/types\/post"}],"author":[{"embeddable":true,"href":"https:\/\/espacoecologico.com.br\/arquivo\/wp-json\/wp\/v2\/users\/2"}],"replies":[{"embeddable":true,"href":"https:\/\/espacoecologico.com.br\/arquivo\/wp-json\/wp\/v2\/comments?post=132367"}],"version-history":[{"count":0,"href":"https:\/\/espacoecologico.com.br\/arquivo\/wp-json\/wp\/v2\/posts\/132367\/revisions"}],"wp:featuredmedia":[{"embeddable":true,"href":"https:\/\/espacoecologico.com.br\/arquivo\/wp-json\/wp\/v2\/media\/132368"}],"wp:attachment":[{"href":"https:\/\/espacoecologico.com.br\/arquivo\/wp-json\/wp\/v2\/media?parent=132367"}],"wp:term":[{"taxonomy":"category","embeddable":true,"href":"https:\/\/espacoecologico.com.br\/arquivo\/wp-json\/wp\/v2\/categories?post=132367"},{"taxonomy":"post_tag","embeddable":true,"href":"https:\/\/espacoecologico.com.br\/arquivo\/wp-json\/wp\/v2\/tags?post=132367"}],"curies":[{"name":"wp","href":"https:\/\/api.w.org\/{rel}","templated":true}]}}