{"id":132345,"date":"2020-08-19T15:30:58","date_gmt":"2020-08-19T18:30:58","guid":{"rendered":"https:\/\/espacoecologico.com.br\/arquivo\/?p=132345"},"modified":"2020-08-19T12:23:24","modified_gmt":"2020-08-19T15:23:24","slug":"brasil-pode-registrar-evento-meteorologico-historico-nos-proximos-dias","status":"publish","type":"post","link":"https:\/\/espacoecologico.com.br\/arquivo\/brasil-pode-registrar-evento-meteorologico-historico-nos-proximos-dias\/","title":{"rendered":"Brasil pode registrar evento meteorol\u00f3gico hist\u00f3rico nos pr\u00f3ximos dias"},"content":{"rendered":"<p><a href=\"https:\/\/espacoecologico.com.br\/arquivo\/wp-content\/uploads\/2020\/08\/massa_polar.jpg\"><img loading=\"lazy\" class=\"alignleft size-medium wp-image-132346\" src=\"https:\/\/espacoecologico.com.br\/arquivo\/wp-content\/uploads\/2020\/08\/massa_polar-300x192.jpg\" alt=\"\" width=\"300\" height=\"192\" srcset=\"https:\/\/espacoecologico.com.br\/arquivo\/wp-content\/uploads\/2020\/08\/massa_polar-300x192.jpg 300w, https:\/\/espacoecologico.com.br\/arquivo\/wp-content\/uploads\/2020\/08\/massa_polar.jpg 415w\" sizes=\"(max-width: 300px) 100vw, 300px\" \/><\/a>Nos pr\u00f3ximos dias, uma parcela dos brasileiros ter\u00e1 que tirar os casacos do guarda roupa. De acordo com a MetSul (ag\u00eancia de meteorologia que presta servi\u00e7os e consultoria), a regi\u00e3o sul do pa\u00eds ser\u00e1 atingida por uma intensa massa de ar polar a partir desta quarta-feira (19), que deve se alastrar nos dias seguintes por outras regi\u00f5es do Brasil.<\/p>\n<p>As massas de ar polares s\u00e3o aquelas que se formam, como o nome j\u00e1 diz, pr\u00f3ximas aos polos terrestres, que s\u00e3o \u00e1reas de altas latitudes. Este fen\u00f4meno, em especial, se originou no ar ant\u00e1rtico e deve come\u00e7ar sua trajet\u00f3ria na Argentina, seguindo para o Sul, Centro-Oeste, Sudeste e parte do Norte do Brasil. Outros pa\u00edses latino americanos, como Paraguai, Bol\u00edvia, Uruguai, Peru, Equador, Col\u00f4mbia e Venezuela, tamb\u00e9m ser\u00e3o afetados. Os meteorologistas explicam que o ar frio deve ainda atravessar a linha do Equador e chegar ao Hemisf\u00e9rio Norte, atrapalhando o ver\u00e3o.<\/p>\n<p>Massas de ar polares atingem o sul do Brasil anualmente, ent\u00e3o o que torna essa t\u00e3o especial? A MetSul descreve que ela ser\u00e1 \u201cexcepcionalmente forte e abrangente\u201d e explica que a alta probabilidade de frio intenso vem acompanhada de chances de neve. Por outro lado, n\u00e3o h\u00e1 certeza sobre onde e o quanto poder\u00e1 nevar, j\u00e1 que as proje\u00e7\u00f5es indicam cen\u00e1rios bem diferentes.<\/p>\n<p>Enquanto alguns modelos indicam a incid\u00eancia de neve em locais em que o evento \u00e9 comum, como Aparados da Serra, no Rio Grande do Sul, e o Planalto Sul de Santa Catarina, outros apontam que o fen\u00f4meno pode ocorrer em mais \u00e1reas destes estados, somando tamb\u00e9m o sul de S\u00e3o Paulo, Paran\u00e1 e Curitiba. Na Argentina, pode nevar em um local pr\u00f3ximo de Buenos Aires e nas prov\u00edncias de Santa F\u00e9 e Entre Rios. Outro pa\u00eds que talvez registre neve \u00e9 o Uruguai.<\/p>\n<p>Apesar do frio congelante que promete chegar, ele n\u00e3o \u00e9 a novidade. As chances de nevar em lugares novos s\u00e3o o que tornam o epis\u00f3dio t\u00e3o interessante, podendo representar a concretiza\u00e7\u00e3o de um novo evento hist\u00f3rico nos pr\u00f3ximos dias.<\/p>\n<p>Al\u00e9m disso, o ac\u00famulo de neve no Brasil n\u00e3o costuma superar os dez cent\u00edmetros, mas um modelo canadense publicado no site da MetSul indica que, no interior da regi\u00e3o sul, alguns pontos podem registrar entre 25 e 50 cent\u00edmetros. O \u00faltimo evento extremo enfrentado no Brasil ocorreu em 2013, quando 150 munic\u00edpios de Santa Catarina registraram neve. Vale lembrar que as proje\u00e7\u00f5es atuais s\u00e3o muito diferentes entre si e inconclusivas, ent\u00e3o s\u00f3 saberemos o cen\u00e1rio com exatid\u00e3o nos pr\u00f3ximos dias.<\/p>\n<p>Os ga\u00fachos podem se preparar para a geada j\u00e1 na quarta-feira, enquanto os moradores de outras regi\u00f5es afetadas devem come\u00e7ar a sentir o impacto entre quinta e sexta-feira, aguentando o clima frio at\u00e9 s\u00e1bado (22). A massa de ar deve vir acompanhada de ventos moderados a fortes, o que pode baixar ainda mais a sensa\u00e7\u00e3o t\u00e9rmica \u2013 marcando valores negativos no sul e inferiores aos 9 \u00baC no Centro-Oeste e Sudeste.<\/p>\n<p>Al\u00e9m da possibilidade de neve em algumas regi\u00f5es, pode ocorrer ainda chuva congelada em locais de menor altitude, mesmo que ao n\u00edvel do mar. Diferente da neve, que cai em formato de flocos direto das nuvens, a chuva congelada atravessa a atmosfera, que se encontra resfriada, e se solidifica ao entrar em contato com o solo em temperatura negativa. J\u00e1 a chuva de granizo nada mais \u00e9 do que chuva comum caindo em conjunto com pedacinhos irregulares de gelo.<\/p>\n<p>Seja qual for o caso, a coberta e o chocolate quente ser\u00e3o seus melhores amigos neste fim de semana.<\/p>\n<p>&nbsp;<\/p>\n","protected":false},"excerpt":{"rendered":"<p>Nos pr\u00f3ximos dias, uma parcela dos brasileiros ter\u00e1 que tirar os casacos do guarda roupa.<\/p>\n","protected":false},"author":2,"featured_media":132346,"comment_status":"open","ping_status":"open","sticky":false,"template":"","format":"standard","meta":[],"categories":[],"tags":[],"uagb_featured_image_src":{"full":["https:\/\/espacoecologico.com.br\/arquivo\/wp-content\/uploads\/2020\/08\/massa_polar.jpg",415,265,false],"thumbnail":["https:\/\/espacoecologico.com.br\/arquivo\/wp-content\/uploads\/2020\/08\/massa_polar-150x150.jpg",150,150,true],"medium":["https:\/\/espacoecologico.com.br\/arquivo\/wp-content\/uploads\/2020\/08\/massa_polar-300x192.jpg",300,192,true],"medium_large":["https:\/\/espacoecologico.com.br\/arquivo\/wp-content\/uploads\/2020\/08\/massa_polar.jpg",415,265,false],"large":["https:\/\/espacoecologico.com.br\/arquivo\/wp-content\/uploads\/2020\/08\/massa_polar.jpg",415,265,false],"1536x1536":["https:\/\/espacoecologico.com.br\/arquivo\/wp-content\/uploads\/2020\/08\/massa_polar.jpg",415,265,false],"2048x2048":["https:\/\/espacoecologico.com.br\/arquivo\/wp-content\/uploads\/2020\/08\/massa_polar.jpg",415,265,false],"cream-magazine-thumbnail-2":["https:\/\/espacoecologico.com.br\/arquivo\/wp-content\/uploads\/2020\/08\/massa_polar.jpg",415,265,false],"cream-magazine-thumbnail-3":["https:\/\/espacoecologico.com.br\/arquivo\/wp-content\/uploads\/2020\/08\/massa_polar.jpg",415,265,false],"cream-magazine-thumbnail-4":["https:\/\/espacoecologico.com.br\/arquivo\/wp-content\/uploads\/2020\/08\/massa_polar.jpg",415,265,false]},"uagb_author_info":{"display_name":"","author_link":"https:\/\/espacoecologico.com.br\/arquivo\/author\/"},"uagb_comment_info":0,"uagb_excerpt":"Nos pr\u00f3ximos dias, uma parcela dos brasileiros ter\u00e1 que tirar os casacos do guarda roupa.","_links":{"self":[{"href":"https:\/\/espacoecologico.com.br\/arquivo\/wp-json\/wp\/v2\/posts\/132345"}],"collection":[{"href":"https:\/\/espacoecologico.com.br\/arquivo\/wp-json\/wp\/v2\/posts"}],"about":[{"href":"https:\/\/espacoecologico.com.br\/arquivo\/wp-json\/wp\/v2\/types\/post"}],"author":[{"embeddable":true,"href":"https:\/\/espacoecologico.com.br\/arquivo\/wp-json\/wp\/v2\/users\/2"}],"replies":[{"embeddable":true,"href":"https:\/\/espacoecologico.com.br\/arquivo\/wp-json\/wp\/v2\/comments?post=132345"}],"version-history":[{"count":0,"href":"https:\/\/espacoecologico.com.br\/arquivo\/wp-json\/wp\/v2\/posts\/132345\/revisions"}],"wp:featuredmedia":[{"embeddable":true,"href":"https:\/\/espacoecologico.com.br\/arquivo\/wp-json\/wp\/v2\/media\/132346"}],"wp:attachment":[{"href":"https:\/\/espacoecologico.com.br\/arquivo\/wp-json\/wp\/v2\/media?parent=132345"}],"wp:term":[{"taxonomy":"category","embeddable":true,"href":"https:\/\/espacoecologico.com.br\/arquivo\/wp-json\/wp\/v2\/categories?post=132345"},{"taxonomy":"post_tag","embeddable":true,"href":"https:\/\/espacoecologico.com.br\/arquivo\/wp-json\/wp\/v2\/tags?post=132345"}],"curies":[{"name":"wp","href":"https:\/\/api.w.org\/{rel}","templated":true}]}}