{"id":132338,"date":"2020-08-19T11:53:04","date_gmt":"2020-08-19T14:53:04","guid":{"rendered":"https:\/\/espacoecologico.com.br\/arquivo\/?p=132338"},"modified":"2020-08-19T11:53:04","modified_gmt":"2020-08-19T14:53:04","slug":"gato-mourisco-e-encontrado-dentro-de-casa-em-cidade-da-bahia","status":"publish","type":"post","link":"https:\/\/espacoecologico.com.br\/arquivo\/gato-mourisco-e-encontrado-dentro-de-casa-em-cidade-da-bahia\/","title":{"rendered":"Gato mourisco \u00e9 encontrado dentro de casa em cidade da Bahia"},"content":{"rendered":"<div class=\"mc-column content-text active-extra-styles \" data-block-type=\"unstyled\" data-block-weight=\"41\" data-block-id=\"2\">\n<p class=\"content-text__container \" data-track-category=\"Link no Texto\" data-track-links=\"\"><a href=\"https:\/\/espacoecologico.com.br\/arquivo\/wp-content\/uploads\/2020\/08\/jaguarandi.jpg\"><img loading=\"lazy\" class=\"alignleft size-medium wp-image-132339\" src=\"https:\/\/espacoecologico.com.br\/arquivo\/wp-content\/uploads\/2020\/08\/jaguarandi-300x192.jpg\" alt=\"\" width=\"300\" height=\"192\" srcset=\"https:\/\/espacoecologico.com.br\/arquivo\/wp-content\/uploads\/2020\/08\/jaguarandi-300x192.jpg 300w, https:\/\/espacoecologico.com.br\/arquivo\/wp-content\/uploads\/2020\/08\/jaguarandi.jpg 415w\" sizes=\"(max-width: 300px) 100vw, 300px\" \/><\/a>Um jaguarandi adulto, popularmente conhecido como gato mourisco, foi encontrado por moradores dentro de uma casa no distrito de Jo\u00e3o Amaro, na cidade de Ia\u00e7u, que fica a cerca de 280 km de Salvador. A situa\u00e7\u00e3o aconteceu na segunda-feira (17).<\/p>\n<\/div>\n<div class=\"wall protected-content\">\n<div class=\"mc-column content-text active-extra-styles \" data-block-type=\"unstyled\" data-block-weight=\"32\" data-block-id=\"4\">\n<p class=\"content-text__container \" data-track-category=\"Link no Texto\" data-track-links=\"\">O animal n\u00e3o tinha ferimentos e, segundo informa\u00e7\u00f5es da Secretaria da Seguran\u00e7a P\u00fablica da Bahia (SSP-BA), foi resgatado por agentes da Companhia Independente de Pol\u00edcia e Prote\u00e7\u00e3o Ambiental (Cippa) de Len\u00e7\u00f3is.<\/p>\n<\/div>\n<div class=\"mc-column content-text active-extra-styles \" data-block-type=\"unstyled\" data-block-weight=\"34\" data-block-id=\"5\">\n<p class=\"content-text__container \" data-track-category=\"Link no Texto\" data-track-links=\"\">Embora seja um animal silvestre, segundo a SSP, o chefe da se\u00e7\u00e3o de planejamento operacional da Cippa, capit\u00e3o Bruno Pimentel Garrec, relatou que, o gato mourisco estava bastante tranquilo e aparentava ser domesticado.<\/p>\n<\/div>\n<div class=\"mc-column content-text active-extra-styles \" data-block-type=\"unstyled\" data-block-weight=\"35\" data-block-id=\"6\">\n<p class=\"content-text__container \" data-track-category=\"Link no Texto\" data-track-links=\"\">Ainda de acordo com a SSP, os moradores da casa onde o felino foi encontrado disseram que dois animais da esp\u00e9cie apareceram no local, por\u00e9m, assustado, um deles fugiu para uma regi\u00e3o de mata.<\/p>\n<\/div>\n<div class=\"mc-column content-text active-extra-styles \" data-block-type=\"unstyled\" data-block-weight=\"39\" data-block-id=\"7\">\n<p class=\"content-text__container \" data-track-category=\"Link no Texto\" data-track-links=\"\">O jaguarandi foi encaminhado para o Centro de Acolhimento de Animais Silvestres do Parque Estadual Sete Passagens, pertencente ao Instituto do Meio Ambiente e Recursos H\u00eddricos (Inema), no munic\u00edpio de Miguel Calmon, e, em seguida, foi devolvido \u00e0 natureza.<\/p>\n<\/div>\n<div class=\"mc-column content-text active-extra-styles\" data-block-type=\"raw\" data-block-weight=\"3\" data-block-id=\"8\">\n<div class=\"content-intertitle\">\n<h2><strong>Sobre o jaguarandi<\/strong><\/h2>\n<\/div>\n<\/div>\n<div class=\"mc-column content-text active-extra-styles \" data-block-type=\"unstyled\" data-block-weight=\"49\" data-block-id=\"9\">\n<p class=\"content-text__container \" data-track-category=\"Link no Texto\" data-track-links=\"\">Consultado pelo\u00a0<strong>G1<\/strong>, o bi\u00f3logo Hugo Fernandes, que \u00e9 professor da Universidade Estadual do Cear\u00e1 (UECE) e membro do Plano de A\u00e7\u00e3o Nacional para a Conserva\u00e7\u00e3o dos Pequenos Felinos (ICMBio), explicou que o Puma yagouaroundi, conhecido como jaguarundi ou gato mourisco,\u00a0<span class=\"highlight highlighted\">\u00e9 uma esp\u00e9cie de felino amea\u00e7ada de extin\u00e7\u00e3o<\/span>.<\/p>\n<\/div>\n<div class=\"mc-column content-text active-extra-styles \" data-block-type=\"unstyled\" data-block-weight=\"40\" data-block-id=\"11\">\n<p class=\"content-text__container \" data-track-category=\"Link no Texto\" data-track-links=\"\">Conforme o especialista, &#8220;embora seja bem distribu\u00edda no Brasil, a perda de habitat, a ca\u00e7a e o atropelamento s\u00e3o os principais fatores que amea\u00e7am a esp\u00e9cie, que se encontra na categoria &#8216;vulner\u00e1vel \u00e0 extin\u00e7\u00e3o&#8217; na lista brasileira de animais amea\u00e7ados&#8221;.<\/p>\n<\/div>\n<div class=\"mc-column content-text active-extra-styles \" data-block-type=\"unstyled\" data-block-weight=\"29\" data-block-id=\"12\">\n<p class=\"content-text__container \" data-track-category=\"Link no Texto\" data-track-links=\"\">A esp\u00e9cie pode apresentar v\u00e1rios padr\u00f5es &#8220;f\u00edsicos&#8221;. &#8220;Uma popula\u00e7\u00e3o de jaguarundis pode apresentar indiv\u00edduos de colora\u00e7\u00e3o negra, como tamb\u00e9m de cor alaranjada ou acinzentada, por exemplo&#8221;, detalhou Hugo Fernandes.<\/p>\n<\/div>\n<div class=\"mc-column content-text active-extra-styles \" data-block-type=\"unstyled\" data-block-weight=\"29\" data-block-id=\"13\">\n<p class=\"content-text__container \" data-track-category=\"Link no Texto\" data-track-links=\"\">O bi\u00f3logo explicou, ainda, que, normalmente, o gato mourisco tem h\u00e1bitos diurnos,\u00a0<span class=\"highlight highlighted\">mas em \u00e1reas de alta press\u00e3o humana, ele pode inverter o per\u00edodo de atividade para o noturno<\/span>.<\/p>\n<\/div>\n<div class=\"mc-column content-text active-extra-styles \" data-block-type=\"unstyled\" data-block-weight=\"51\" data-block-id=\"14\">\n<p class=\"content-text__container \" data-track-category=\"Link no Texto\" data-track-links=\"\">Hugo ressaltou que o gato mourisco n\u00e3o oferece nenhum risco ao ser humano, mas que \u00e9 comum a ca\u00e7a do animal &#8220;como forma de eliminar possibilidade de preda\u00e7\u00e3o de pequenos animais de cria\u00e7\u00e3o, sobretudo aves&#8221;. Ele ressaltou que um &#8220;simples manejo dessas aves para locais abrigados j\u00e1 praticamente elimina essa possibilidade&#8221;.<\/p>\n<\/div>\n<div class=\"mc-column content-text active-extra-styles \" data-block-type=\"unstyled\" data-block-weight=\"51\" data-block-id=\"15\">\n<p class=\"content-text__container \" data-track-category=\"Link no Texto\" data-track-links=\"\">O bi\u00f3logo destacou que, no caso do animal encontrado em Ia\u00e7u, se ele aparentava ser domesticado, h\u00e1 uma grande chance dele realmente ter sido. &#8220;Por ser um animal silvestre, sobretudo predador, n\u00e3o \u00e9 esperado que ele apresente comportamento de tranquilidade em uma a\u00e7\u00e3o de manejo humano. Pelo contr\u00e1rio&#8221;, detalhou Hugo Fernandes.<\/p>\n<\/div>\n<div class=\"mc-column content-text active-extra-styles \" data-block-type=\"unstyled\" data-block-weight=\"25\" data-block-id=\"16\">\n<p class=\"content-text__container \" data-track-category=\"Link no Texto\" data-track-links=\"\">O especialista ainda citou um exemplo comum em que esse animais acabam sido retirados do babitat natural e levados para o conv\u00edvio com humanos.<\/p>\n<\/div>\n<div class=\"mc-column content-text active-extra-styles \" data-block-type=\"unstyled\" data-block-weight=\"39\" data-block-id=\"17\">\n<p class=\"content-text__container \" data-track-category=\"Link no Texto\" data-track-links=\"\">&#8220;Uma situa\u00e7\u00e3o muito comum \u00e9 as pessoas encontrarem os filhotes dentro ou nas proximidades de suas tocas, sem as m\u00e3es. A m\u00e3e sai para ca\u00e7ar, a pessoa acha que o filhote est\u00e1 abandonado e acaba levando para casa&#8221;, explicou.<\/p>\n<\/div>\n<div class=\"mc-column content-text active-extra-styles \" data-block-type=\"unstyled\" data-block-weight=\"14\" data-block-id=\"18\">\n<p class=\"content-text__container \" data-track-category=\"Link no Texto\" data-track-links=\"\">O correto, nessas situa\u00e7\u00f5es, segundo Hugo, \u00e9 deixar o animal no habitat dele.<\/p>\n<\/div>\n<div class=\"row medium-uncollapsed content-media content-photo\" data-block-type=\"backstage-photo\" data-block-id=\"20\">\n<div class=\"mc-column content-media__container\">\n<figure><img loading=\"lazy\" class=\"i-amphtml-fill-content i-amphtml-replaced-content\" src=\"https:\/\/s2.glbimg.com\/3Sq8N0btO1eCdAouIaUQ2HQtFHg=\/0x38:960x1013\/984x0\/smart\/filters:strip_icc()\/i.s3.glbimg.com\/v1\/AUTH_59edd422c0c84a879bd37670ae4f538a\/internal_photos\/bs\/2020\/K\/Y\/MzS2cXRmAfyitFvaUV2g\/whatsapp-image-2020-08-18-at-17.08.26.jpeg\" sizes=\"(max-width: 1920px) 648px, 100vw\" srcset=\"https:\/\/s2.glbimg.com\/eF6eYsmz0quIcDDdjwQcTjmFSyo=\/0x38:960x1013\/1000x0\/smart\/filters:strip_icc()\/i.s3.glbimg.com\/v1\/AUTH_59edd422c0c84a879bd37670ae4f538a\/internal_photos\/bs\/2020\/K\/Y\/MzS2cXRmAfyitFvaUV2g\/whatsapp-image-2020-08-18-at-17.08.26.jpeg 1000w, https:\/\/s2.glbimg.com\/3Sq8N0btO1eCdAouIaUQ2HQtFHg=\/0x38:960x1013\/984x0\/smart\/filters:strip_icc()\/i.s3.glbimg.com\/v1\/AUTH_59edd422c0c84a879bd37670ae4f538a\/internal_photos\/bs\/2020\/K\/Y\/MzS2cXRmAfyitFvaUV2g\/whatsapp-image-2020-08-18-at-17.08.26.jpeg 984w, https:\/\/s2.glbimg.com\/45SQuHNOA2fbNjzpkxVHAsoRMOs=\/0x38:960x1013\/640x0\/smart\/filters:strip_icc()\/i.s3.glbimg.com\/v1\/AUTH_59edd422c0c84a879bd37670ae4f538a\/internal_photos\/bs\/2020\/K\/Y\/MzS2cXRmAfyitFvaUV2g\/whatsapp-image-2020-08-18-at-17.08.26.jpeg 640w, https:\/\/s2.glbimg.com\/0-oKdwntpOHyCmfNIk_U53v20Jc=\/0x38:960x1013\/600x0\/smart\/filters:strip_icc()\/i.s3.glbimg.com\/v1\/AUTH_59edd422c0c84a879bd37670ae4f538a\/internal_photos\/bs\/2020\/K\/Y\/MzS2cXRmAfyitFvaUV2g\/whatsapp-image-2020-08-18-at-17.08.26.jpeg 600w\" alt=\"Agente da Pol\u00edcia Ambiental com gato mourisco que foi achado dentro de uma casa na Bahia \u2014 Foto: SSP-BA\/ Divulga\u00e7\u00e3o\" width=\"640\" height=\"650\" \/><\/figure>\n<p class=\"content-media__description \">Agente da Pol\u00edcia Ambiental com gato mourisco que foi achado dentro de uma casa na Bahia \u2014 Foto: SSP-BA\/ Divulga\u00e7\u00e3o<\/p>\n<\/div>\n<\/div>\n<div class=\"content-ads content-ads--reveal\" data-block-type=\"ads\" data-block-id=\"21\">\n<div id=\"banner_materia__29d5ebaf-9534-4259-9985-38611a53f81c\" class=\"tag-manager-publicidade-container mc-has-reveal mc-has-ad-lazyload tag-manager-publicidade-banner_materia__29d5ebaf-9534-4259-9985-38611a53f81c tag-manager-publicidade-container--carregado tag-manager-publicidade-container--visivel\" data-id=\"banner_materia__29d5ebaf-9534-4259-9985-38611a53f81c\" data-google-query-id=\"CLfTg5jBp-sCFRUG1Aod3tcPEA\" data-cid=\"138320287832\" data-lid=\"5448864656\"><\/div>\n<\/div>\n<\/div>\n","protected":false},"excerpt":{"rendered":"<p>Um jaguarandi adulto, popularmente conhecido como gato mourisco, foi encontrado por moradores dentro de uma<\/p>\n","protected":false},"author":2,"featured_media":132339,"comment_status":"open","ping_status":"open","sticky":false,"template":"","format":"standard","meta":[],"categories":[],"tags":[],"uagb_featured_image_src":{"full":["https:\/\/espacoecologico.com.br\/arquivo\/wp-content\/uploads\/2020\/08\/jaguarandi.jpg",415,265,false],"thumbnail":["https:\/\/espacoecologico.com.br\/arquivo\/wp-content\/uploads\/2020\/08\/jaguarandi-150x150.jpg",150,150,true],"medium":["https:\/\/espacoecologico.com.br\/arquivo\/wp-content\/uploads\/2020\/08\/jaguarandi-300x192.jpg",300,192,true],"medium_large":["https:\/\/espacoecologico.com.br\/arquivo\/wp-content\/uploads\/2020\/08\/jaguarandi.jpg",415,265,false],"large":["https:\/\/espacoecologico.com.br\/arquivo\/wp-content\/uploads\/2020\/08\/jaguarandi.jpg",415,265,false],"1536x1536":["https:\/\/espacoecologico.com.br\/arquivo\/wp-content\/uploads\/2020\/08\/jaguarandi.jpg",415,265,false],"2048x2048":["https:\/\/espacoecologico.com.br\/arquivo\/wp-content\/uploads\/2020\/08\/jaguarandi.jpg",415,265,false],"cream-magazine-thumbnail-2":["https:\/\/espacoecologico.com.br\/arquivo\/wp-content\/uploads\/2020\/08\/jaguarandi.jpg",415,265,false],"cream-magazine-thumbnail-3":["https:\/\/espacoecologico.com.br\/arquivo\/wp-content\/uploads\/2020\/08\/jaguarandi.jpg",415,265,false],"cream-magazine-thumbnail-4":["https:\/\/espacoecologico.com.br\/arquivo\/wp-content\/uploads\/2020\/08\/jaguarandi.jpg",415,265,false]},"uagb_author_info":{"display_name":"","author_link":"https:\/\/espacoecologico.com.br\/arquivo\/author\/"},"uagb_comment_info":0,"uagb_excerpt":"Um jaguarandi adulto, popularmente conhecido como gato mourisco, foi encontrado por moradores dentro de uma","_links":{"self":[{"href":"https:\/\/espacoecologico.com.br\/arquivo\/wp-json\/wp\/v2\/posts\/132338"}],"collection":[{"href":"https:\/\/espacoecologico.com.br\/arquivo\/wp-json\/wp\/v2\/posts"}],"about":[{"href":"https:\/\/espacoecologico.com.br\/arquivo\/wp-json\/wp\/v2\/types\/post"}],"author":[{"embeddable":true,"href":"https:\/\/espacoecologico.com.br\/arquivo\/wp-json\/wp\/v2\/users\/2"}],"replies":[{"embeddable":true,"href":"https:\/\/espacoecologico.com.br\/arquivo\/wp-json\/wp\/v2\/comments?post=132338"}],"version-history":[{"count":0,"href":"https:\/\/espacoecologico.com.br\/arquivo\/wp-json\/wp\/v2\/posts\/132338\/revisions"}],"wp:featuredmedia":[{"embeddable":true,"href":"https:\/\/espacoecologico.com.br\/arquivo\/wp-json\/wp\/v2\/media\/132339"}],"wp:attachment":[{"href":"https:\/\/espacoecologico.com.br\/arquivo\/wp-json\/wp\/v2\/media?parent=132338"}],"wp:term":[{"taxonomy":"category","embeddable":true,"href":"https:\/\/espacoecologico.com.br\/arquivo\/wp-json\/wp\/v2\/categories?post=132338"},{"taxonomy":"post_tag","embeddable":true,"href":"https:\/\/espacoecologico.com.br\/arquivo\/wp-json\/wp\/v2\/tags?post=132338"}],"curies":[{"name":"wp","href":"https:\/\/api.w.org\/{rel}","templated":true}]}}