{"id":132334,"date":"2020-08-19T15:00:26","date_gmt":"2020-08-19T18:00:26","guid":{"rendered":"https:\/\/espacoecologico.com.br\/arquivo\/?p=132334"},"modified":"2020-08-19T11:45:11","modified_gmt":"2020-08-19T14:45:11","slug":"rinoceronte-lanudo-foi-extinto-por-mudanca-climatica-nao-pela-caca","status":"publish","type":"post","link":"https:\/\/espacoecologico.com.br\/arquivo\/rinoceronte-lanudo-foi-extinto-por-mudanca-climatica-nao-pela-caca\/","title":{"rendered":"Rinoceronte-lanudo foi extinto por mudan\u00e7a clim\u00e1tica, n\u00e3o pela ca\u00e7a"},"content":{"rendered":"<p><a href=\"https:\/\/espacoecologico.com.br\/arquivo\/wp-content\/uploads\/2020\/08\/rinoceronte_lanudo.jpg\"><img loading=\"lazy\" class=\"alignleft size-medium wp-image-132335\" src=\"https:\/\/espacoecologico.com.br\/arquivo\/wp-content\/uploads\/2020\/08\/rinoceronte_lanudo-300x192.jpg\" alt=\"\" width=\"300\" height=\"192\" srcset=\"https:\/\/espacoecologico.com.br\/arquivo\/wp-content\/uploads\/2020\/08\/rinoceronte_lanudo-300x192.jpg 300w, https:\/\/espacoecologico.com.br\/arquivo\/wp-content\/uploads\/2020\/08\/rinoceronte_lanudo.jpg 415w\" sizes=\"(max-width: 300px) 100vw, 300px\" \/><\/a>O rinoceronte-lanudo \u00e9 uma esp\u00e9cie extinta que vivia em regi\u00f5es glaciais durante a Era do Gelo. Sua extin\u00e7\u00e3o tem sido frequentemente atribu\u00edda \u00e0 dissemina\u00e7\u00e3o dos primeiros humanos pelo globo. No entanto, uma nova pesquisa publicada na revista cient\u00edfica Current Biology aponta que, na verdade, a esp\u00e9cie pode ter sumido por causa de mudan\u00e7as clim\u00e1ticas.<\/p>\n<p>&#8220;Pensava-se inicialmente que os humanos apareceram no nordeste da Sib\u00e9ria 14 ou 15 mil anos atr\u00e1s, na mesma \u00e9poca em que o rinoceronte-lanudo foi extinto. Mas recentemente houve v\u00e1rias descobertas de locais de ocupa\u00e7\u00e3o humana muito mais antigos&#8221;, diz, em nota, Love Dal\u00e9n, autor do estudo e professor do Centro de Paleogen\u00e9tica da Su\u00e9cia, um empreendimento conjunto da Universidade de Estocolmo e do Museu Sueco de Hist\u00f3ria Natural. Segundo os especialistas, isso indica que o decl\u00ednio da esp\u00e9cie n\u00e3o coincide tanto com aparecimento de humanos na regi\u00e3o.<\/p>\n<p>Para realizar a pesquisa, os cientistas analisaram o DNA de amostras de tecido, ossos e pelos de 14 desses mega-herb\u00edvoros. Ao perceber a diversidade gen\u00e9tica, eles foram capazes de estimar as popula\u00e7\u00f5es de rinocerontes por dezenas de milhares de anos antes de sua extin\u00e7\u00e3o. Como resultado, eles descobriram que a esp\u00e9cie permaneceu est\u00e1vel e diversa at\u00e9 alguns milhares de anos antes de desaparecerem da Sib\u00e9ria, quando as temperaturas subiram muito, dificultando sua adapta\u00e7\u00e3o.<\/p>\n<p>&#8220;N\u00f3s examinamos as mudan\u00e7as no tamanho da popula\u00e7\u00e3o e estimamos a consanguinidade&#8221;, disse o coautor Nicolas Dussex, tamb\u00e9m pesquisador do Centro de Paleogen\u00e9tica da Su\u00e9cia. &#8220;Descobrimos que depois de um aumento no tamanho da popula\u00e7\u00e3o no in\u00edcio de um per\u00edodo frio, h\u00e1 cerca de 29 mil anos, o tamanho da popula\u00e7\u00e3o de rinocerontes-lanudos permaneceu constante e que, neste momento, a consanguinidade era baixa&#8221;.<\/p>\n<p>Essa estabilidade durou at\u00e9 bem depois que os humanos come\u00e7aram a viver na Sib\u00e9ria, contrastando com os decl\u00ednios que seriam esperados se os rinocerontes fossem extintos devido \u00e0 ca\u00e7a. &#8220;Os dados que examinamos v\u00e3o at\u00e9 18.500 anos atr\u00e1s, o que \u00e9 aproximadamente 4.500 anos antes de sua extin\u00e7\u00e3o, ent\u00e3o isso implica que eles diminu\u00edram em algum momento nessa lacuna&#8221;, explica a pesquisadora e coautora Edana Lord.<\/p>\n","protected":false},"excerpt":{"rendered":"<p>O rinoceronte-lanudo \u00e9 uma esp\u00e9cie extinta que vivia em regi\u00f5es glaciais durante a Era do<\/p>\n","protected":false},"author":2,"featured_media":132335,"comment_status":"open","ping_status":"open","sticky":false,"template":"","format":"standard","meta":[],"categories":[],"tags":[],"uagb_featured_image_src":{"full":["https:\/\/espacoecologico.com.br\/arquivo\/wp-content\/uploads\/2020\/08\/rinoceronte_lanudo.jpg",415,265,false],"thumbnail":["https:\/\/espacoecologico.com.br\/arquivo\/wp-content\/uploads\/2020\/08\/rinoceronte_lanudo-150x150.jpg",150,150,true],"medium":["https:\/\/espacoecologico.com.br\/arquivo\/wp-content\/uploads\/2020\/08\/rinoceronte_lanudo-300x192.jpg",300,192,true],"medium_large":["https:\/\/espacoecologico.com.br\/arquivo\/wp-content\/uploads\/2020\/08\/rinoceronte_lanudo.jpg",415,265,false],"large":["https:\/\/espacoecologico.com.br\/arquivo\/wp-content\/uploads\/2020\/08\/rinoceronte_lanudo.jpg",415,265,false],"1536x1536":["https:\/\/espacoecologico.com.br\/arquivo\/wp-content\/uploads\/2020\/08\/rinoceronte_lanudo.jpg",415,265,false],"2048x2048":["https:\/\/espacoecologico.com.br\/arquivo\/wp-content\/uploads\/2020\/08\/rinoceronte_lanudo.jpg",415,265,false],"cream-magazine-thumbnail-2":["https:\/\/espacoecologico.com.br\/arquivo\/wp-content\/uploads\/2020\/08\/rinoceronte_lanudo.jpg",415,265,false],"cream-magazine-thumbnail-3":["https:\/\/espacoecologico.com.br\/arquivo\/wp-content\/uploads\/2020\/08\/rinoceronte_lanudo.jpg",415,265,false],"cream-magazine-thumbnail-4":["https:\/\/espacoecologico.com.br\/arquivo\/wp-content\/uploads\/2020\/08\/rinoceronte_lanudo.jpg",415,265,false]},"uagb_author_info":{"display_name":"","author_link":"https:\/\/espacoecologico.com.br\/arquivo\/author\/"},"uagb_comment_info":0,"uagb_excerpt":"O rinoceronte-lanudo \u00e9 uma esp\u00e9cie extinta que vivia em regi\u00f5es glaciais durante a Era do","_links":{"self":[{"href":"https:\/\/espacoecologico.com.br\/arquivo\/wp-json\/wp\/v2\/posts\/132334"}],"collection":[{"href":"https:\/\/espacoecologico.com.br\/arquivo\/wp-json\/wp\/v2\/posts"}],"about":[{"href":"https:\/\/espacoecologico.com.br\/arquivo\/wp-json\/wp\/v2\/types\/post"}],"author":[{"embeddable":true,"href":"https:\/\/espacoecologico.com.br\/arquivo\/wp-json\/wp\/v2\/users\/2"}],"replies":[{"embeddable":true,"href":"https:\/\/espacoecologico.com.br\/arquivo\/wp-json\/wp\/v2\/comments?post=132334"}],"version-history":[{"count":0,"href":"https:\/\/espacoecologico.com.br\/arquivo\/wp-json\/wp\/v2\/posts\/132334\/revisions"}],"wp:featuredmedia":[{"embeddable":true,"href":"https:\/\/espacoecologico.com.br\/arquivo\/wp-json\/wp\/v2\/media\/132335"}],"wp:attachment":[{"href":"https:\/\/espacoecologico.com.br\/arquivo\/wp-json\/wp\/v2\/media?parent=132334"}],"wp:term":[{"taxonomy":"category","embeddable":true,"href":"https:\/\/espacoecologico.com.br\/arquivo\/wp-json\/wp\/v2\/categories?post=132334"},{"taxonomy":"post_tag","embeddable":true,"href":"https:\/\/espacoecologico.com.br\/arquivo\/wp-json\/wp\/v2\/tags?post=132334"}],"curies":[{"name":"wp","href":"https:\/\/api.w.org\/{rel}","templated":true}]}}