{"id":132330,"date":"2020-08-19T11:34:30","date_gmt":"2020-08-19T14:34:30","guid":{"rendered":"https:\/\/espacoecologico.com.br\/arquivo\/?p=132330"},"modified":"2020-08-19T11:34:30","modified_gmt":"2020-08-19T14:34:30","slug":"uma-das-aves-mais-raras-do-mundo-esta-mais-ameacada-do-que-se-pensava","status":"publish","type":"post","link":"https:\/\/espacoecologico.com.br\/arquivo\/uma-das-aves-mais-raras-do-mundo-esta-mais-ameacada-do-que-se-pensava\/","title":{"rendered":"Uma das aves mais raras do mundo est\u00e1 mais amea\u00e7ada do que se pensava"},"content":{"rendered":"<p><a href=\"https:\/\/espacoecologico.com.br\/arquivo\/wp-content\/uploads\/2020\/08\/Periquito-de-ventre-laranja-1.jpg\"><img loading=\"lazy\" class=\"alignleft size-medium wp-image-132331\" src=\"https:\/\/espacoecologico.com.br\/arquivo\/wp-content\/uploads\/2020\/08\/Periquito-de-ventre-laranja-1-300x169.jpg\" alt=\"\" width=\"300\" height=\"169\" srcset=\"https:\/\/espacoecologico.com.br\/arquivo\/wp-content\/uploads\/2020\/08\/Periquito-de-ventre-laranja-1-300x169.jpg 300w, https:\/\/espacoecologico.com.br\/arquivo\/wp-content\/uploads\/2020\/08\/Periquito-de-ventre-laranja-1-1024x576.jpg 1024w, https:\/\/espacoecologico.com.br\/arquivo\/wp-content\/uploads\/2020\/08\/Periquito-de-ventre-laranja-1.jpg 1200w\" sizes=\"(max-width: 300px) 100vw, 300px\" \/><\/a>Um estudo liderado por pesquisadores da Universidade Nacional da Austr\u00e1lia mostra que, mesmo ap\u00f3s d\u00e9cadas de esfor\u00e7os, preservar o periquito-de-ventre-laranja, um dos p\u00e1ssaros mais raros do mundo, ainda \u00e9 um desafio.<\/p>\n<p>Por muitos anos, iniciativas de preserva\u00e7\u00e3o na \u00e1rea de reprodu\u00e7\u00e3o do animal, na Tasm\u00e2nia, conseguiram aumentar as taxas de procria\u00e7\u00e3o da ave na natureza. Ainda assim, 80% dos periquitos-de-ventre-laranja jovens nascidos em seu \u00fanico criadouro da regi\u00e3o morrem durante o per\u00edodo de migra\u00e7\u00e3o e de inverno.<\/p>\n<p>&#8220;Nossos resultados s\u00e3o muito preocupantes&#8221;, disse Dejan Stojanovic, autor principal do artigo publicado em maio na Emu: Austral Ornithology, em comunicado. &#8220;Descobrimos que, ao longo do tempo, a sobreviv\u00eancia das aves juvenis caiu de 51% em 1995 para apenas 20% nos \u00faltimos anos.&#8221;<\/p>\n<p>Para chegar a essas conclus\u00f5es, os pesquisadores usaram dados coletados ao longo de 22 anos pelo Departamento de Ind\u00fastrias Prim\u00e1rias, Parques, \u00c1gua e Meio Ambiente (DPIPWE) da Tasm\u00e2nia.<\/p>\n<p>&#8220;Embora mais periquitos-de-ventre-laranja nas\u00e7am na natureza como resultado dos esfor\u00e7os de recupera\u00e7\u00e3o na Tasm\u00e2nia, esses benef\u00edcios s\u00e3o reduzidos por amea\u00e7as durante a migra\u00e7\u00e3o e o inverno, que n\u00e3o s\u00e3o identificadas ou abordadas&#8221;, afirma Shannon Troy, bi\u00f3loga, coautora da pesquisa e l\u00edder do programa de preserva\u00e7\u00e3o do periquito-de-ventre-laranja da DPIPWE.<\/p>\n<p>Os cientistas suspeitam que as maiores dificuldades encontradas pelas aves sejam no trecho de migra\u00e7\u00e3o do Estreito de Bass, que separa a ilha da Tasm\u00e2nia do restante da Austr\u00e1lia. Com um bando reduzido de aves, os periquitos-de-ventre-laranja sofrem durante a travessia e, no inverno, tem dificuldade de encontrar abrigo no estado de Victoria.<\/p>\n<p>&#8220;Determinar por que os p\u00e1ssaros n\u00e3o sobrevivem \u00e0 migra\u00e7\u00e3o e ao inverno \u00e9 parte da solu\u00e7\u00e3o para prevenir a extin\u00e7\u00e3o, que pode ser inevit\u00e1vel a longo prazo se esses problemas n\u00e3o puderem ser resolvidos&#8221;, afirma Troy.<\/p>\n<p>Os periquitos-de-ventre-laranja est\u00e3o criticamente amea\u00e7ados, ou seja, na \u00faltima etapa antes da extin\u00e7\u00e3o. Em 2016, por exemplo, apenas tr\u00eas f\u00eameas conseguiram retornar aos criadouros ap\u00f3s a migra\u00e7\u00e3o. Mesmo que a quantidade tenha aumentado nos anos seguintes, chegando a 13 f\u00eameas em 2019, o tamanho total da popula\u00e7\u00e3o dessa esp\u00e9cie \u00e9 muito pequeno.<\/p>\n<p>\u201cA Austr\u00e1lia tem uma das piores taxas de extin\u00e7\u00e3o do mundo e nosso estudo mostra que corrigir d\u00e9cadas de decl\u00ednio populacional de papagaios-de-barriga-alaranjada \u00e9 extremamente dif\u00edcil e, apesar de nossos melhores esfor\u00e7os, pode n\u00e3o ter sucesso\u201d, afirma Stojanovic. &#8220;Esperamos que nosso estudo incentive outros a pensarem holisticamente sobre a maneira como implementamos esfor\u00e7os de conserva\u00e7\u00e3o para esp\u00e9cies migrat\u00f3rias, de modo que um bom trabalho feito em um momento e lugar espec\u00edfico n\u00e3o seja desfeito quando os animais migram.&#8221;<\/p>\n","protected":false},"excerpt":{"rendered":"<p>Um estudo liderado por pesquisadores da Universidade Nacional da Austr\u00e1lia mostra que, mesmo ap\u00f3s d\u00e9cadas<\/p>\n","protected":false},"author":2,"featured_media":132331,"comment_status":"open","ping_status":"open","sticky":false,"template":"","format":"standard","meta":[],"categories":[],"tags":[],"uagb_featured_image_src":{"full":["https:\/\/espacoecologico.com.br\/arquivo\/wp-content\/uploads\/2020\/08\/Periquito-de-ventre-laranja-1.jpg",1200,675,false],"thumbnail":["https:\/\/espacoecologico.com.br\/arquivo\/wp-content\/uploads\/2020\/08\/Periquito-de-ventre-laranja-1-150x150.jpg",150,150,true],"medium":["https:\/\/espacoecologico.com.br\/arquivo\/wp-content\/uploads\/2020\/08\/Periquito-de-ventre-laranja-1-300x169.jpg",300,169,true],"medium_large":["https:\/\/espacoecologico.com.br\/arquivo\/wp-content\/uploads\/2020\/08\/Periquito-de-ventre-laranja-1.jpg",640,360,false],"large":["https:\/\/espacoecologico.com.br\/arquivo\/wp-content\/uploads\/2020\/08\/Periquito-de-ventre-laranja-1-1024x576.jpg",640,360,true],"1536x1536":["https:\/\/espacoecologico.com.br\/arquivo\/wp-content\/uploads\/2020\/08\/Periquito-de-ventre-laranja-1.jpg",1200,675,false],"2048x2048":["https:\/\/espacoecologico.com.br\/arquivo\/wp-content\/uploads\/2020\/08\/Periquito-de-ventre-laranja-1.jpg",1200,675,false],"cream-magazine-thumbnail-2":["https:\/\/espacoecologico.com.br\/arquivo\/wp-content\/uploads\/2020\/08\/Periquito-de-ventre-laranja-1.jpg",800,450,false],"cream-magazine-thumbnail-3":["https:\/\/espacoecologico.com.br\/arquivo\/wp-content\/uploads\/2020\/08\/Periquito-de-ventre-laranja-1.jpg",720,405,false],"cream-magazine-thumbnail-4":["https:\/\/espacoecologico.com.br\/arquivo\/wp-content\/uploads\/2020\/08\/Periquito-de-ventre-laranja-1.jpg",450,253,false]},"uagb_author_info":{"display_name":"","author_link":"https:\/\/espacoecologico.com.br\/arquivo\/author\/"},"uagb_comment_info":0,"uagb_excerpt":"Um estudo liderado por pesquisadores da Universidade Nacional da Austr\u00e1lia mostra que, mesmo ap\u00f3s d\u00e9cadas","_links":{"self":[{"href":"https:\/\/espacoecologico.com.br\/arquivo\/wp-json\/wp\/v2\/posts\/132330"}],"collection":[{"href":"https:\/\/espacoecologico.com.br\/arquivo\/wp-json\/wp\/v2\/posts"}],"about":[{"href":"https:\/\/espacoecologico.com.br\/arquivo\/wp-json\/wp\/v2\/types\/post"}],"author":[{"embeddable":true,"href":"https:\/\/espacoecologico.com.br\/arquivo\/wp-json\/wp\/v2\/users\/2"}],"replies":[{"embeddable":true,"href":"https:\/\/espacoecologico.com.br\/arquivo\/wp-json\/wp\/v2\/comments?post=132330"}],"version-history":[{"count":0,"href":"https:\/\/espacoecologico.com.br\/arquivo\/wp-json\/wp\/v2\/posts\/132330\/revisions"}],"wp:featuredmedia":[{"embeddable":true,"href":"https:\/\/espacoecologico.com.br\/arquivo\/wp-json\/wp\/v2\/media\/132331"}],"wp:attachment":[{"href":"https:\/\/espacoecologico.com.br\/arquivo\/wp-json\/wp\/v2\/media?parent=132330"}],"wp:term":[{"taxonomy":"category","embeddable":true,"href":"https:\/\/espacoecologico.com.br\/arquivo\/wp-json\/wp\/v2\/categories?post=132330"},{"taxonomy":"post_tag","embeddable":true,"href":"https:\/\/espacoecologico.com.br\/arquivo\/wp-json\/wp\/v2\/tags?post=132330"}],"curies":[{"name":"wp","href":"https:\/\/api.w.org\/{rel}","templated":true}]}}