{"id":132326,"date":"2020-08-19T10:00:56","date_gmt":"2020-08-19T13:00:56","guid":{"rendered":"https:\/\/espacoecologico.com.br\/arquivo\/?p=132326"},"modified":"2020-08-19T08:24:32","modified_gmt":"2020-08-19T11:24:32","slug":"frutas-que-seriam-descartadas-pela-industria-viram-materia-prima-para-cosmeticos","status":"publish","type":"post","link":"https:\/\/espacoecologico.com.br\/arquivo\/frutas-que-seriam-descartadas-pela-industria-viram-materia-prima-para-cosmeticos\/","title":{"rendered":"Frutas que seriam descartadas pela ind\u00fastria viram mat\u00e9ria-prima para cosm\u00e9ticos"},"content":{"rendered":"<p><a href=\"https:\/\/espacoecologico.com.br\/arquivo\/wp-content\/uploads\/2020\/08\/suco.jpg\"><img loading=\"lazy\" class=\"alignleft size-medium wp-image-132327\" src=\"https:\/\/espacoecologico.com.br\/arquivo\/wp-content\/uploads\/2020\/08\/suco-300x192.jpg\" alt=\"\" width=\"300\" height=\"192\" srcset=\"https:\/\/espacoecologico.com.br\/arquivo\/wp-content\/uploads\/2020\/08\/suco-300x192.jpg 300w, https:\/\/espacoecologico.com.br\/arquivo\/wp-content\/uploads\/2020\/08\/suco.jpg 415w\" sizes=\"(max-width: 300px) 100vw, 300px\" \/><\/a>Bananas, peras e outras frutas que seriam descartadas pela ind\u00fastria aliment\u00edcia agora ganham um novo e cheiroso uso. A companhia inglesa The Body Shop tem vendido desde junho no mercado brasileiro sua nova linha de espumas de banho produzidas com frutas e \u00f3leos de sementes rejeitados para venda.<\/p>\n<p>As espumas levam ingredientes de segunda linha que seriam inutilizados, assim como \u00f3leos de morango e de manga obtidos na fabrica\u00e7\u00e3o de sucos. Ao todo, s\u00e3o quatro\u00a0<em>blends<\/em> corporais &#8211; como s\u00e3o chamadas as misturas &#8211; vendidos a R$ 73,90 no e-commerce e nas lojas f\u00edsicas: banana, pera, frutas vermelhas e manga.<\/p>\n<p>D\u00e9bora Gentil, gerente de comunica\u00e7\u00f5es e treinamento da The Body Shop Brasil, explica que os ingredientes utilizados s\u00e3o provenientes de res\u00edduos de alimentos, frutas e vegetais que, por sua vez, s\u00e3o biprodutos de outras ind\u00fastrias ou produtos estranhos.<\/p>\n<p>\u201cPor exemplo, a semente de morango em nossa Mistura de Banho de Berry \u00e9 feita de sementes que sobram da fabrica\u00e7\u00e3o de geleias\u201d, destaca.<\/p>\n<p>Para a fabrica\u00e7\u00e3o dos produtos, a equipe do laborat\u00f3rio da marca de cosm\u00e9ticos j\u00e1 recebe tais res\u00edduos na forma de \u00f3leos e extratos, o que significa que podem ser usados de forma segura no processo de obten\u00e7\u00e3o das espumas.<\/p>\n<p>De acordo com a empresa, o mix de frutas e vegetais \u00e9 rico em vitaminas e antioxidantes, com componentes hidratantes que penetram na pele e oferecem alta durabilidade.<\/p>\n<h2>Sustentabilidade<\/h2>\n<p>Segundo a gerente de comunica\u00e7\u00f5es e treinamento da The Body Shop, a ideia de sustentabilidade para a nova linha \u00e9 embasada em experi\u00eancias anteriores, a exemplo do pur\u00ea de banana org\u00e2nica que j\u00e1 era usado pela marca.<\/p>\n<p>\u201cNosso xampu \u00e9 feito de banana de segunda linha ou produzida por pequenos agricultores no Equador, que normalmente n\u00e3o seria vendida como banana inteira fresca para exportar\u201d, informa D\u00e9bora.<\/p>\n<p>Assim, os ingredientes da espuma de banho s\u00e3o baseados no mesmo pur\u00ea de banana equatoriana, bem como frutas e vegetais danificados, e \u00f3leos de sementes n\u00e3o comest\u00edveis.<\/p>\n<p>\u201cA obten\u00e7\u00e3o de ingredientes cosm\u00e9ticos com essa origem pode ajudar a diversificar os mercados finais para fornecedores de frutas e vegetais enquanto faz um bom uso econ\u00f4mico de diferentes partes das plantas\u201d, afirma a gerente.<\/p>\n<h2>\u00d3leo de baba\u00e7u<\/h2>\n<p>Al\u00e9m do reaproveitamento das frutas e de \u00f3leos de sementes, a marca tem outra\u00a0iniciativa que visa o com\u00e9rcio justo no Brasil, em uma\u00a0<strong><a href=\"https:\/\/revistagloborural.globo.com\/Revista\/noticia\/2018\/01\/confira-o-trabalho-das-quebradeiras-do-maranhao.html\">cooperativa de mulheres no Maranh\u00e3o que fatura em euros com a exporta\u00e7\u00e3o do \u00f3leo de baba\u00e7u<\/a><\/strong>.<\/p>\n<p>A marca inglesa possui um acordo com a cooperativa local que fomenta o trabalho de fornecedores sustent\u00e1veis para seus produtos com base em um programa chamado Community Trade.<\/p>\n","protected":false},"excerpt":{"rendered":"<p>Bananas, peras e outras frutas que seriam descartadas pela ind\u00fastria aliment\u00edcia agora ganham um novo<\/p>\n","protected":false},"author":2,"featured_media":132327,"comment_status":"open","ping_status":"open","sticky":false,"template":"","format":"standard","meta":[],"categories":[],"tags":[],"uagb_featured_image_src":{"full":["https:\/\/espacoecologico.com.br\/arquivo\/wp-content\/uploads\/2020\/08\/suco.jpg",415,265,false],"thumbnail":["https:\/\/espacoecologico.com.br\/arquivo\/wp-content\/uploads\/2020\/08\/suco-150x150.jpg",150,150,true],"medium":["https:\/\/espacoecologico.com.br\/arquivo\/wp-content\/uploads\/2020\/08\/suco-300x192.jpg",300,192,true],"medium_large":["https:\/\/espacoecologico.com.br\/arquivo\/wp-content\/uploads\/2020\/08\/suco.jpg",415,265,false],"large":["https:\/\/espacoecologico.com.br\/arquivo\/wp-content\/uploads\/2020\/08\/suco.jpg",415,265,false],"1536x1536":["https:\/\/espacoecologico.com.br\/arquivo\/wp-content\/uploads\/2020\/08\/suco.jpg",415,265,false],"2048x2048":["https:\/\/espacoecologico.com.br\/arquivo\/wp-content\/uploads\/2020\/08\/suco.jpg",415,265,false],"cream-magazine-thumbnail-2":["https:\/\/espacoecologico.com.br\/arquivo\/wp-content\/uploads\/2020\/08\/suco.jpg",415,265,false],"cream-magazine-thumbnail-3":["https:\/\/espacoecologico.com.br\/arquivo\/wp-content\/uploads\/2020\/08\/suco.jpg",415,265,false],"cream-magazine-thumbnail-4":["https:\/\/espacoecologico.com.br\/arquivo\/wp-content\/uploads\/2020\/08\/suco.jpg",415,265,false]},"uagb_author_info":{"display_name":"","author_link":"https:\/\/espacoecologico.com.br\/arquivo\/author\/"},"uagb_comment_info":0,"uagb_excerpt":"Bananas, peras e outras frutas que seriam descartadas pela ind\u00fastria aliment\u00edcia agora ganham um novo","_links":{"self":[{"href":"https:\/\/espacoecologico.com.br\/arquivo\/wp-json\/wp\/v2\/posts\/132326"}],"collection":[{"href":"https:\/\/espacoecologico.com.br\/arquivo\/wp-json\/wp\/v2\/posts"}],"about":[{"href":"https:\/\/espacoecologico.com.br\/arquivo\/wp-json\/wp\/v2\/types\/post"}],"author":[{"embeddable":true,"href":"https:\/\/espacoecologico.com.br\/arquivo\/wp-json\/wp\/v2\/users\/2"}],"replies":[{"embeddable":true,"href":"https:\/\/espacoecologico.com.br\/arquivo\/wp-json\/wp\/v2\/comments?post=132326"}],"version-history":[{"count":0,"href":"https:\/\/espacoecologico.com.br\/arquivo\/wp-json\/wp\/v2\/posts\/132326\/revisions"}],"wp:featuredmedia":[{"embeddable":true,"href":"https:\/\/espacoecologico.com.br\/arquivo\/wp-json\/wp\/v2\/media\/132327"}],"wp:attachment":[{"href":"https:\/\/espacoecologico.com.br\/arquivo\/wp-json\/wp\/v2\/media?parent=132326"}],"wp:term":[{"taxonomy":"category","embeddable":true,"href":"https:\/\/espacoecologico.com.br\/arquivo\/wp-json\/wp\/v2\/categories?post=132326"},{"taxonomy":"post_tag","embeddable":true,"href":"https:\/\/espacoecologico.com.br\/arquivo\/wp-json\/wp\/v2\/tags?post=132326"}],"curies":[{"name":"wp","href":"https:\/\/api.w.org\/{rel}","templated":true}]}}