{"id":132322,"date":"2020-08-19T09:00:36","date_gmt":"2020-08-19T12:00:36","guid":{"rendered":"https:\/\/espacoecologico.com.br\/arquivo\/?p=132322"},"modified":"2020-08-19T08:12:46","modified_gmt":"2020-08-19T11:12:46","slug":"biologo-selecionou-especies-de-flores-de-facil-cultivo-para-ter-em-casa","status":"publish","type":"post","link":"https:\/\/espacoecologico.com.br\/arquivo\/biologo-selecionou-especies-de-flores-de-facil-cultivo-para-ter-em-casa\/","title":{"rendered":"Bi\u00f3logo selecionou esp\u00e9cies de flores de f\u00e1cil cultivo para ter em casa"},"content":{"rendered":"<p><a href=\"https:\/\/espacoecologico.com.br\/arquivo\/wp-content\/uploads\/2020\/08\/flores.jpg\"><img loading=\"lazy\" class=\"alignleft size-medium wp-image-132323\" src=\"https:\/\/espacoecologico.com.br\/arquivo\/wp-content\/uploads\/2020\/08\/flores-300x192.jpg\" alt=\"\" width=\"300\" height=\"192\" srcset=\"https:\/\/espacoecologico.com.br\/arquivo\/wp-content\/uploads\/2020\/08\/flores-300x192.jpg 300w, https:\/\/espacoecologico.com.br\/arquivo\/wp-content\/uploads\/2020\/08\/flores.jpg 415w\" sizes=\"(max-width: 300px) 100vw, 300px\" \/><\/a>Ter flores em casa \u00e9 uma \u00f3tima op\u00e7\u00e3o de decora\u00e7\u00e3o, uma vez que elas deixam os ambientes mais leves e agrad\u00e1veis, proporcionando bem-estar e uma sensa\u00e7\u00e3o de aconchego para o lar.<\/p>\n<p>Pensando nisso, o bi\u00f3logo Maer Jos\u00e9 da Silva, selecionou cinco esp\u00e9cies que florescem na esta\u00e7\u00e3o, s\u00e3o f\u00e1ceis de cultivar e v\u00e3o deixar a sua casa mais colorida, cheirosa e alegre.<\/p>\n<h3><strong>Orqu\u00eddea Phalaenopsis<\/strong><\/h3>\n<div class=\"wp-block-image\">\n<figure class=\"aligncenter\">\n<div id=\"standard_1\" class=\"st-placement standard_1 inImage\">\n<div class=\"st-adunit st-show st-reset\">\n<div class=\"st-container st-reset\"><\/div>\n<\/div>\n<\/div>\n<p><img loading=\"lazy\" class=\"wp-image-82597 lazyloaded\" src=\"https:\/\/cdn-cv.r4you.co\/wp-content\/uploads\/2020\/08\/flower-3141305_1280-1024x768.jpg\" sizes=\"(max-width: 1024px) 100vw, 1024px\" srcset=\"https:\/\/cdn-cv.r4you.co\/wp-content\/uploads\/2020\/08\/flower-3141305_1280-1024x768.jpg 1024w, https:\/\/cdn-cv.r4you.co\/wp-content\/uploads\/2020\/08\/flower-3141305_1280-300x225.jpg 300w, https:\/\/cdn-cv.r4you.co\/wp-content\/uploads\/2020\/08\/flower-3141305_1280-768x576.jpg 768w, https:\/\/cdn-cv.r4you.co\/wp-content\/uploads\/2020\/08\/flower-3141305_1280-80x60.jpg 80w, https:\/\/cdn-cv.r4you.co\/wp-content\/uploads\/2020\/08\/flower-3141305_1280-265x198.jpg 265w, https:\/\/cdn-cv.r4you.co\/wp-content\/uploads\/2020\/08\/flower-3141305_1280-696x522.jpg 696w, https:\/\/cdn-cv.r4you.co\/wp-content\/uploads\/2020\/08\/flower-3141305_1280-1068x801.jpg 1068w, https:\/\/cdn-cv.r4you.co\/wp-content\/uploads\/2020\/08\/flower-3141305_1280-560x420.jpg 560w, https:\/\/cdn-cv.r4you.co\/wp-content\/uploads\/2020\/08\/flower-3141305_1280.jpg 1280w\" alt=\"\" width=\"640\" height=\"480\" data-srcset=\"https:\/\/cdn-cv.r4you.co\/wp-content\/uploads\/2020\/08\/flower-3141305_1280-1024x768.jpg 1024w, https:\/\/cdn-cv.r4you.co\/wp-content\/uploads\/2020\/08\/flower-3141305_1280-300x225.jpg 300w, https:\/\/cdn-cv.r4you.co\/wp-content\/uploads\/2020\/08\/flower-3141305_1280-768x576.jpg 768w, https:\/\/cdn-cv.r4you.co\/wp-content\/uploads\/2020\/08\/flower-3141305_1280-80x60.jpg 80w, https:\/\/cdn-cv.r4you.co\/wp-content\/uploads\/2020\/08\/flower-3141305_1280-265x198.jpg 265w, https:\/\/cdn-cv.r4you.co\/wp-content\/uploads\/2020\/08\/flower-3141305_1280-696x522.jpg 696w, https:\/\/cdn-cv.r4you.co\/wp-content\/uploads\/2020\/08\/flower-3141305_1280-1068x801.jpg 1068w, https:\/\/cdn-cv.r4you.co\/wp-content\/uploads\/2020\/08\/flower-3141305_1280-560x420.jpg 560w, https:\/\/cdn-cv.r4you.co\/wp-content\/uploads\/2020\/08\/flower-3141305_1280.jpg 1280w\" data-src=\"https:\/\/cdn-cv.r4you.co\/wp-content\/uploads\/2020\/08\/flower-3141305_1280-1024x768.jpg\" \/><\/figure>\n<\/div>\n<p>A flor \u00e9 uma \u00f3tima op\u00e7\u00e3o para quem gosta de cor. H\u00e1 op\u00e7\u00f5es roxas, amarelas e vermelhas, em diferentes tons. Seu habitat natural s\u00e3o as florestas tropicais, onde se entrela\u00e7a em ra\u00edzes para se esconder do sol. Devido a isso, \u00e9 uma \u00f3tima op\u00e7\u00e3o para locais fechados.<\/p>\n<p>Coloque-a em um espa\u00e7o em que a ilumina\u00e7\u00e3o do sol seja indireta e cuja temperatura varie entre 20 e 24 graus.<\/p>\n<h3><strong>Camomila<\/strong><\/h3>\n<div class=\"wp-block-image\">\n<figure class=\"aligncenter\"><img loading=\"lazy\" class=\"wp-image-82598 lazyloaded\" src=\"https:\/\/cdn-cv.r4you.co\/wp-content\/uploads\/2020\/08\/chamomile-2197682_1280-1024x682.jpg\" sizes=\"(max-width: 1024px) 100vw, 1024px\" srcset=\"https:\/\/cdn-cv.r4you.co\/wp-content\/uploads\/2020\/08\/chamomile-2197682_1280-1024x682.jpg 1024w, https:\/\/cdn-cv.r4you.co\/wp-content\/uploads\/2020\/08\/chamomile-2197682_1280-300x200.jpg 300w, https:\/\/cdn-cv.r4you.co\/wp-content\/uploads\/2020\/08\/chamomile-2197682_1280-768x512.jpg 768w, https:\/\/cdn-cv.r4you.co\/wp-content\/uploads\/2020\/08\/chamomile-2197682_1280-696x464.jpg 696w, https:\/\/cdn-cv.r4you.co\/wp-content\/uploads\/2020\/08\/chamomile-2197682_1280-1068x712.jpg 1068w, https:\/\/cdn-cv.r4you.co\/wp-content\/uploads\/2020\/08\/chamomile-2197682_1280-630x420.jpg 630w, https:\/\/cdn-cv.r4you.co\/wp-content\/uploads\/2020\/08\/chamomile-2197682_1280.jpg 1280w\" alt=\"\" width=\"640\" height=\"427\" data-srcset=\"https:\/\/cdn-cv.r4you.co\/wp-content\/uploads\/2020\/08\/chamomile-2197682_1280-1024x682.jpg 1024w, https:\/\/cdn-cv.r4you.co\/wp-content\/uploads\/2020\/08\/chamomile-2197682_1280-300x200.jpg 300w, https:\/\/cdn-cv.r4you.co\/wp-content\/uploads\/2020\/08\/chamomile-2197682_1280-768x512.jpg 768w, https:\/\/cdn-cv.r4you.co\/wp-content\/uploads\/2020\/08\/chamomile-2197682_1280-696x464.jpg 696w, https:\/\/cdn-cv.r4you.co\/wp-content\/uploads\/2020\/08\/chamomile-2197682_1280-1068x712.jpg 1068w, https:\/\/cdn-cv.r4you.co\/wp-content\/uploads\/2020\/08\/chamomile-2197682_1280-630x420.jpg 630w, https:\/\/cdn-cv.r4you.co\/wp-content\/uploads\/2020\/08\/chamomile-2197682_1280.jpg 1280w\" data-src=\"https:\/\/cdn-cv.r4you.co\/wp-content\/uploads\/2020\/08\/chamomile-2197682_1280-1024x682.jpg\" \/><\/figure>\n<\/div>\n<p>\u00c9 uma \u00f3tima op\u00e7\u00e3o para quem deseja deixar a casa perfumada. De porte pequeno, tem p\u00e9talas brancas com o miolo amarelo, semelhante a uma margarida, e floresce nas esta\u00e7\u00f5es quentes do ano, como a primavera.<\/p>\n<p>Deixe-a em lugares da casa com temperaturas m\u00e9dias, por volta de 20 graus, e, de prefer\u00eancia, em espa\u00e7os em que o ar seja mais \u00famido.<\/p>\n<h2><strong>Lavanda<\/strong><\/h2>\n<div class=\"wp-block-image\">\n<figure class=\"aligncenter\"><img loading=\"lazy\" class=\"wp-image-82599 lazyloaded\" src=\"https:\/\/cdn-cv.r4you.co\/wp-content\/uploads\/2020\/08\/lavender-3363791_1280-1024x743.jpg\" sizes=\"(max-width: 1024px) 100vw, 1024px\" srcset=\"https:\/\/cdn-cv.r4you.co\/wp-content\/uploads\/2020\/08\/lavender-3363791_1280-1024x743.jpg 1024w, https:\/\/cdn-cv.r4you.co\/wp-content\/uploads\/2020\/08\/lavender-3363791_1280-300x218.jpg 300w, https:\/\/cdn-cv.r4you.co\/wp-content\/uploads\/2020\/08\/lavender-3363791_1280-768x557.jpg 768w, https:\/\/cdn-cv.r4you.co\/wp-content\/uploads\/2020\/08\/lavender-3363791_1280-324x235.jpg 324w, https:\/\/cdn-cv.r4you.co\/wp-content\/uploads\/2020\/08\/lavender-3363791_1280-696x505.jpg 696w, https:\/\/cdn-cv.r4you.co\/wp-content\/uploads\/2020\/08\/lavender-3363791_1280-1068x775.jpg 1068w, https:\/\/cdn-cv.r4you.co\/wp-content\/uploads\/2020\/08\/lavender-3363791_1280-579x420.jpg 579w, https:\/\/cdn-cv.r4you.co\/wp-content\/uploads\/2020\/08\/lavender-3363791_1280.jpg 1280w\" alt=\"\" width=\"639\" height=\"464\" data-srcset=\"https:\/\/cdn-cv.r4you.co\/wp-content\/uploads\/2020\/08\/lavender-3363791_1280-1024x743.jpg 1024w, https:\/\/cdn-cv.r4you.co\/wp-content\/uploads\/2020\/08\/lavender-3363791_1280-300x218.jpg 300w, https:\/\/cdn-cv.r4you.co\/wp-content\/uploads\/2020\/08\/lavender-3363791_1280-768x557.jpg 768w, https:\/\/cdn-cv.r4you.co\/wp-content\/uploads\/2020\/08\/lavender-3363791_1280-324x235.jpg 324w, https:\/\/cdn-cv.r4you.co\/wp-content\/uploads\/2020\/08\/lavender-3363791_1280-696x505.jpg 696w, https:\/\/cdn-cv.r4you.co\/wp-content\/uploads\/2020\/08\/lavender-3363791_1280-1068x775.jpg 1068w, https:\/\/cdn-cv.r4you.co\/wp-content\/uploads\/2020\/08\/lavender-3363791_1280-579x420.jpg 579w, https:\/\/cdn-cv.r4you.co\/wp-content\/uploads\/2020\/08\/lavender-3363791_1280.jpg 1280w\" data-src=\"https:\/\/cdn-cv.r4you.co\/wp-content\/uploads\/2020\/08\/lavender-3363791_1280-1024x743.jpg\" \/><\/figure>\n<\/div>\n<p>Outro exemplo de flor perfeita para quem deseja perfumar o ambiente da casa. Com caule extenso e semelhantes a arbustos redondos, se bem cuidada dura at\u00e9 3 anos.<\/p>\n<p>Deixe-a em locais da casa onde haja exposi\u00e7\u00e3o ao sol de mais de 4 horas<\/p>\n<h3><strong>Girassol<\/strong><\/h3>\n<div class=\"wp-block-image\">\n<figure class=\"aligncenter\"><img loading=\"lazy\" class=\"wp-image-82600 lazyloaded\" src=\"https:\/\/cdn-cv.r4you.co\/wp-content\/uploads\/2020\/08\/sunflower-2914972_1280-1024x681.png\" sizes=\"(max-width: 1024px) 100vw, 1024px\" srcset=\"https:\/\/cdn-cv.r4you.co\/wp-content\/uploads\/2020\/08\/sunflower-2914972_1280-1024x681.png 1024w, https:\/\/cdn-cv.r4you.co\/wp-content\/uploads\/2020\/08\/sunflower-2914972_1280-300x199.png 300w, https:\/\/cdn-cv.r4you.co\/wp-content\/uploads\/2020\/08\/sunflower-2914972_1280-768x511.png 768w, https:\/\/cdn-cv.r4you.co\/wp-content\/uploads\/2020\/08\/sunflower-2914972_1280-696x463.png 696w, https:\/\/cdn-cv.r4you.co\/wp-content\/uploads\/2020\/08\/sunflower-2914972_1280-1068x710.png 1068w, https:\/\/cdn-cv.r4you.co\/wp-content\/uploads\/2020\/08\/sunflower-2914972_1280-632x420.png 632w, https:\/\/cdn-cv.r4you.co\/wp-content\/uploads\/2020\/08\/sunflower-2914972_1280.png 1280w\" alt=\"\" width=\"639\" height=\"425\" data-srcset=\"https:\/\/cdn-cv.r4you.co\/wp-content\/uploads\/2020\/08\/sunflower-2914972_1280-1024x681.png 1024w, https:\/\/cdn-cv.r4you.co\/wp-content\/uploads\/2020\/08\/sunflower-2914972_1280-300x199.png 300w, https:\/\/cdn-cv.r4you.co\/wp-content\/uploads\/2020\/08\/sunflower-2914972_1280-768x511.png 768w, https:\/\/cdn-cv.r4you.co\/wp-content\/uploads\/2020\/08\/sunflower-2914972_1280-696x463.png 696w, https:\/\/cdn-cv.r4you.co\/wp-content\/uploads\/2020\/08\/sunflower-2914972_1280-1068x710.png 1068w, https:\/\/cdn-cv.r4you.co\/wp-content\/uploads\/2020\/08\/sunflower-2914972_1280-632x420.png 632w, https:\/\/cdn-cv.r4you.co\/wp-content\/uploads\/2020\/08\/sunflower-2914972_1280.png 1280w\" data-src=\"https:\/\/cdn-cv.r4you.co\/wp-content\/uploads\/2020\/08\/sunflower-2914972_1280-1024x681.png\" \/><\/figure>\n<\/div>\n<p>Tem este nome por ser uma planta que gira em dire\u00e7\u00e3o ao sol. Sua altura pode chegar a um metro de altura e, fazendo jus ao nome, \u00e9 uma planta que ama a luz do sol.<\/p>\n<p>A temperatura ideal \u00e9 entre 20 e 26 graus e uma \u00f3tima op\u00e7\u00e3o de decora\u00e7\u00e3o \u00e9 deix\u00e1-la na sacada de casa.<\/p>\n<h3><strong>Brom\u00e9lia<\/strong><\/h3>\n<div class=\"wp-block-image\">\n<figure class=\"aligncenter\"><img loading=\"lazy\" class=\"wp-image-82601 lazyloaded\" src=\"https:\/\/cdn-cv.r4you.co\/wp-content\/uploads\/2020\/08\/bromeliad-660420_1280-1024x682.jpg\" sizes=\"(max-width: 1024px) 100vw, 1024px\" srcset=\"https:\/\/cdn-cv.r4you.co\/wp-content\/uploads\/2020\/08\/bromeliad-660420_1280-1024x682.jpg 1024w, https:\/\/cdn-cv.r4you.co\/wp-content\/uploads\/2020\/08\/bromeliad-660420_1280-300x200.jpg 300w, https:\/\/cdn-cv.r4you.co\/wp-content\/uploads\/2020\/08\/bromeliad-660420_1280-768x512.jpg 768w, https:\/\/cdn-cv.r4you.co\/wp-content\/uploads\/2020\/08\/bromeliad-660420_1280-696x464.jpg 696w, https:\/\/cdn-cv.r4you.co\/wp-content\/uploads\/2020\/08\/bromeliad-660420_1280-1068x712.jpg 1068w, https:\/\/cdn-cv.r4you.co\/wp-content\/uploads\/2020\/08\/bromeliad-660420_1280-630x420.jpg 630w, https:\/\/cdn-cv.r4you.co\/wp-content\/uploads\/2020\/08\/bromeliad-660420_1280.jpg 1280w\" alt=\"\" width=\"640\" height=\"427\" data-srcset=\"https:\/\/cdn-cv.r4you.co\/wp-content\/uploads\/2020\/08\/bromeliad-660420_1280-1024x682.jpg 1024w, https:\/\/cdn-cv.r4you.co\/wp-content\/uploads\/2020\/08\/bromeliad-660420_1280-300x200.jpg 300w, https:\/\/cdn-cv.r4you.co\/wp-content\/uploads\/2020\/08\/bromeliad-660420_1280-768x512.jpg 768w, https:\/\/cdn-cv.r4you.co\/wp-content\/uploads\/2020\/08\/bromeliad-660420_1280-696x464.jpg 696w, https:\/\/cdn-cv.r4you.co\/wp-content\/uploads\/2020\/08\/bromeliad-660420_1280-1068x712.jpg 1068w, https:\/\/cdn-cv.r4you.co\/wp-content\/uploads\/2020\/08\/bromeliad-660420_1280-630x420.jpg 630w, https:\/\/cdn-cv.r4you.co\/wp-content\/uploads\/2020\/08\/bromeliad-660420_1280.jpg 1280w\" data-src=\"https:\/\/cdn-cv.r4you.co\/wp-content\/uploads\/2020\/08\/bromeliad-660420_1280-1024x682.jpg\" \/><\/figure>\n<\/div>\n<p>Muito conhecida no Brasil, \u00e9 uma planta tropical com folhas vermelhas e verdes ideal para dar mais cor e vida \u00e0 casa.<\/p>\n<p>Deixe-a em locais da resid\u00eancia onde haja exposi\u00e7\u00e3o ao sol de mais de 4 horas. \u00c9 recomendado deix\u00e1-la em espa\u00e7os com temperaturas entre 15 e 25 graus.<\/p>\n","protected":false},"excerpt":{"rendered":"<p>Ter flores em casa \u00e9 uma \u00f3tima op\u00e7\u00e3o de decora\u00e7\u00e3o, uma vez que elas deixam<\/p>\n","protected":false},"author":2,"featured_media":132323,"comment_status":"open","ping_status":"open","sticky":false,"template":"","format":"standard","meta":[],"categories":[],"tags":[],"uagb_featured_image_src":{"full":["https:\/\/espacoecologico.com.br\/arquivo\/wp-content\/uploads\/2020\/08\/flores.jpg",415,265,false],"thumbnail":["https:\/\/espacoecologico.com.br\/arquivo\/wp-content\/uploads\/2020\/08\/flores-150x150.jpg",150,150,true],"medium":["https:\/\/espacoecologico.com.br\/arquivo\/wp-content\/uploads\/2020\/08\/flores-300x192.jpg",300,192,true],"medium_large":["https:\/\/espacoecologico.com.br\/arquivo\/wp-content\/uploads\/2020\/08\/flores.jpg",415,265,false],"large":["https:\/\/espacoecologico.com.br\/arquivo\/wp-content\/uploads\/2020\/08\/flores.jpg",415,265,false],"1536x1536":["https:\/\/espacoecologico.com.br\/arquivo\/wp-content\/uploads\/2020\/08\/flores.jpg",415,265,false],"2048x2048":["https:\/\/espacoecologico.com.br\/arquivo\/wp-content\/uploads\/2020\/08\/flores.jpg",415,265,false],"cream-magazine-thumbnail-2":["https:\/\/espacoecologico.com.br\/arquivo\/wp-content\/uploads\/2020\/08\/flores.jpg",415,265,false],"cream-magazine-thumbnail-3":["https:\/\/espacoecologico.com.br\/arquivo\/wp-content\/uploads\/2020\/08\/flores.jpg",415,265,false],"cream-magazine-thumbnail-4":["https:\/\/espacoecologico.com.br\/arquivo\/wp-content\/uploads\/2020\/08\/flores.jpg",415,265,false]},"uagb_author_info":{"display_name":"","author_link":"https:\/\/espacoecologico.com.br\/arquivo\/author\/"},"uagb_comment_info":0,"uagb_excerpt":"Ter flores em casa \u00e9 uma \u00f3tima op\u00e7\u00e3o de decora\u00e7\u00e3o, uma vez que elas deixam","_links":{"self":[{"href":"https:\/\/espacoecologico.com.br\/arquivo\/wp-json\/wp\/v2\/posts\/132322"}],"collection":[{"href":"https:\/\/espacoecologico.com.br\/arquivo\/wp-json\/wp\/v2\/posts"}],"about":[{"href":"https:\/\/espacoecologico.com.br\/arquivo\/wp-json\/wp\/v2\/types\/post"}],"author":[{"embeddable":true,"href":"https:\/\/espacoecologico.com.br\/arquivo\/wp-json\/wp\/v2\/users\/2"}],"replies":[{"embeddable":true,"href":"https:\/\/espacoecologico.com.br\/arquivo\/wp-json\/wp\/v2\/comments?post=132322"}],"version-history":[{"count":0,"href":"https:\/\/espacoecologico.com.br\/arquivo\/wp-json\/wp\/v2\/posts\/132322\/revisions"}],"wp:featuredmedia":[{"embeddable":true,"href":"https:\/\/espacoecologico.com.br\/arquivo\/wp-json\/wp\/v2\/media\/132323"}],"wp:attachment":[{"href":"https:\/\/espacoecologico.com.br\/arquivo\/wp-json\/wp\/v2\/media?parent=132322"}],"wp:term":[{"taxonomy":"category","embeddable":true,"href":"https:\/\/espacoecologico.com.br\/arquivo\/wp-json\/wp\/v2\/categories?post=132322"},{"taxonomy":"post_tag","embeddable":true,"href":"https:\/\/espacoecologico.com.br\/arquivo\/wp-json\/wp\/v2\/tags?post=132322"}],"curies":[{"name":"wp","href":"https:\/\/api.w.org\/{rel}","templated":true}]}}