{"id":132316,"date":"2020-08-19T07:00:48","date_gmt":"2020-08-19T10:00:48","guid":{"rendered":"https:\/\/espacoecologico.com.br\/arquivo\/?p=132316"},"modified":"2020-08-18T14:07:48","modified_gmt":"2020-08-18T17:07:48","slug":"dois-orangotangos-sao-resgatados-de-cativeiro-ilegal-na-indonesia","status":"publish","type":"post","link":"https:\/\/espacoecologico.com.br\/arquivo\/dois-orangotangos-sao-resgatados-de-cativeiro-ilegal-na-indonesia\/","title":{"rendered":"Dois orangotangos s\u00e3o resgatados de cativeiro ilegal na Indon\u00e9sia"},"content":{"rendered":"<div class=\"mc-column content-text active-extra-styles \" data-block-type=\"unstyled\" data-block-weight=\"38\" data-block-id=\"2\">\n<p class=\"content-text__container \" data-track-category=\"Link no Texto\" data-track-links=\"\"><a href=\"https:\/\/espacoecologico.com.br\/arquivo\/wp-content\/uploads\/2020\/08\/orangotango.jpg\"><img loading=\"lazy\" class=\"alignleft size-medium wp-image-132317\" src=\"https:\/\/espacoecologico.com.br\/arquivo\/wp-content\/uploads\/2020\/08\/orangotango-300x192.jpg\" alt=\"\" width=\"300\" height=\"192\" srcset=\"https:\/\/espacoecologico.com.br\/arquivo\/wp-content\/uploads\/2020\/08\/orangotango-300x192.jpg 300w, https:\/\/espacoecologico.com.br\/arquivo\/wp-content\/uploads\/2020\/08\/orangotango.jpg 415w\" sizes=\"(max-width: 300px) 100vw, 300px\" \/><\/a>Dois orangotangos em perigo cr\u00edtico foram resgatados do cativeiro na ilha de Java, na\u00a0<a href=\"https:\/\/g1.globo.com\/tudo-sobre\/indonesia\/\">Indon\u00e9sia<\/a>, e enviados a um centro de reabilita\u00e7\u00e3o em Born\u00e9u para avaliar se podem ser libertados de volta \u00e0 natureza, disse um grupo conservacionista.<\/p>\n<\/div>\n<div class=\"wall protected-content\">\n<div class=\"mc-column content-text active-extra-styles \" data-block-type=\"unstyled\" data-block-weight=\"42\" data-block-id=\"3\">\n<p class=\"content-text__container \" data-track-category=\"Link no Texto\" data-track-links=\"\">&#8220;Samson&#8221; e &#8220;Boboy&#8221;, ambos do sexo masculino e com idade estimada em 20 anos, sofriam de desnutri\u00e7\u00e3o quando foram removidos de um parque de divers\u00f5es e de uma casa particular de fam\u00edlia, de acordo com um comunicado do International Animal Rescue (IAR).<\/p>\n<\/div>\n<div class=\"mc-column content-text active-extra-styles \" data-block-type=\"unstyled\" data-block-weight=\"34\" data-block-id=\"5\">\n<p class=\"content-text__container \" data-track-category=\"Link no Texto\" data-track-links=\"\">O cativeiro ilegal dos dois orangotangos de Born\u00e9u foi descoberto em outubro do ano passado, antes do resgate ser providenciado, disse Darmanto, chefe da ag\u00eancia de conserva\u00e7\u00e3o da natureza da Indon\u00e9sia em Java Central.<\/p>\n<\/div>\n<div class=\"row medium-uncollapsed content-media content-photo\" data-block-type=\"backstage-photo\" data-block-id=\"6\">\n<div class=\"mc-column content-media__container\">\n<figure><img loading=\"lazy\" class=\"i-amphtml-fill-content i-amphtml-replaced-content\" src=\"https:\/\/s2.glbimg.com\/CRTeI0k8SuY6GOQsgq_dEQHJVrQ=\/0x0:2000x1333\/984x0\/smart\/filters:strip_icc()\/i.s3.glbimg.com\/v1\/AUTH_59edd422c0c84a879bd37670ae4f538a\/internal_photos\/bs\/2020\/D\/h\/1PYTtiShy2qn0Kob7GsQ\/2020-08-18t075246z-1494181693-rc27gi98when-rtrmadp-3-indonesia-orangutans-rescue.jpg\" sizes=\"(max-width: 1920px) 648px, 100vw\" srcset=\"https:\/\/s2.glbimg.com\/eqjhxsBDQRIT_dxbd9a3PgS9TN0=\/0x0:2000x1333\/1000x0\/smart\/filters:strip_icc()\/i.s3.glbimg.com\/v1\/AUTH_59edd422c0c84a879bd37670ae4f538a\/internal_photos\/bs\/2020\/D\/h\/1PYTtiShy2qn0Kob7GsQ\/2020-08-18t075246z-1494181693-rc27gi98when-rtrmadp-3-indonesia-orangutans-rescue.jpg 1000w, https:\/\/s2.glbimg.com\/CRTeI0k8SuY6GOQsgq_dEQHJVrQ=\/0x0:2000x1333\/984x0\/smart\/filters:strip_icc()\/i.s3.glbimg.com\/v1\/AUTH_59edd422c0c84a879bd37670ae4f538a\/internal_photos\/bs\/2020\/D\/h\/1PYTtiShy2qn0Kob7GsQ\/2020-08-18t075246z-1494181693-rc27gi98when-rtrmadp-3-indonesia-orangutans-rescue.jpg 984w, https:\/\/s2.glbimg.com\/vw2obNJ6lX4SILeQ5xbunkodJyg=\/0x0:2000x1333\/640x0\/smart\/filters:strip_icc()\/i.s3.glbimg.com\/v1\/AUTH_59edd422c0c84a879bd37670ae4f538a\/internal_photos\/bs\/2020\/D\/h\/1PYTtiShy2qn0Kob7GsQ\/2020-08-18t075246z-1494181693-rc27gi98when-rtrmadp-3-indonesia-orangutans-rescue.jpg 640w, https:\/\/s2.glbimg.com\/O7QQlG1oXfIwrimOXosBS5MkOyw=\/0x0:2000x1333\/600x0\/smart\/filters:strip_icc()\/i.s3.glbimg.com\/v1\/AUTH_59edd422c0c84a879bd37670ae4f538a\/internal_photos\/bs\/2020\/D\/h\/1PYTtiShy2qn0Kob7GsQ\/2020-08-18t075246z-1494181693-rc27gi98when-rtrmadp-3-indonesia-orangutans-rescue.jpg 600w\" alt=\"O orangotango chamado Samson \u00e9 resgatado de um cativeiro ilegal em Kendal, prov\u00edncia de Java Central, na Indon\u00e9sia, em 5 de agosto \u2014 Foto: International Animal Rescue (IAR) Indon\u00e9sia\/Heribertus\/Divulga\u00e7\u00e3o via Reuters\" width=\"638\" height=\"425\" \/><\/figure>\n<p class=\"content-media__description \">O orangotango chamado Samson \u00e9 resgatado de um cativeiro ilegal em Kendal, prov\u00edncia de Java Central, na Indon\u00e9sia, em 5 de agosto \u2014 Foto: International Animal Rescue (IAR) Indon\u00e9sia\/Heribertus\/Divulga\u00e7\u00e3o via Reuters<\/p>\n<\/div>\n<\/div>\n<div class=\"mc-column content-text active-extra-styles \" data-block-type=\"unstyled\" data-block-weight=\"26\" data-block-id=\"8\">\n<p class=\"content-text__container \" data-track-category=\"Link no Texto\" data-track-links=\"\">Os orangotangos, que estavam presos em gaiolas, foram enviados para um centro de reabilita\u00e7\u00e3o em Ketapang, na prov\u00edncia de West Kalimantan em Born\u00e9u, disse o IAR.<\/p>\n<\/div>\n<div class=\"mc-column content-text active-extra-styles \" data-block-type=\"unstyled\" data-block-weight=\"26\" data-block-id=\"9\">\n<p class=\"content-text__container \" data-track-category=\"Link no Texto\" data-track-links=\"\">No centro, eles far\u00e3o exames de sa\u00fade e ficar\u00e3o em quarentena por dois meses antes de serem avaliados para decidir se podem ser devolvidos \u00e0 natureza.<\/p>\n<\/div>\n<div class=\"mc-column content-text active-extra-styles\" data-block-type=\"raw\" data-block-weight=\"37\" data-block-id=\"10\">\n<blockquote class=\"content-blockquote theme-border-color-primary-before\"><p>&#8220;\u00c9 muito triste ver indiv\u00edduos como Samson e Boboy, que deveriam viver livres em seu habitat natural, mas, em vez disso, est\u00e3o confinados em gaiolas h\u00e1 anos&#8221;, disse Karmele L. Sanchez, diretor do programa da IAR Indon\u00e9sia.<\/p><\/blockquote>\n<p>&nbsp;<\/p>\n<\/div>\n<div class=\"row medium-uncollapsed content-media content-photo\" data-block-type=\"backstage-photo\" data-block-id=\"11\">\n<div class=\"mc-column content-media__container\">\n<figure><img loading=\"lazy\" class=\"i-amphtml-fill-content i-amphtml-replaced-content\" src=\"https:\/\/s2.glbimg.com\/qBnei8Mny542q0e79MDRht8ynco=\/0x0:2000x1333\/984x0\/smart\/filters:strip_icc()\/i.s3.glbimg.com\/v1\/AUTH_59edd422c0c84a879bd37670ae4f538a\/internal_photos\/bs\/2020\/r\/x\/FfoAsGR2uNjFxRpfKoDw\/2020-08-18t075249z-1090953399-rc27gi9j1k44-rtrmadp-3-indonesia-orangutans-rescue.jpg\" sizes=\"(max-width: 1920px) 648px, 100vw\" srcset=\"https:\/\/s2.glbimg.com\/vmZrgnkajZYxZP1hF_is-HWgC58=\/0x0:2000x1333\/1000x0\/smart\/filters:strip_icc()\/i.s3.glbimg.com\/v1\/AUTH_59edd422c0c84a879bd37670ae4f538a\/internal_photos\/bs\/2020\/r\/x\/FfoAsGR2uNjFxRpfKoDw\/2020-08-18t075249z-1090953399-rc27gi9j1k44-rtrmadp-3-indonesia-orangutans-rescue.jpg 1000w, https:\/\/s2.glbimg.com\/qBnei8Mny542q0e79MDRht8ynco=\/0x0:2000x1333\/984x0\/smart\/filters:strip_icc()\/i.s3.glbimg.com\/v1\/AUTH_59edd422c0c84a879bd37670ae4f538a\/internal_photos\/bs\/2020\/r\/x\/FfoAsGR2uNjFxRpfKoDw\/2020-08-18t075249z-1090953399-rc27gi9j1k44-rtrmadp-3-indonesia-orangutans-rescue.jpg 984w, https:\/\/s2.glbimg.com\/3gs62jNsYiNPCz7ABaqHZJTDxKQ=\/0x0:2000x1333\/640x0\/smart\/filters:strip_icc()\/i.s3.glbimg.com\/v1\/AUTH_59edd422c0c84a879bd37670ae4f538a\/internal_photos\/bs\/2020\/r\/x\/FfoAsGR2uNjFxRpfKoDw\/2020-08-18t075249z-1090953399-rc27gi9j1k44-rtrmadp-3-indonesia-orangutans-rescue.jpg 640w, https:\/\/s2.glbimg.com\/GzlUaU08vtbVIKZmFpYz0QU6OIw=\/0x0:2000x1333\/600x0\/smart\/filters:strip_icc()\/i.s3.glbimg.com\/v1\/AUTH_59edd422c0c84a879bd37670ae4f538a\/internal_photos\/bs\/2020\/r\/x\/FfoAsGR2uNjFxRpfKoDw\/2020-08-18t075249z-1090953399-rc27gi9j1k44-rtrmadp-3-indonesia-orangutans-rescue.jpg 600w\" alt=\"O orangotango chamado Samson \u00e9 visto dentro de uma gaiola em um local de conserva\u00e7\u00e3o ilegal em Kendal, prov\u00edncia de Java Central, na Indon\u00e9sia, em 5 de agosto \u2014 Foto: International Animal Rescue (IAR) Indonesia\/Heribertus\/Divulga\u00e7\u00e3o via Reuters\" width=\"639\" height=\"427\" \/><\/figure>\n<p class=\"content-media__description \">O orangotango chamado Samson \u00e9 visto dentro de uma gaiola em um local de conserva\u00e7\u00e3o ilegal em Kendal, prov\u00edncia de Java Central, na Indon\u00e9sia, em 5 de agosto \u2014 Foto: International Animal Rescue (IAR) Indonesia\/Heribertus\/Divulga\u00e7\u00e3o via Reuters<\/p>\n<\/div>\n<\/div>\n<div class=\"mc-column content-text active-extra-styles \" data-block-type=\"unstyled\" data-block-weight=\"35\" data-block-id=\"12\">\n<p class=\"content-text__container \" data-track-category=\"Link no Texto\" data-track-links=\"\">&#8220;O processo de reabilita\u00e7\u00e3o para orangotangos resgatados \u00e9 longo e complicado. Ser\u00e1 extremamente dif\u00edcil para um orangotango que ficou preso em uma gaiola durante toda a sua vida aprender como sobreviver na selva&#8221;, disse Sanchez.<\/p>\n<\/div>\n<div class=\"mc-column content-text active-extra-styles \" data-block-type=\"unstyled\" data-block-weight=\"30\" data-block-id=\"13\">\n<p class=\"content-text__container \" data-track-category=\"Link no Texto\" data-track-links=\"\">Estima-se que existam apenas cerca de 100.000 orangotangos de Born\u00e9u na natureza, de acordo com o World Wildlife Fund, com a popula\u00e7\u00e3o diminuindo mais de 50% nos \u00faltimos 60 anos.<\/p>\n<\/div>\n<div class=\"mc-column content-text active-extra-styles \" data-block-type=\"unstyled\" data-block-weight=\"34\" data-block-id=\"14\">\n<p class=\"content-text__container \" data-track-category=\"Link no Texto\" data-track-links=\"\">Os animais sofreram com a ca\u00e7a ilegal, bem como com a destrui\u00e7\u00e3o do habitat devido \u00e0 explora\u00e7\u00e3o madeireira em grande escala e substitui\u00e7\u00e3o de florestas por culturas de rendimento, como o \u00f3leo de palma.<\/p>\n<\/div>\n<\/div>\n","protected":false},"excerpt":{"rendered":"<p>Dois orangotangos em perigo cr\u00edtico foram resgatados do cativeiro na ilha de Java, na\u00a0Indon\u00e9sia, e<\/p>\n","protected":false},"author":2,"featured_media":132317,"comment_status":"open","ping_status":"open","sticky":false,"template":"","format":"standard","meta":[],"categories":[],"tags":[],"uagb_featured_image_src":{"full":["https:\/\/espacoecologico.com.br\/arquivo\/wp-content\/uploads\/2020\/08\/orangotango.jpg",415,265,false],"thumbnail":["https:\/\/espacoecologico.com.br\/arquivo\/wp-content\/uploads\/2020\/08\/orangotango-150x150.jpg",150,150,true],"medium":["https:\/\/espacoecologico.com.br\/arquivo\/wp-content\/uploads\/2020\/08\/orangotango-300x192.jpg",300,192,true],"medium_large":["https:\/\/espacoecologico.com.br\/arquivo\/wp-content\/uploads\/2020\/08\/orangotango.jpg",415,265,false],"large":["https:\/\/espacoecologico.com.br\/arquivo\/wp-content\/uploads\/2020\/08\/orangotango.jpg",415,265,false],"1536x1536":["https:\/\/espacoecologico.com.br\/arquivo\/wp-content\/uploads\/2020\/08\/orangotango.jpg",415,265,false],"2048x2048":["https:\/\/espacoecologico.com.br\/arquivo\/wp-content\/uploads\/2020\/08\/orangotango.jpg",415,265,false],"cream-magazine-thumbnail-2":["https:\/\/espacoecologico.com.br\/arquivo\/wp-content\/uploads\/2020\/08\/orangotango.jpg",415,265,false],"cream-magazine-thumbnail-3":["https:\/\/espacoecologico.com.br\/arquivo\/wp-content\/uploads\/2020\/08\/orangotango.jpg",415,265,false],"cream-magazine-thumbnail-4":["https:\/\/espacoecologico.com.br\/arquivo\/wp-content\/uploads\/2020\/08\/orangotango.jpg",415,265,false]},"uagb_author_info":{"display_name":"","author_link":"https:\/\/espacoecologico.com.br\/arquivo\/author\/"},"uagb_comment_info":0,"uagb_excerpt":"Dois orangotangos em perigo cr\u00edtico foram resgatados do cativeiro na ilha de Java, na\u00a0Indon\u00e9sia, e","_links":{"self":[{"href":"https:\/\/espacoecologico.com.br\/arquivo\/wp-json\/wp\/v2\/posts\/132316"}],"collection":[{"href":"https:\/\/espacoecologico.com.br\/arquivo\/wp-json\/wp\/v2\/posts"}],"about":[{"href":"https:\/\/espacoecologico.com.br\/arquivo\/wp-json\/wp\/v2\/types\/post"}],"author":[{"embeddable":true,"href":"https:\/\/espacoecologico.com.br\/arquivo\/wp-json\/wp\/v2\/users\/2"}],"replies":[{"embeddable":true,"href":"https:\/\/espacoecologico.com.br\/arquivo\/wp-json\/wp\/v2\/comments?post=132316"}],"version-history":[{"count":0,"href":"https:\/\/espacoecologico.com.br\/arquivo\/wp-json\/wp\/v2\/posts\/132316\/revisions"}],"wp:featuredmedia":[{"embeddable":true,"href":"https:\/\/espacoecologico.com.br\/arquivo\/wp-json\/wp\/v2\/media\/132317"}],"wp:attachment":[{"href":"https:\/\/espacoecologico.com.br\/arquivo\/wp-json\/wp\/v2\/media?parent=132316"}],"wp:term":[{"taxonomy":"category","embeddable":true,"href":"https:\/\/espacoecologico.com.br\/arquivo\/wp-json\/wp\/v2\/categories?post=132316"},{"taxonomy":"post_tag","embeddable":true,"href":"https:\/\/espacoecologico.com.br\/arquivo\/wp-json\/wp\/v2\/tags?post=132316"}],"curies":[{"name":"wp","href":"https:\/\/api.w.org\/{rel}","templated":true}]}}