{"id":132313,"date":"2020-08-18T13:55:58","date_gmt":"2020-08-18T16:55:58","guid":{"rendered":"https:\/\/espacoecologico.com.br\/arquivo\/?p=132313"},"modified":"2020-08-18T13:55:58","modified_gmt":"2020-08-18T16:55:58","slug":"perda-de-gelo-na-groenlandia-aumentara-nivel-do-mar-em-10-centimetros","status":"publish","type":"post","link":"https:\/\/espacoecologico.com.br\/arquivo\/perda-de-gelo-na-groenlandia-aumentara-nivel-do-mar-em-10-centimetros\/","title":{"rendered":"Perda de gelo na Groenl\u00e2ndia aumentar\u00e1 n\u00edvel do mar em 10 cent\u00edmetros"},"content":{"rendered":"<p><a href=\"https:\/\/espacoecologico.com.br\/arquivo\/wp-content\/uploads\/2020\/08\/geleira.jpg\"><img loading=\"lazy\" class=\"alignleft size-medium wp-image-132314\" src=\"https:\/\/espacoecologico.com.br\/arquivo\/wp-content\/uploads\/2020\/08\/geleira-300x192.jpg\" alt=\"\" width=\"300\" height=\"192\" srcset=\"https:\/\/espacoecologico.com.br\/arquivo\/wp-content\/uploads\/2020\/08\/geleira-300x192.jpg 300w, https:\/\/espacoecologico.com.br\/arquivo\/wp-content\/uploads\/2020\/08\/geleira.jpg 415w\" sizes=\"(max-width: 300px) 100vw, 300px\" \/><\/a>Caso as tend\u00eancias ao\u00a0<a href=\"https:\/\/revistagalileu.globo.com\/Ciencia\/Meio-Ambiente\/noticia\/2019\/07\/aquecimento-global-e-mais-grave-do-que-qualquer-evento-climatico-nos-ultimos-2-mil-anos.html\">aquecimento global<\/a>\u00a0continuem, o\u00a0<a href=\"https:\/\/revistagalileu.globo.com\/Ciencia\/Meio-Ambiente\/noticia\/2019\/09\/derretimento-de-geleiras-por-aquecimento-global-revela-5-ilhas-na-russia.html\">derretimento de camadas de gelo<\/a>\u00a0na Groenl\u00e2ndia poder\u00e1 provocar um aumento global de ao menos 10 cent\u00edmetros no\u00a0<a href=\"https:\/\/revistagalileu.globo.com\/Ciencia\/noticia\/2018\/10\/nivel-do-mar-pode-aumentar-15-metros-ate-2300-alerta-estudo.html\">n\u00edvel do mar<\/a>\u00a0at\u00e9 o fim do s\u00e9culo 21. A previs\u00e3o \u00e9 fruto de um nova an\u00e1lise\u00a0<a href=\"https:\/\/rmets.onlinelibrary.wiley.com\/doi\/abs\/10.1002\/joc.6771\">publicada em julho no\u00a0<em>International Journal of Climatology<\/em><\/a>, realizada por uma equipe internacional de especialistas em clima e gelereiras.<\/p>\n<p>Segundo os pesquisadores, as estimativas s\u00e3o &#8220;conservadoras&#8221; considerando os poss\u00edveis efeitos devastadores das\u00a0<a href=\"https:\/\/revistagalileu.globo.com\/Ciencia\/noticia\/2020\/01\/6-gifs-representam-principais-mudancas-climaticas-dos-ultimos-140-anos.html\">mudan\u00e7as clim\u00e1ticas<\/a>\u00a0e as v\u00e1rias formas pelas quais a\u00a0<a href=\"https:\/\/revistagalileu.globo.com\/galileu-e-o-clima\/noticia\/2019\/01\/perda-de-gelo-na-antartida-ja-esta-6-vezes-maior-que-nos-anos-70.html\">perda de gelo<\/a> pode ser acelerada. Al\u00e9m disso, a previs\u00e3o \u00e9 consistente com estudos recentes divulgados pelo Painel Intergovernamental sobre Mudan\u00e7as Clim\u00e1ticas (IPCC).<\/p>\n<p><strong>Mudan\u00e7as na Groenl\u00e2ndia<\/strong><\/p>\n<p>Liderados pelo\u00a0professor Edward Hanna, da Universidade de Lincoln, no Reino Unido, os pesquisadores analisaram dados da temperatura do ar da superf\u00edcie da Groenl\u00e2ndia entre 1991 e 2019. Assim, eles notaram que a regi\u00e3o costeira apresentou um aumento de 4,4 \u00baC no inverno e 1,7 \u00baC no ver\u00e3o desse per\u00edodo.<\/p>\n<p>Cruzando essas informa\u00e7\u00f5es com modelos computacionais, os cientistas conclu\u00edram que cada grau Celsius adicional durante o ver\u00e3o equivale a cerca de 91 bilh\u00f5es de toneladas de massa superficial de gelo perdidas por ano (ou uma perda anual de 116 bilh\u00f5es de toneladas de massa total).<\/p>\n<p>Ferramentas de modelagem clim\u00e1tica global e regional tamb\u00e9m permitiram estimar que, at\u00e9 2100, a Groenl\u00e2ndia provavelmente ter\u00e1 um aumento de 4,0 a 6,6 \u00baC em sua temperatura. E isso poder\u00e1 resultar em um crescimento de 10 a 12,5 cent\u00edmetros no n\u00edvel do mar em todo o mundo at\u00e9 o fim deste s\u00e9culo. A an\u00e1lise ressalta como as regi\u00f5es polares s\u00e3o mais sens\u00edveis \u00e0s consequ\u00eancias da mudan\u00e7as clim\u00e1ticas.<\/p>\n<p>&#8220;A camada de gelo da Groenl\u00e2ndia \u00e9 uma das medidas mais sens\u00edveis e confi\u00e1veis \u200b\u200bda mudan\u00e7a clim\u00e1tica global&#8221;, afirma o\u00a0professor Edward Hanna,\u00a0<a href=\"https:\/\/www.lincoln.ac.uk\/news\/2020\/08\/1629.asp\">em comunicado<\/a>. &#8220;Aqui, usamos uma an\u00e1lise estat\u00edstica relativamente simples dos dados e modelos dos \u00faltimos 30 anos como uma verifica\u00e7\u00e3o do senso na previs\u00e3o de futuras mudan\u00e7as na massa da superf\u00edcie do manto de gelo.&#8221;<\/p>\n<p>Al\u00e9m disso, o estudo tamb\u00e9m\u00a0explorou a rela\u00e7\u00e3o entre as mudan\u00e7as de temperatura na Groenl\u00e2ndia com o bloqueio de alta press\u00e3o atmosf\u00e9rica. Esse fen\u00f4meno, que consiste na presen\u00e7a de uma massa de ar\u00a0maior do que o normal posicionada sobre a Groenl\u00e2ndia, desempenhou um papel crucial no derretimento de gelo da regi\u00e3o.<\/p>\n","protected":false},"excerpt":{"rendered":"<p>Caso as tend\u00eancias ao\u00a0aquecimento global\u00a0continuem, o\u00a0derretimento de camadas de gelo\u00a0na Groenl\u00e2ndia poder\u00e1 provocar um aumento<\/p>\n","protected":false},"author":2,"featured_media":132314,"comment_status":"open","ping_status":"open","sticky":false,"template":"","format":"standard","meta":[],"categories":[],"tags":[],"uagb_featured_image_src":{"full":["https:\/\/espacoecologico.com.br\/arquivo\/wp-content\/uploads\/2020\/08\/geleira.jpg",415,265,false],"thumbnail":["https:\/\/espacoecologico.com.br\/arquivo\/wp-content\/uploads\/2020\/08\/geleira-150x150.jpg",150,150,true],"medium":["https:\/\/espacoecologico.com.br\/arquivo\/wp-content\/uploads\/2020\/08\/geleira-300x192.jpg",300,192,true],"medium_large":["https:\/\/espacoecologico.com.br\/arquivo\/wp-content\/uploads\/2020\/08\/geleira.jpg",415,265,false],"large":["https:\/\/espacoecologico.com.br\/arquivo\/wp-content\/uploads\/2020\/08\/geleira.jpg",415,265,false],"1536x1536":["https:\/\/espacoecologico.com.br\/arquivo\/wp-content\/uploads\/2020\/08\/geleira.jpg",415,265,false],"2048x2048":["https:\/\/espacoecologico.com.br\/arquivo\/wp-content\/uploads\/2020\/08\/geleira.jpg",415,265,false],"cream-magazine-thumbnail-2":["https:\/\/espacoecologico.com.br\/arquivo\/wp-content\/uploads\/2020\/08\/geleira.jpg",415,265,false],"cream-magazine-thumbnail-3":["https:\/\/espacoecologico.com.br\/arquivo\/wp-content\/uploads\/2020\/08\/geleira.jpg",415,265,false],"cream-magazine-thumbnail-4":["https:\/\/espacoecologico.com.br\/arquivo\/wp-content\/uploads\/2020\/08\/geleira.jpg",415,265,false]},"uagb_author_info":{"display_name":"","author_link":"https:\/\/espacoecologico.com.br\/arquivo\/author\/"},"uagb_comment_info":0,"uagb_excerpt":"Caso as tend\u00eancias ao\u00a0aquecimento global\u00a0continuem, o\u00a0derretimento de camadas de gelo\u00a0na Groenl\u00e2ndia poder\u00e1 provocar um aumento","_links":{"self":[{"href":"https:\/\/espacoecologico.com.br\/arquivo\/wp-json\/wp\/v2\/posts\/132313"}],"collection":[{"href":"https:\/\/espacoecologico.com.br\/arquivo\/wp-json\/wp\/v2\/posts"}],"about":[{"href":"https:\/\/espacoecologico.com.br\/arquivo\/wp-json\/wp\/v2\/types\/post"}],"author":[{"embeddable":true,"href":"https:\/\/espacoecologico.com.br\/arquivo\/wp-json\/wp\/v2\/users\/2"}],"replies":[{"embeddable":true,"href":"https:\/\/espacoecologico.com.br\/arquivo\/wp-json\/wp\/v2\/comments?post=132313"}],"version-history":[{"count":0,"href":"https:\/\/espacoecologico.com.br\/arquivo\/wp-json\/wp\/v2\/posts\/132313\/revisions"}],"wp:featuredmedia":[{"embeddable":true,"href":"https:\/\/espacoecologico.com.br\/arquivo\/wp-json\/wp\/v2\/media\/132314"}],"wp:attachment":[{"href":"https:\/\/espacoecologico.com.br\/arquivo\/wp-json\/wp\/v2\/media?parent=132313"}],"wp:term":[{"taxonomy":"category","embeddable":true,"href":"https:\/\/espacoecologico.com.br\/arquivo\/wp-json\/wp\/v2\/categories?post=132313"},{"taxonomy":"post_tag","embeddable":true,"href":"https:\/\/espacoecologico.com.br\/arquivo\/wp-json\/wp\/v2\/tags?post=132313"}],"curies":[{"name":"wp","href":"https:\/\/api.w.org\/{rel}","templated":true}]}}